{"id":109173,"date":"2017-12-19T11:47:22","date_gmt":"2017-12-19T14:47:22","guid":{"rendered":"http:\/\/senoticias.com.br\/se\/?p=109173"},"modified":"2017-12-19T11:47:22","modified_gmt":"2017-12-19T14:47:22","slug":"secult-lanca-edital-para-o-iv-festival-sergipano-de-artes-cenicas","status":"publish","type":"post","link":"https:\/\/senoticias.com.br\/se\/secult-lanca-edital-para-o-iv-festival-sergipano-de-artes-cenicas\/","title":{"rendered":"Secult lan\u00e7a Edital para o IV Festival Sergipano de Artes C\u00eanicas"},"content":{"rendered":"<p class=\"m_8684621707663189916gmail-MsoNormal\" style=\"text-align: justify;\">O ano de 2018 ainda nem chegou ao fim, mas os preparativos para o IV Festival Sergipano de Artes C\u00eanicas j\u00e1 est\u00e3o ocorrendo. Nesta ter\u00e7a-feira, 19 de dezembro, a Secretaria de Estado da Cultura (Secult) lan\u00e7ou o Edital de Sele\u00e7\u00e3o do Festival que acontece entre os dias 27 de mar\u00e7o a 30 de abril do pr\u00f3ximo reunindo diversos espet\u00e1culos de circo, dan\u00e7a e teatro, al\u00e9m de oficinas e outras atividades da \u00e1rea.<\/p>\n<div id=\"attachment_109175\" style=\"width: 609px\" class=\"wp-caption aligncenter\"><a href=\"http:\/\/senoticias.com.br\/se\/wp-content\/uploads\/2017\/12\/Secult.jpg\"><img loading=\"lazy\" decoding=\"async\" aria-describedby=\"caption-attachment-109175\" class=\"size-full wp-image-109175\" src=\"http:\/\/senoticias.com.br\/se\/wp-content\/uploads\/2017\/12\/Secult-e1513694502950.jpg\" alt=\"Inscri\u00e7\u00f5es para artistas do circo, dan\u00e7a e teatro segue abertas at\u00e9 o dia 01de fevereiro\" width=\"599\" height=\"400\" \/><\/a><p id=\"caption-attachment-109175\" class=\"wp-caption-text\">Inscri\u00e7\u00f5es para artistas do circo, dan\u00e7a e teatro segue abertas at\u00e9 o dia 01 de fevereiro (foto: Pritty Reis\/Secult)<\/p><\/div>\n<p class=\"m_8684621707663189916gmail-MsoNormal\" style=\"text-align: justify;\">O processo seletivo est\u00e1 dividido em categorias, sendo composto por espet\u00e1culos em grupos e mon\u00f3logos, seja de Sergipe, Regi\u00e3o Nordeste ou de Repercuss\u00e3o Nacional, al\u00e9m da tradicional Maratona de Dan\u00e7a. Este ano o edital tamb\u00e9m abrange novas categorias, a exemplo de escolas de dan\u00e7a, teatro e circo, e da categoria Demanda Espont\u00e2nea, que ir\u00e1 selecionar at\u00e9 tr\u00eas projetos culturais que envolvam express\u00f5es como teatro, dan\u00e7a, circo, m\u00fasica, cinema, audiovisual ou grupos culturais.<\/p>\n<p class=\"m_8684621707663189916gmail-MsoNormal\" style=\"text-align: justify;\">Todas as informa\u00e7\u00f5es, assim como a ficha de inscri\u00e7\u00e3o e o edital completo est\u00e3o dispon\u00edveis no site\u00a0<a href=\"http:\/\/www.cultura.se.gov.br\/\" target=\"_blank\" data-saferedirecturl=\"https:\/\/www.google.com\/url?hl=pt-BR&amp;q=http:\/\/www.cultura.se.gov.br\/&amp;source=gmail&amp;ust=1513780577755000&amp;usg=AFQjCNGVNgHbwGvUpeHFfkGgC27GqI79Ew\">www.cultura.se.gov.br<\/a>. D\u00favidas em rela\u00e7\u00e3o ao edital podem ser encaminhadas pelo e-mail\u00a0<a href=\"mailto:secultse@gmail.com\" target=\"_blank\">secultse@gmail.com<\/a>, pelo telefone (79) 3198-7806, no hor\u00e1rio das 09 \u00e0s 12h, ou presencialmente no N\u00facleo de Projetos Culturais da Secretaria de Estado da Cultura, localizada na Rua Vila Cristina, 1051, em Aracaju.<\/p>\n<p class=\"m_8684621707663189916gmail-MsoNormal\" style=\"text-align: justify;\">\u00a0<b>Sobre o Festival<\/b><\/p>\n<p class=\"m_8684621707663189916gmail-MsoNormal\" style=\"text-align: justify;\">A caminho da sua quarta edi\u00e7\u00e3o, o Festival Sergipano de Artes C\u00eanicas envolve espet\u00e1culos de dan\u00e7a, teatro e circo, que s\u00e3o apresentados em diversos teatros e espa\u00e7os p\u00fablicos de Aracaju. Viabilizado pelo Fundo de Desenvolvimento Cultural e Art\u00edstico (Funcart), o evento engloba dois outros festivais que antes aconteciam separadamente: o Festival Sergipano de Teatro e a Semana de Dan\u00e7a.\u00a0 Al\u00e9m de apoiar o artista, o evento tamb\u00e9m busca incentivar a forma\u00e7\u00e3o de plateia, atingindo diversos gostos e faixas et\u00e1rias e levando diferentes express\u00f5es art\u00edsticas e culturais ao p\u00fablico.<\/p>\n<p class=\"m_8684621707663189916gmail-MsoNormal\" style=\"text-align: justify;\">\n<p class=\"m_8684621707663189916gmail-MsoNormal\" style=\"text-align: justify;\"><a href=\"http:\/\/senoticias.com.br\/se\/wp-content\/uploads\/2017\/12\/Logomarca-fone-SE-4-1.jpg\"><img loading=\"lazy\" decoding=\"async\" class=\"aligncenter size-full wp-image-108992\" src=\"http:\/\/senoticias.com.br\/se\/wp-content\/uploads\/2017\/12\/Logomarca-fone-SE-4-1.jpg\" alt=\"Logomarca-fone-SE-4\" width=\"599\" height=\"78\" srcset=\"https:\/\/senoticias.com.br\/se\/wp-content\/uploads\/2017\/12\/Logomarca-fone-SE-4-1.jpg 599w, https:\/\/senoticias.com.br\/se\/wp-content\/uploads\/2017\/12\/Logomarca-fone-SE-4-1-300x39.jpg 300w\" sizes=\"(max-width: 599px) 100vw, 599px\" \/><\/a><\/p>\n<p class=\"m_8684621707663189916gmail-MsoNormal\" style=\"text-align: justify;\">\n<p class=\"m_8684621707663189916gmail-MsoNormal\" style=\"text-align: justify;\">\n<p class=\"m_8684621707663189916gmail-MsoNormal\" style=\"text-align: justify;\"><em><strong>Acompanhe tamb\u00e9m o SE Not\u00edcias no\u00a0<a href=\"https:\/\/twitter.com\/Senoticias\" target=\"_blank\">Twitter<\/a>,\u00a0<a href=\"https:\/\/www.facebook.com\/senoticias1\" target=\"_blank\">Facebook<\/a>\u00a0e no\u00a0<a href=\"https:\/\/www.instagram.com\/senoticias\/\" target=\"_blank\">Instagram<\/a>\u00a0<\/strong><\/em><\/p>\n<p class=\"m_8684621707663189916gmail-MsoNormal\" style=\"text-align: justify;\">\n<p class=\"m_8684621707663189916gmail-MsoNormal\" style=\"text-align: justify;\"><em>Ascom\/Secult<\/em><\/p>\n","protected":false},"excerpt":{"rendered":"<p>O ano de 2018 ainda nem chegou ao fim, mas os preparativos para o IV Festival Sergipano de Artes C\u00eanicas j\u00e1 est\u00e3o ocorrendo. Nesta ter\u00e7a-feira, 19 de dezembro, a Secretaria de Estado da Cultura (Secult) lan\u00e7ou o Edital de Sele\u00e7\u00e3o do Festival que acontece entre os dias 27 de mar\u00e7o a 30 de abril do [&hellip;]<\/p>\n","protected":false},"author":2,"featured_media":109175,"comment_status":"closed","ping_status":"closed","sticky":false,"template":"","format":"standard","meta":{"footnotes":""},"categories":[21],"tags":[3016,7660,7659,618],"class_list":{"0":"post-109173","1":"post","2":"type-post","3":"status-publish","4":"format-standard","5":"has-post-thumbnail","7":"category-entretenimento","8":"tag-artes-cenicas","9":"tag-iv-festival-sergipano","10":"tag-iv-festival-sergipano-de-artes-cenicas","11":"tag-secult"},"_links":{"self":[{"href":"https:\/\/senoticias.com.br\/se\/wp-json\/wp\/v2\/posts\/109173"}],"collection":[{"href":"https:\/\/senoticias.com.br\/se\/wp-json\/wp\/v2\/posts"}],"about":[{"href":"https:\/\/senoticias.com.br\/se\/wp-json\/wp\/v2\/types\/post"}],"author":[{"embeddable":true,"href":"https:\/\/senoticias.com.br\/se\/wp-json\/wp\/v2\/users\/2"}],"replies":[{"embeddable":true,"href":"https:\/\/senoticias.com.br\/se\/wp-json\/wp\/v2\/comments?post=109173"}],"version-history":[{"count":0,"href":"https:\/\/senoticias.com.br\/se\/wp-json\/wp\/v2\/posts\/109173\/revisions"}],"wp:featuredmedia":[{"embeddable":true,"href":"https:\/\/senoticias.com.br\/se\/wp-json\/wp\/v2\/media\/109175"}],"wp:attachment":[{"href":"https:\/\/senoticias.com.br\/se\/wp-json\/wp\/v2\/media?parent=109173"}],"wp:term":[{"taxonomy":"category","embeddable":true,"href":"https:\/\/senoticias.com.br\/se\/wp-json\/wp\/v2\/categories?post=109173"},{"taxonomy":"post_tag","embeddable":true,"href":"https:\/\/senoticias.com.br\/se\/wp-json\/wp\/v2\/tags?post=109173"}],"curies":[{"name":"wp","href":"https:\/\/api.w.org\/{rel}","templated":true}]}}