{"id":109142,"date":"2017-12-18T09:13:21","date_gmt":"2017-12-18T12:13:21","guid":{"rendered":"http:\/\/senoticias.com.br\/se\/?p=109142"},"modified":"2017-12-18T10:19:51","modified_gmt":"2017-12-18T13:19:51","slug":"idoso-e-espancado-ate-a-morte-em-sao-cristovao","status":"publish","type":"post","link":"https:\/\/senoticias.com.br\/se\/idoso-e-espancado-ate-a-morte-em-sao-cristovao\/","title":{"rendered":"Idoso de 74 anos \u00e9 espancado at\u00e9 a morte na Zona Rural S\u00e3o Crist\u00f3v\u00e3o"},"content":{"rendered":"<p style=\"text-align: justify;\"><span style=\"color: #000000;\">A Divis\u00e3o de Homic\u00eddios e Prote\u00e7\u00e3o \u00e0 Pessoa (DHPP) da Pol\u00edcia Civil de Sergipe abriu inqu\u00e9rito para investigar o brutal assassinato do idoso Cl\u00e9lio Ger\u00f4nimo de Jesus de 74 anos, que morreu em decorr\u00eancia de espancamento na noite deste domingo (17),\u00a0no Povoado Timb\u00f3,\u00a0na Zona Rural do munic\u00edpio de S\u00e3o Crist\u00f3v\u00e3o.<\/span><\/p>\n<p style=\"text-align: justify;\"><span style=\"color: #000000;\">Segundo relat\u00f3rio do Instituto M\u00e9dico Legal de Sergipe (IML), a v\u00edtima teve diversas fraturas pelo corpo.\u00a0<\/span><\/p>\n<div id=\"attachment_108951\" style=\"width: 609px\" class=\"wp-caption aligncenter\"><a style=\"color: #000000;\" href=\"http:\/\/senoticias.com.br\/se\/wp-content\/uploads\/2017\/12\/iml-SENOTICIAS.jpeg\"><img loading=\"lazy\" decoding=\"async\" aria-describedby=\"caption-attachment-108951\" class=\"size-full wp-image-108951\" src=\"http:\/\/senoticias.com.br\/se\/wp-content\/uploads\/2017\/12\/iml-SENOTICIAS.jpeg\" alt=\"Foto: arquivo\/M\u00e1rcio Garcez\" width=\"599\" height=\"399\" srcset=\"https:\/\/senoticias.com.br\/se\/wp-content\/uploads\/2017\/12\/iml-SENOTICIAS.jpeg 599w, https:\/\/senoticias.com.br\/se\/wp-content\/uploads\/2017\/12\/iml-SENOTICIAS-300x200.jpeg 300w, https:\/\/senoticias.com.br\/se\/wp-content\/uploads\/2017\/12\/iml-SENOTICIAS-90x60.jpeg 90w, https:\/\/senoticias.com.br\/se\/wp-content\/uploads\/2017\/12\/iml-SENOTICIAS-180x120.jpeg 180w, https:\/\/senoticias.com.br\/se\/wp-content\/uploads\/2017\/12\/iml-SENOTICIAS-95x64.jpeg 95w\" sizes=\"(max-width: 599px) 100vw, 599px\" \/><\/a><p id=\"caption-attachment-108951\" class=\"wp-caption-text\"><span style=\"color: #000000;\">Foto: arquivo\/M\u00e1rcio Garcez<\/span><\/p><\/div>\n<p style=\"text-align: justify;\"><strong><span style=\"color: #000000;\">Dados da viol\u00eancia no munic\u00edpio<\/span><\/strong><\/p>\n<p style=\"text-align: justify;\"><span style=\"color: #000000;\">A cidade estava h\u00e1 20 dias sem registros de mortes violentas. Com esse caso, S\u00e3o Crist\u00f3v\u00e3o j\u00e1 contabiliza 83 mortes desde o in\u00edcio deste ano.<\/span><\/p>\n<p style=\"text-align: justify;\"><a href=\"http:\/\/senoticias.com.br\/se\/wp-content\/uploads\/2017\/12\/Logomarca-fone-SE-4-1.jpg\"><img loading=\"lazy\" decoding=\"async\" class=\"aligncenter size-full wp-image-108992\" src=\"http:\/\/senoticias.com.br\/se\/wp-content\/uploads\/2017\/12\/Logomarca-fone-SE-4-1.jpg\" alt=\"Logomarca-fone-SE-4\" width=\"599\" height=\"78\" srcset=\"https:\/\/senoticias.com.br\/se\/wp-content\/uploads\/2017\/12\/Logomarca-fone-SE-4-1.jpg 599w, https:\/\/senoticias.com.br\/se\/wp-content\/uploads\/2017\/12\/Logomarca-fone-SE-4-1-300x39.jpg 300w\" sizes=\"(max-width: 599px) 100vw, 599px\" \/><\/a><\/p>\n<p><em><strong>Acompanhe tamb\u00e9m o SE Not\u00edcias no\u00a0<a href=\"https:\/\/twitter.com\/Senoticias\" target=\"_blank\">Twitter<\/a>,\u00a0<a href=\"https:\/\/www.facebook.com\/senoticias1\" target=\"_blank\">Facebook<\/a>\u00a0e no\u00a0<a href=\"https:\/\/www.instagram.com\/senoticias\/\" target=\"_blank\">Instagram<\/a>\u00a0<\/strong><\/em><\/p>\n<p><strong>Da Reda\u00e7\u00e3o do SE Not\u00edcias<\/strong><\/p>\n","protected":false},"excerpt":{"rendered":"<p>A Divis\u00e3o de Homic\u00eddios e Prote\u00e7\u00e3o \u00e0 Pessoa (DHPP) da Pol\u00edcia Civil de Sergipe abriu inqu\u00e9rito para investigar o brutal assassinato do idoso Cl\u00e9lio Ger\u00f4nimo de Jesus de 74 anos, que morreu em decorr\u00eancia de espancamento na noite deste domingo (17),\u00a0no Povoado Timb\u00f3,\u00a0na Zona Rural do munic\u00edpio de S\u00e3o Crist\u00f3v\u00e3o. Segundo relat\u00f3rio do Instituto M\u00e9dico [&hellip;]<\/p>\n","protected":false},"author":2,"featured_media":0,"comment_status":"closed","ping_status":"closed","sticky":false,"template":"","format":"standard","meta":{"footnotes":""},"categories":[15,7],"tags":[5439,2577,5483,1303,2987],"class_list":{"0":"post-109142","1":"post","2":"type-post","3":"status-publish","4":"format-standard","6":"category-destaques","7":"category-policia","8":"tag-idoso","9":"tag-iml","10":"tag-mortes","11":"tag-policia","12":"tag-saocristovao"},"_links":{"self":[{"href":"https:\/\/senoticias.com.br\/se\/wp-json\/wp\/v2\/posts\/109142"}],"collection":[{"href":"https:\/\/senoticias.com.br\/se\/wp-json\/wp\/v2\/posts"}],"about":[{"href":"https:\/\/senoticias.com.br\/se\/wp-json\/wp\/v2\/types\/post"}],"author":[{"embeddable":true,"href":"https:\/\/senoticias.com.br\/se\/wp-json\/wp\/v2\/users\/2"}],"replies":[{"embeddable":true,"href":"https:\/\/senoticias.com.br\/se\/wp-json\/wp\/v2\/comments?post=109142"}],"version-history":[{"count":0,"href":"https:\/\/senoticias.com.br\/se\/wp-json\/wp\/v2\/posts\/109142\/revisions"}],"wp:attachment":[{"href":"https:\/\/senoticias.com.br\/se\/wp-json\/wp\/v2\/media?parent=109142"}],"wp:term":[{"taxonomy":"category","embeddable":true,"href":"https:\/\/senoticias.com.br\/se\/wp-json\/wp\/v2\/categories?post=109142"},{"taxonomy":"post_tag","embeddable":true,"href":"https:\/\/senoticias.com.br\/se\/wp-json\/wp\/v2\/tags?post=109142"}],"curies":[{"name":"wp","href":"https:\/\/api.w.org\/{rel}","templated":true}]}}