{"id":109138,"date":"2017-12-18T08:37:21","date_gmt":"2017-12-18T11:37:21","guid":{"rendered":"http:\/\/senoticias.com.br\/se\/?p=109138"},"modified":"2017-12-18T08:37:21","modified_gmt":"2017-12-18T11:37:21","slug":"policia-liberta-vitima-de-sequestro-apreende-2-revolveres-e-recupera-objetos-em-sao-cristovao","status":"publish","type":"post","link":"https:\/\/senoticias.com.br\/se\/policia-liberta-vitima-de-sequestro-apreende-2-revolveres-e-recupera-objetos-em-sao-cristovao\/","title":{"rendered":"Pol\u00edcia liberta v\u00edtima de sequestro, apreende 2 rev\u00f3lveres e recupera objetos em S\u00e3o Crist\u00f3v\u00e3o"},"content":{"rendered":"<p style=\"text-align: justify;\"><span style=\"color: #000000;\">A Pol\u00edcia Militar, atrav\u00e9s do Batalh\u00e3o de Pol\u00edcia de Radiopatrulha (BPRp), realizou no s\u00e1bado, 16, por volta das 13h10, a liberta\u00e7\u00e3o de uma v\u00edtima de sequestro, al\u00e9m da apreens\u00e3o de dois rev\u00f3lveres e a recupera\u00e7\u00e3o de objetos furtados, no Povoado Aningas, em S\u00e3o Crist\u00f3v\u00e3o.<\/span><\/p>\n<div id=\"attachment_109139\" style=\"width: 609px\" class=\"wp-caption aligncenter\"><a href=\"http:\/\/senoticias.com.br\/se\/wp-content\/uploads\/2017\/12\/policia-SENOTICIAS-e1513596965856.png\"><img loading=\"lazy\" decoding=\"async\" aria-describedby=\"caption-attachment-109139\" class=\"size-full wp-image-109139\" src=\"http:\/\/senoticias.com.br\/se\/wp-content\/uploads\/2017\/12\/policia-SENOTICIAS-e1513596965856.png\" alt=\"Foto: SSP\" width=\"599\" height=\"344\" \/><\/a><p id=\"caption-attachment-109139\" class=\"wp-caption-text\">Foto: SSP<\/p><\/div>\n<p style=\"text-align: justify;\">\n<span style=\"color: #000000;\">As a\u00e7\u00f5es foram efetivadas pelas equipes do BPRp quando realizavam o policiamento ostensivo. Elas foram acionadas por populares acerca da invas\u00e3o de uma resid\u00eancia por tr\u00eas infratores, os quais subtra\u00edram diversos objetos, inclusive uma carro\u00e7a. Ao constatar o furto, a v\u00edtima, juntamente com outro cidad\u00e3o, resolveu perseguir os infratores em um ve\u00edculo VW, Saveiro, HZX &#8211; 5094. Ap\u00f3s se depararem com os infratores, estes amea\u00e7aram com armas de fogo o motorista do ve\u00edculo, obrigando-o a fugir do local.<\/span><\/p>\n<p style=\"text-align: justify;\">\n<span style=\"color: #000000;\">Pouco tempo depois, as equipes que estavam em dilig\u00eancias se depararam com o ve\u00edculo em fuga, o qual foi interceptado, iniciando troca de tiros, momento em que os infratores lograram \u00eaxito na fuga, por\u00e9m no local foi libertada a v\u00edtima e foram apreendidos dois rev\u00f3lveres cal. 38 mm, com 4 muni\u00e7\u00f5es deflagradas, al\u00e9m disso foram recuperados diversos objetos furtados da resid\u00eancia. O caso foi encaminhado \u00e0 Deplan Sul.<\/span><\/p>\n<p style=\"text-align: justify;\">\n<p style=\"text-align: justify;\">\n<p style=\"text-align: justify;\"><a href=\"http:\/\/senoticias.com.br\/se\/wp-content\/uploads\/2017\/12\/Logomarca-fone-SE-4-1.jpg\"><img loading=\"lazy\" decoding=\"async\" class=\"aligncenter size-full wp-image-108992\" src=\"http:\/\/senoticias.com.br\/se\/wp-content\/uploads\/2017\/12\/Logomarca-fone-SE-4-1.jpg\" alt=\"Logomarca-fone-SE-4\" width=\"599\" height=\"78\" srcset=\"https:\/\/senoticias.com.br\/se\/wp-content\/uploads\/2017\/12\/Logomarca-fone-SE-4-1.jpg 599w, https:\/\/senoticias.com.br\/se\/wp-content\/uploads\/2017\/12\/Logomarca-fone-SE-4-1-300x39.jpg 300w\" sizes=\"(max-width: 599px) 100vw, 599px\" \/><\/a><\/p>\n<p style=\"text-align: justify;\"><em><strong>Acompanhe tamb\u00e9m o SE Not\u00edcias no\u00a0<a href=\"https:\/\/twitter.com\/Senoticias\" target=\"_blank\">Twitter<\/a>,\u00a0<a href=\"https:\/\/www.facebook.com\/senoticias1\" target=\"_blank\">Facebook<\/a>\u00a0e no\u00a0<a href=\"https:\/\/www.instagram.com\/senoticias\/\" target=\"_blank\">Instagram<\/a>\u00a0<\/strong><\/em><\/p>\n<p style=\"text-align: justify;\">Por SSP<\/p>\n<p style=\"text-align: justify;\">\n","protected":false},"excerpt":{"rendered":"<p>A Pol\u00edcia Militar, atrav\u00e9s do Batalh\u00e3o de Pol\u00edcia de Radiopatrulha (BPRp), realizou no s\u00e1bado, 16, por volta das 13h10, a liberta\u00e7\u00e3o de uma v\u00edtima de sequestro, al\u00e9m da apreens\u00e3o de dois rev\u00f3lveres e a recupera\u00e7\u00e3o de objetos furtados, no Povoado Aningas, em S\u00e3o Crist\u00f3v\u00e3o. As a\u00e7\u00f5es foram efetivadas pelas equipes do BPRp quando realizavam o [&hellip;]<\/p>\n","protected":false},"author":2,"featured_media":0,"comment_status":"closed","ping_status":"closed","sticky":false,"template":"","format":"standard","meta":{"footnotes":""},"categories":[15,7],"tags":[2953,4127,1303,335,7640],"class_list":{"0":"post-109138","1":"post","2":"type-post","3":"status-publish","4":"format-standard","6":"category-destaques","7":"category-policia","8":"tag-apreensao","9":"tag-militar","10":"tag-policia","11":"tag-sao-cristovao","12":"tag-sequestro"},"_links":{"self":[{"href":"https:\/\/senoticias.com.br\/se\/wp-json\/wp\/v2\/posts\/109138"}],"collection":[{"href":"https:\/\/senoticias.com.br\/se\/wp-json\/wp\/v2\/posts"}],"about":[{"href":"https:\/\/senoticias.com.br\/se\/wp-json\/wp\/v2\/types\/post"}],"author":[{"embeddable":true,"href":"https:\/\/senoticias.com.br\/se\/wp-json\/wp\/v2\/users\/2"}],"replies":[{"embeddable":true,"href":"https:\/\/senoticias.com.br\/se\/wp-json\/wp\/v2\/comments?post=109138"}],"version-history":[{"count":0,"href":"https:\/\/senoticias.com.br\/se\/wp-json\/wp\/v2\/posts\/109138\/revisions"}],"wp:attachment":[{"href":"https:\/\/senoticias.com.br\/se\/wp-json\/wp\/v2\/media?parent=109138"}],"wp:term":[{"taxonomy":"category","embeddable":true,"href":"https:\/\/senoticias.com.br\/se\/wp-json\/wp\/v2\/categories?post=109138"},{"taxonomy":"post_tag","embeddable":true,"href":"https:\/\/senoticias.com.br\/se\/wp-json\/wp\/v2\/tags?post=109138"}],"curies":[{"name":"wp","href":"https:\/\/api.w.org\/{rel}","templated":true}]}}