{"id":109129,"date":"2017-12-17T19:15:53","date_gmt":"2017-12-17T22:15:53","guid":{"rendered":"http:\/\/senoticias.com.br\/se\/?p=109129"},"modified":"2017-12-17T19:18:05","modified_gmt":"2017-12-17T22:18:05","slug":"devinho-novaes-sera-a-atracao-principal-da-festa-do-caranguejo","status":"publish","type":"post","link":"https:\/\/senoticias.com.br\/se\/devinho-novaes-sera-a-atracao-principal-da-festa-do-caranguejo\/","title":{"rendered":"Devinho Novaes ser\u00e1 a atra\u00e7\u00e3o principal da Festa do Caranguejo"},"content":{"rendered":"<p style=\"text-align: justify;\">Devinho Novaes \u00e9 uma das atra\u00e7\u00f5es da <strong>23\u00aa Festa do Caranguejo<\/strong>, nesta segunda-feira (18), que tamb\u00e9m ter\u00e1 shows com Fumo de Gastro, Pedrinho do Teclado e Klessinha Sanddys.<\/p>\n<p style=\"text-align: justify;\">A festa come\u00e7ou no s\u00e1bado e ser\u00e1 finalizada nesta segunda-feira. Os shows acontecem a partir das 13 horas no Povoado Ilha de Men de S\u00e1, distante 23 km da sede do munic\u00edpio de Itaporanga D&#8217;Ajuda.<\/p>\n<div id=\"attachment_109130\" style=\"width: 609px\" class=\"wp-caption aligncenter\"><a href=\"http:\/\/senoticias.com.br\/se\/wp-content\/uploads\/2017\/12\/festa-e1513548625910.jpg\"><img loading=\"lazy\" decoding=\"async\" aria-describedby=\"caption-attachment-109130\" class=\"size-full wp-image-109130\" src=\"http:\/\/senoticias.com.br\/se\/wp-content\/uploads\/2017\/12\/festa-e1513548625910.jpg\" alt=\"A festa \u00e9 realizada pela Associa\u00e7\u00e3o de moradores da Ilha Mem de S\u00e1, e conta com o apoio de comerciantes locais e da Prefeitura de Itaporanga. (Foto: Ascom\/divulga\u00e7\u00e3o) \" width=\"599\" height=\"517\" \/><\/a><p id=\"caption-attachment-109130\" class=\"wp-caption-text\">A festa \u00e9 realizada pela Associa\u00e7\u00e3o de moradores da Ilha Mem de S\u00e1, e conta com o apoio de comerciantes locais e da Prefeitura de Itaporanga (foto arte: divulga\u00e7\u00e3o)<\/p><\/div>\n<p><strong>Ilha Men de S\u00e1<\/strong><\/p>\n<p style=\"text-align: justify;\">A Comunidade Men de S\u00e1 \u00e9 uma ilha fluvial do Rio Paru\u00ed, afluente do Rio Vaza-Barris, distante 23 km da sede do munic\u00edpio e 53 km da capital do Estado de Sergipe, Aracaju. A Ilha Men de S\u00e1 \u00e9 formado por uma popula\u00e7\u00e3o de aproximadamente 75 fam\u00edlias (em torno de 375 pessoas) que vivem h\u00e1 d\u00e9cadas em situa\u00e7\u00e3o de isolamento geogr\u00e1fico em rela\u00e7\u00e3o ao seu munic\u00edpio. A Ilha Men de S\u00e1 \u00e9 habitada por comunidades tradicionais de pescadores. Os moradores ainda preservam as cren\u00e7as e culturas dos povos antigos como as lendas, dan\u00e7as, cantigas e tradi\u00e7\u00f5es, fatores que devem ser incentivados e valorizados.<\/p>\n<p style=\"text-align: justify;\"><a href=\"http:\/\/senoticias.com.br\/se\/wp-content\/uploads\/2017\/12\/Logomarca-fone-SE-4-1.jpg\"><img loading=\"lazy\" decoding=\"async\" class=\"aligncenter size-full wp-image-108992\" src=\"http:\/\/senoticias.com.br\/se\/wp-content\/uploads\/2017\/12\/Logomarca-fone-SE-4-1.jpg\" alt=\"Logomarca-fone-SE-4\" width=\"599\" height=\"78\" srcset=\"https:\/\/senoticias.com.br\/se\/wp-content\/uploads\/2017\/12\/Logomarca-fone-SE-4-1.jpg 599w, https:\/\/senoticias.com.br\/se\/wp-content\/uploads\/2017\/12\/Logomarca-fone-SE-4-1-300x39.jpg 300w\" sizes=\"(max-width: 599px) 100vw, 599px\" \/><\/a><\/p>\n<p style=\"text-align: justify;\"><em><strong>Acompanhe tamb\u00e9m o SE Not\u00edcias no\u00a0<a href=\"https:\/\/twitter.com\/Senoticias\" target=\"_blank\">Twitter<\/a>,\u00a0<a href=\"https:\/\/www.facebook.com\/senoticias1\" target=\"_blank\">Facebook<\/a>\u00a0e no\u00a0<a href=\"https:\/\/www.instagram.com\/senoticias\/\" target=\"_blank\">Instagram<\/a>\u00a0<\/strong><\/em><\/p>\n<p style=\"text-align: justify;\"><em>Reda\u00e7\u00e3o SE Not\u00edcias<\/em><\/p>\n","protected":false},"excerpt":{"rendered":"<p>Devinho Novaes \u00e9 uma das atra\u00e7\u00f5es da 23\u00aa Festa do Caranguejo, nesta segunda-feira (18), que tamb\u00e9m ter\u00e1 shows com Fumo de Gastro, Pedrinho do Teclado e Klessinha Sanddys. A festa come\u00e7ou no s\u00e1bado e ser\u00e1 finalizada nesta segunda-feira. Os shows acontecem a partir das 13 horas no Povoado Ilha de Men de S\u00e1, distante 23 [&hellip;]<\/p>\n","protected":false},"author":2,"featured_media":109130,"comment_status":"closed","ping_status":"closed","sticky":false,"template":"","format":"standard","meta":{"footnotes":""},"categories":[21,38],"tags":[7634,7635,7636,2130],"class_list":{"0":"post-109129","1":"post","2":"type-post","3":"status-publish","4":"format-standard","5":"has-post-thumbnail","7":"category-entretenimento","8":"category-municipios","9":"tag-devinho-novaes","10":"tag-festa-do-caranguejo","11":"tag-ilha-mem-de-sa","12":"tag-itaporanga"},"_links":{"self":[{"href":"https:\/\/senoticias.com.br\/se\/wp-json\/wp\/v2\/posts\/109129"}],"collection":[{"href":"https:\/\/senoticias.com.br\/se\/wp-json\/wp\/v2\/posts"}],"about":[{"href":"https:\/\/senoticias.com.br\/se\/wp-json\/wp\/v2\/types\/post"}],"author":[{"embeddable":true,"href":"https:\/\/senoticias.com.br\/se\/wp-json\/wp\/v2\/users\/2"}],"replies":[{"embeddable":true,"href":"https:\/\/senoticias.com.br\/se\/wp-json\/wp\/v2\/comments?post=109129"}],"version-history":[{"count":0,"href":"https:\/\/senoticias.com.br\/se\/wp-json\/wp\/v2\/posts\/109129\/revisions"}],"wp:featuredmedia":[{"embeddable":true,"href":"https:\/\/senoticias.com.br\/se\/wp-json\/wp\/v2\/media\/109130"}],"wp:attachment":[{"href":"https:\/\/senoticias.com.br\/se\/wp-json\/wp\/v2\/media?parent=109129"}],"wp:term":[{"taxonomy":"category","embeddable":true,"href":"https:\/\/senoticias.com.br\/se\/wp-json\/wp\/v2\/categories?post=109129"},{"taxonomy":"post_tag","embeddable":true,"href":"https:\/\/senoticias.com.br\/se\/wp-json\/wp\/v2\/tags?post=109129"}],"curies":[{"name":"wp","href":"https:\/\/api.w.org\/{rel}","templated":true}]}}