{"id":109118,"date":"2017-12-16T09:01:28","date_gmt":"2017-12-16T12:01:28","guid":{"rendered":"http:\/\/senoticias.com.br\/se\/?p=109118"},"modified":"2017-12-16T09:01:28","modified_gmt":"2017-12-16T12:01:28","slug":"detranse-inaugura-ponto-de-atendimento-em-simao-dias","status":"publish","type":"post","link":"https:\/\/senoticias.com.br\/se\/detranse-inaugura-ponto-de-atendimento-em-simao-dias\/","title":{"rendered":"Detran\/SE inaugura ponto de atendimento em Sim\u00e3o Dias"},"content":{"rendered":"<p style=\"text-align: justify;\"><span style=\"color: #000000;\">Na pr\u00f3xima segunda-feira, dia 18, o Departamento Estadual de Tr\u00e2nsito (Detran\/SE) inaugurar\u00e1 um ponto de atendimento no munic\u00edpio de Sim\u00e3o Dias. A autarquia passar\u00e1 a integrar o Espa\u00e7o Cuidar \u2013 na Rua Presidente Vargas, 204 \u2013, que j\u00e1 conta com os servi\u00e7os do Instituto de Identifica\u00e7\u00e3o e da Secretaria de Estado da Fazenda. Na inaugura\u00e7\u00e3o, ser\u00e3o levados ao munic\u00edpio, em forma de mutir\u00e3o, servi\u00e7os de vistoria eletr\u00f4nica, suspens\u00e3o de habilita\u00e7\u00e3o e educa\u00e7\u00e3o para o tr\u00e2nsito.<\/span><\/p>\n<div id=\"attachment_102820\" style=\"width: 590px\" class=\"wp-caption aligncenter\"><a href=\"http:\/\/senoticias.com.br\/se\/wp-content\/uploads\/2017\/05\/logo-detran.png\"><img loading=\"lazy\" decoding=\"async\" aria-describedby=\"caption-attachment-102820\" class=\"size-full wp-image-102820\" src=\"http:\/\/senoticias.com.br\/se\/wp-content\/uploads\/2017\/05\/logo-detran.png\" alt=\"Imagem Detran\/Se\" width=\"580\" height=\"365\" srcset=\"https:\/\/senoticias.com.br\/se\/wp-content\/uploads\/2017\/05\/logo-detran.png 580w, https:\/\/senoticias.com.br\/se\/wp-content\/uploads\/2017\/05\/logo-detran-300x189.png 300w, https:\/\/senoticias.com.br\/se\/wp-content\/uploads\/2017\/05\/logo-detran-120x76.png 120w, https:\/\/senoticias.com.br\/se\/wp-content\/uploads\/2017\/05\/logo-detran-265x168.png 265w, https:\/\/senoticias.com.br\/se\/wp-content\/uploads\/2017\/05\/logo-detran-284x180.png 284w, https:\/\/senoticias.com.br\/se\/wp-content\/uploads\/2017\/05\/logo-detran-274x173.png 274w\" sizes=\"(max-width: 580px) 100vw, 580px\" \/><\/a><p id=\"caption-attachment-102820\" class=\"wp-caption-text\">Imagem Detran\/Se<\/p><\/div>\n<p style=\"text-align: justify;\"><span style=\"color: #000000;\">O evento ser\u00e1 realizado no Espa\u00e7o Cuidar, das 8 \u00e0s 14 horas, e contar\u00e1, na oportunidade, com servi\u00e7os de vistoria eletr\u00f4nica, com 50 vagas; informa\u00e7\u00f5es sobre processos de suspens\u00e3o de habilita\u00e7\u00e3o, recebimento de habilita\u00e7\u00f5es suspensas e defesas pr\u00e9vias, contesta\u00e7\u00e3o de multas; palestras educativas para crian\u00e7as e condutores no \u00f4nibus-escola do Detran\/SE, que estar\u00e1 na pra\u00e7a Bar\u00e3o de Santa Rosa.<\/span><\/p>\n<p style=\"text-align: justify;\"><span style=\"color: #000000;\">O ponto de atendimento no munic\u00edpio de Sim\u00e3o Dias oferecer\u00e1 permanentemente aos usu\u00e1rios diversos servi\u00e7os, entre eles, requisi\u00e7\u00e3o de processos de habilita\u00e7\u00e3o \u2013 a exemplo de segunda via, renova\u00e7\u00e3o, adi\u00e7\u00e3o e mudan\u00e7a de categoria \u2013, biometria, licenciamento anual de ve\u00edculo, c\u00f3pia de CRLV, segunda via de CRLV, autoriza\u00e7\u00e3o para libera\u00e7\u00e3o de ve\u00edculos custodiados, emiss\u00e3o de taxa para vistorias agendadas, comunica\u00e7\u00e3o de venda e consultas em geral.<\/span><\/p>\n<p style=\"text-align: justify;\">\n<p style=\"text-align: justify;\"><a href=\"http:\/\/senoticias.com.br\/se\/wp-content\/uploads\/2017\/12\/Logomarca-fone-SE-4-1.jpg\"><img loading=\"lazy\" decoding=\"async\" class=\"aligncenter size-full wp-image-108992\" src=\"http:\/\/senoticias.com.br\/se\/wp-content\/uploads\/2017\/12\/Logomarca-fone-SE-4-1.jpg\" alt=\"Logomarca-fone-SE-4\" width=\"599\" height=\"78\" srcset=\"https:\/\/senoticias.com.br\/se\/wp-content\/uploads\/2017\/12\/Logomarca-fone-SE-4-1.jpg 599w, https:\/\/senoticias.com.br\/se\/wp-content\/uploads\/2017\/12\/Logomarca-fone-SE-4-1-300x39.jpg 300w\" sizes=\"(max-width: 599px) 100vw, 599px\" \/><\/a><\/p>\n<p style=\"text-align: justify;\"><em><strong>Acompanhe tamb\u00e9m o SE Not\u00edcias no\u00a0<a href=\"https:\/\/twitter.com\/Senoticias\" target=\"_blank\">Twitter<\/a>,\u00a0<a href=\"https:\/\/www.facebook.com\/senoticias1\" target=\"_blank\">Facebook<\/a>\u00a0e no\u00a0<a href=\"https:\/\/www.instagram.com\/senoticias\/\" target=\"_blank\">Instagram<\/a>\u00a0<\/strong><\/em><\/p>\n<p style=\"text-align: justify;\">Por Ascom Detran\/SE<\/p>\n","protected":false},"excerpt":{"rendered":"<p>Na pr\u00f3xima segunda-feira, dia 18, o Departamento Estadual de Tr\u00e2nsito (Detran\/SE) inaugurar\u00e1 um ponto de atendimento no munic\u00edpio de Sim\u00e3o Dias. A autarquia passar\u00e1 a integrar o Espa\u00e7o Cuidar \u2013 na Rua Presidente Vargas, 204 \u2013, que j\u00e1 conta com os servi\u00e7os do Instituto de Identifica\u00e7\u00e3o e da Secretaria de Estado da Fazenda. Na inaugura\u00e7\u00e3o, [&hellip;]<\/p>\n","protected":false},"author":2,"featured_media":0,"comment_status":"closed","ping_status":"closed","sticky":false,"template":"","format":"standard","meta":{"footnotes":""},"categories":[15,8],"tags":[1828,6386,223,7569],"class_list":{"0":"post-109118","1":"post","2":"type-post","3":"status-publish","4":"format-standard","6":"category-destaques","7":"category-esporte-e-cultura","8":"tag-detran","9":"tag-governodoestado","10":"tag-sergipe","11":"tag-simaodias"},"_links":{"self":[{"href":"https:\/\/senoticias.com.br\/se\/wp-json\/wp\/v2\/posts\/109118"}],"collection":[{"href":"https:\/\/senoticias.com.br\/se\/wp-json\/wp\/v2\/posts"}],"about":[{"href":"https:\/\/senoticias.com.br\/se\/wp-json\/wp\/v2\/types\/post"}],"author":[{"embeddable":true,"href":"https:\/\/senoticias.com.br\/se\/wp-json\/wp\/v2\/users\/2"}],"replies":[{"embeddable":true,"href":"https:\/\/senoticias.com.br\/se\/wp-json\/wp\/v2\/comments?post=109118"}],"version-history":[{"count":0,"href":"https:\/\/senoticias.com.br\/se\/wp-json\/wp\/v2\/posts\/109118\/revisions"}],"wp:attachment":[{"href":"https:\/\/senoticias.com.br\/se\/wp-json\/wp\/v2\/media?parent=109118"}],"wp:term":[{"taxonomy":"category","embeddable":true,"href":"https:\/\/senoticias.com.br\/se\/wp-json\/wp\/v2\/categories?post=109118"},{"taxonomy":"post_tag","embeddable":true,"href":"https:\/\/senoticias.com.br\/se\/wp-json\/wp\/v2\/tags?post=109118"}],"curies":[{"name":"wp","href":"https:\/\/api.w.org\/{rel}","templated":true}]}}