{"id":109093,"date":"2017-12-14T21:05:42","date_gmt":"2017-12-15T00:05:42","guid":{"rendered":"http:\/\/senoticias.com.br\/se\/?p=109093"},"modified":"2017-12-14T21:06:16","modified_gmt":"2017-12-15T00:06:16","slug":"integrante-do-sos-emprego-e-executado-na-barra-dos-coqueiros","status":"publish","type":"post","link":"https:\/\/senoticias.com.br\/se\/integrante-do-sos-emprego-e-executado-na-barra-dos-coqueiros\/","title":{"rendered":"Integrante do SOS Emprego \u00e9 executado na Barra dos Coqueiros"},"content":{"rendered":"<p style=\"text-align: justify;\"><strong><em>Por Verlane Est\u00e1cio*<\/em><\/strong><\/p>\n<p style=\"text-align: justify;\">O coordenador do Movimento SOS Emprego, Clodoaldo Santos Melo (conhecido como Barriga), foi executado a tiros na porta de sua pr\u00f3pria casa no final da tarde desta quinta-feira, 14, na Barra dos Coqueiros.<\/p>\n<div id=\"attachment_109094\" style=\"width: 609px\" class=\"wp-caption aligncenter\"><a href=\"http:\/\/senoticias.com.br\/se\/wp-content\/uploads\/2017\/12\/grande-184090.jpg\"><img loading=\"lazy\" decoding=\"async\" aria-describedby=\"caption-attachment-109094\" class=\"size-full wp-image-109094\" src=\"http:\/\/senoticias.com.br\/se\/wp-content\/uploads\/2017\/12\/grande-184090-e1513296201341.jpg\" alt=\"Clodoaldo Santos Melo era conhecido como 'Barriga'\" width=\"599\" height=\"398\" \/><\/a><p id=\"caption-attachment-109094\" class=\"wp-caption-text\">Clodoaldo Santos Melo era conhecido como &#8216;Barriga&#8217; (foto: portal Infonet)<\/p><\/div>\n<p style=\"text-align: justify;\">Familiares informaram que dois homens em uma moto chegaram na casa de Clodoaldo, informando que procuravam emprego e que gostariam de deixar os curr\u00edculos. Depois de explicar que os curr\u00edculos deveriam ser deixados em outro local, Clodoaldo se despediu e deu as costas aos homens, momento em que foi atingido por v\u00e1rios disparos de arma de fogo. Ainda de acordo com os familiares, um dos suspeitos teria ido \u00e0 casa de Clodoaldo pela manh\u00e3, mas n\u00e3o o encontraram.<\/p>\n<p style=\"text-align: justify;\">Ainda abalado, Willames Santos, irm\u00e3o de Clodoaldo, revelou acreditar que o crime tem rela\u00e7\u00e3o com o Movimento SOS Emprego. Willames disse os integrantes do movimento foram amea\u00e7ados, e que um dia antes de um ato, ele e Clodoaldo foram assaltados por homens armados, e que no dia anterior \u00e0 audi\u00eancia na Assembleia Legislativa de Sergipe \u2013 para discuss\u00e3o da contrata\u00e7\u00e3o de m\u00e3o de obra para constru\u00e7\u00e3o de termoel\u00e9trica, um carro suspeito estava rondando sua casa.<\/p>\n<p style=\"text-align: justify;\">A Pol\u00edcia Civil esteve no local e j\u00e1 colheu as primeiras informa\u00e7\u00f5es para abertura do inqu\u00e9rito que vai investigar o caso. Aqueles que tiverem informa\u00e7\u00f5es sobre o crime dever\u00e3o entrar em contato pelo telefone 181 &#8211; Disque Den\u00fancia.<\/p>\n<p style=\"text-align: justify;\">O Movimento SOS Emprego realiza v\u00e1rias mobiliza\u00e7\u00f5es em prol da contrata\u00e7\u00e3o de m\u00e3o de obra local. Nos \u00faltimos meses, o movimento se destacou por reivindicar que empresas prestadoras de servi\u00e7os \u00e0 Petrobras contratassem profissionais de Sergipe. Tamb\u00e9m houve protestos para que os trabalhadores sergipanos fossem contratados para a constru\u00e7\u00e3o da Usina Termoel\u00e9trica na Barra dos Coqueiros.<\/p>\n<p style=\"text-align: justify;\"><a href=\"http:\/\/senoticias.com.br\/se\/wp-content\/uploads\/2017\/12\/Logomarca-fone-SE-4-1.jpg\"><img loading=\"lazy\" decoding=\"async\" class=\"aligncenter size-full wp-image-108992\" src=\"http:\/\/senoticias.com.br\/se\/wp-content\/uploads\/2017\/12\/Logomarca-fone-SE-4-1.jpg\" alt=\"Logomarca-fone-SE-4\" width=\"599\" height=\"78\" srcset=\"https:\/\/senoticias.com.br\/se\/wp-content\/uploads\/2017\/12\/Logomarca-fone-SE-4-1.jpg 599w, https:\/\/senoticias.com.br\/se\/wp-content\/uploads\/2017\/12\/Logomarca-fone-SE-4-1-300x39.jpg 300w\" sizes=\"(max-width: 599px) 100vw, 599px\" \/><\/a><\/p>\n<p style=\"text-align: justify;\"><em><strong>Acompanhe tamb\u00e9m o SE Not\u00edcias no\u00a0<a href=\"https:\/\/twitter.com\/Senoticias\" target=\"_blank\">Twitter<\/a>,\u00a0<a href=\"https:\/\/www.facebook.com\/senoticias1\" target=\"_blank\">Facebook<\/a>\u00a0e no\u00a0<a href=\"https:\/\/www.instagram.com\/senoticias\/\" target=\"_blank\">Instagram<\/a>\u00a0<\/strong><\/em><\/p>\n<p><em>Por Verlane Est\u00e1cio, do <a href=\"http:\/\/www.infonet.com.br\/noticias\/cidade\/ler.asp?id=208364\">portal Infonet<\/a><\/em><\/p>\n","protected":false},"excerpt":{"rendered":"<p>Por Verlane Est\u00e1cio* O coordenador do Movimento SOS Emprego, Clodoaldo Santos Melo (conhecido como Barriga), foi executado a tiros na porta de sua pr\u00f3pria casa no final da tarde desta quinta-feira, 14, na Barra dos Coqueiros. Familiares informaram que dois homens em uma moto chegaram na casa de Clodoaldo, informando que procuravam emprego e que [&hellip;]<\/p>\n","protected":false},"author":2,"featured_media":109094,"comment_status":"closed","ping_status":"closed","sticky":false,"template":"","format":"standard","meta":{"footnotes":""},"categories":[7],"tags":[3141,7615,7614],"class_list":{"0":"post-109093","1":"post","2":"type-post","3":"status-publish","4":"format-standard","5":"has-post-thumbnail","7":"category-policia","8":"tag-barra-dos-coqueiros","9":"tag-clodoaldo-santos-melo","10":"tag-sos-emprego"},"_links":{"self":[{"href":"https:\/\/senoticias.com.br\/se\/wp-json\/wp\/v2\/posts\/109093"}],"collection":[{"href":"https:\/\/senoticias.com.br\/se\/wp-json\/wp\/v2\/posts"}],"about":[{"href":"https:\/\/senoticias.com.br\/se\/wp-json\/wp\/v2\/types\/post"}],"author":[{"embeddable":true,"href":"https:\/\/senoticias.com.br\/se\/wp-json\/wp\/v2\/users\/2"}],"replies":[{"embeddable":true,"href":"https:\/\/senoticias.com.br\/se\/wp-json\/wp\/v2\/comments?post=109093"}],"version-history":[{"count":0,"href":"https:\/\/senoticias.com.br\/se\/wp-json\/wp\/v2\/posts\/109093\/revisions"}],"wp:featuredmedia":[{"embeddable":true,"href":"https:\/\/senoticias.com.br\/se\/wp-json\/wp\/v2\/media\/109094"}],"wp:attachment":[{"href":"https:\/\/senoticias.com.br\/se\/wp-json\/wp\/v2\/media?parent=109093"}],"wp:term":[{"taxonomy":"category","embeddable":true,"href":"https:\/\/senoticias.com.br\/se\/wp-json\/wp\/v2\/categories?post=109093"},{"taxonomy":"post_tag","embeddable":true,"href":"https:\/\/senoticias.com.br\/se\/wp-json\/wp\/v2\/tags?post=109093"}],"curies":[{"name":"wp","href":"https:\/\/api.w.org\/{rel}","templated":true}]}}