{"id":109088,"date":"2017-12-14T16:53:11","date_gmt":"2017-12-14T19:53:11","guid":{"rendered":"http:\/\/senoticias.com.br\/se\/?p=109088"},"modified":"2017-12-14T16:53:11","modified_gmt":"2017-12-14T19:53:11","slug":"em-aracaju-homem-se-entrega-a-policia-apos-matar-a-propria-mae-a-facadas","status":"publish","type":"post","link":"https:\/\/senoticias.com.br\/se\/em-aracaju-homem-se-entrega-a-policia-apos-matar-a-propria-mae-a-facadas\/","title":{"rendered":"Em Aracaju, homem se entrega a pol\u00edcia ap\u00f3s matar a pr\u00f3pria m\u00e3e a facadas"},"content":{"rendered":"<p style=\"text-align: justify;\">Um homem identificado como Luiz Fernando Santos Melo, de 29 anos, foi preso na noite de quarta-feira (13) ap\u00f3s confessar que matou a pr\u00f3pria m\u00e3e a facadas. O crime\u00a0ocorreu no loteamento Dend\u00ea, no bairro Santos Dumont, em Aracaju.<\/p>\n<p style=\"text-align: justify;\">Luiz Fernando compareceu \u00e0 Delegacia Plantonista Norte, de livre e espont\u00e2nea vontade, informando aos agentes de seguran\u00e7a que matou a m\u00e3e. Ele contou que pegou uma faca\u00a0na cozinha e desferiu diversos golpes contra a v\u00edtima e em seguida cortou o pesco\u00e7o da m\u00e3e.\u00a0\u00a0A pol\u00edcia foi at\u00e9 o local e encontrou o corpo da v\u00edtima.<\/p>\n<div id=\"attachment_108951\" style=\"width: 609px\" class=\"wp-caption aligncenter\"><a href=\"http:\/\/senoticias.com.br\/se\/wp-content\/uploads\/2017\/12\/iml-SENOTICIAS.jpeg\"><img loading=\"lazy\" decoding=\"async\" aria-describedby=\"caption-attachment-108951\" class=\"size-full wp-image-108951\" src=\"http:\/\/senoticias.com.br\/se\/wp-content\/uploads\/2017\/12\/iml-SENOTICIAS.jpeg\" alt=\"Homem se entrega a pol\u00edcia ap\u00f3s matar a pr\u00f3pria m\u00e3e a facadas Foto: arquivo\/M\u00e1rcio Garcez\" width=\"599\" height=\"399\" srcset=\"https:\/\/senoticias.com.br\/se\/wp-content\/uploads\/2017\/12\/iml-SENOTICIAS.jpeg 599w, https:\/\/senoticias.com.br\/se\/wp-content\/uploads\/2017\/12\/iml-SENOTICIAS-300x200.jpeg 300w, https:\/\/senoticias.com.br\/se\/wp-content\/uploads\/2017\/12\/iml-SENOTICIAS-90x60.jpeg 90w, https:\/\/senoticias.com.br\/se\/wp-content\/uploads\/2017\/12\/iml-SENOTICIAS-180x120.jpeg 180w, https:\/\/senoticias.com.br\/se\/wp-content\/uploads\/2017\/12\/iml-SENOTICIAS-95x64.jpeg 95w\" sizes=\"(max-width: 599px) 100vw, 599px\" \/><\/a><p id=\"caption-attachment-108951\" class=\"wp-caption-text\">Corpo da v\u00edtima foi encaminhado ao IML ( foto: arquivo\/M\u00e1rcio Garcez)<\/p><\/div>\n<p style=\"text-align: justify;\">O suspeito possui hist\u00f3rico de esquizofrenia e faz uso de medica\u00e7\u00e3o controlada. Segundo informa\u00e7\u00f5es de familiares, Luiz Fernando demonstrava algumas vezes sinais de agressividade e desejo de fugir de casa, o que n\u00e3o era permitido pelos seus pais.<\/p>\n<p style=\"text-align: justify;\">O acusado foi autuado na delegacia pelo crime de homic\u00eddio qualificado por motivo f\u00fatil e viol\u00eancia dom\u00e9stica.<\/p>\n<p style=\"text-align: justify;\">\n<p style=\"text-align: justify;\"><a href=\"http:\/\/senoticias.com.br\/se\/wp-content\/uploads\/2017\/12\/Logomarca-fone-SE-4-1.jpg\"><img loading=\"lazy\" decoding=\"async\" class=\"aligncenter size-full wp-image-108992\" src=\"http:\/\/senoticias.com.br\/se\/wp-content\/uploads\/2017\/12\/Logomarca-fone-SE-4-1.jpg\" alt=\"Logomarca-fone-SE-4\" width=\"599\" height=\"78\" srcset=\"https:\/\/senoticias.com.br\/se\/wp-content\/uploads\/2017\/12\/Logomarca-fone-SE-4-1.jpg 599w, https:\/\/senoticias.com.br\/se\/wp-content\/uploads\/2017\/12\/Logomarca-fone-SE-4-1-300x39.jpg 300w\" sizes=\"(max-width: 599px) 100vw, 599px\" \/><\/a><\/p>\n<p style=\"text-align: justify;\">\n<p style=\"text-align: justify;\"><em><strong>Acompanhe tamb\u00e9m o SE Not\u00edcias no\u00a0<a href=\"https:\/\/twitter.com\/Senoticias\" target=\"_blank\">Twitter<\/a>,\u00a0<a href=\"https:\/\/www.facebook.com\/senoticias1\" target=\"_blank\">Facebook<\/a>\u00a0e no\u00a0<a href=\"https:\/\/www.instagram.com\/senoticias\/\" target=\"_blank\">Instagram<\/a>\u00a0<\/strong><\/em><\/p>\n<p style=\"text-align: justify;\">\n<p style=\"text-align: justify;\"><em>A8SE, com informa\u00e7\u00f5es da SSP\/SE<\/em><\/p>\n","protected":false},"excerpt":{"rendered":"<p>Um homem identificado como Luiz Fernando Santos Melo, de 29 anos, foi preso na noite de quarta-feira (13) ap\u00f3s confessar que matou a pr\u00f3pria m\u00e3e a facadas. O crime\u00a0ocorreu no loteamento Dend\u00ea, no bairro Santos Dumont, em Aracaju. Luiz Fernando compareceu \u00e0 Delegacia Plantonista Norte, de livre e espont\u00e2nea vontade, informando aos agentes de seguran\u00e7a [&hellip;]<\/p>\n","protected":false},"author":2,"featured_media":108951,"comment_status":"closed","ping_status":"closed","sticky":false,"template":"","format":"standard","meta":{"footnotes":""},"categories":[15],"tags":[4360,7610,857],"class_list":{"0":"post-109088","1":"post","2":"type-post","3":"status-publish","4":"format-standard","5":"has-post-thumbnail","7":"category-destaques","8":"tag-matar-a-propria-mae","9":"tag-matou-a-mae","10":"tag-violencia"},"_links":{"self":[{"href":"https:\/\/senoticias.com.br\/se\/wp-json\/wp\/v2\/posts\/109088"}],"collection":[{"href":"https:\/\/senoticias.com.br\/se\/wp-json\/wp\/v2\/posts"}],"about":[{"href":"https:\/\/senoticias.com.br\/se\/wp-json\/wp\/v2\/types\/post"}],"author":[{"embeddable":true,"href":"https:\/\/senoticias.com.br\/se\/wp-json\/wp\/v2\/users\/2"}],"replies":[{"embeddable":true,"href":"https:\/\/senoticias.com.br\/se\/wp-json\/wp\/v2\/comments?post=109088"}],"version-history":[{"count":0,"href":"https:\/\/senoticias.com.br\/se\/wp-json\/wp\/v2\/posts\/109088\/revisions"}],"wp:featuredmedia":[{"embeddable":true,"href":"https:\/\/senoticias.com.br\/se\/wp-json\/wp\/v2\/media\/108951"}],"wp:attachment":[{"href":"https:\/\/senoticias.com.br\/se\/wp-json\/wp\/v2\/media?parent=109088"}],"wp:term":[{"taxonomy":"category","embeddable":true,"href":"https:\/\/senoticias.com.br\/se\/wp-json\/wp\/v2\/categories?post=109088"},{"taxonomy":"post_tag","embeddable":true,"href":"https:\/\/senoticias.com.br\/se\/wp-json\/wp\/v2\/tags?post=109088"}],"curies":[{"name":"wp","href":"https:\/\/api.w.org\/{rel}","templated":true}]}}