{"id":109063,"date":"2017-12-13T22:44:05","date_gmt":"2017-12-14T01:44:05","guid":{"rendered":"http:\/\/senoticias.com.br\/se\/?p=109063"},"modified":"2017-12-13T22:53:33","modified_gmt":"2017-12-14T01:53:33","slug":"independiente-busca-empate-segura-flamengo-no-maracana-e-conquista-a-copa-sul-americana","status":"publish","type":"post","link":"https:\/\/senoticias.com.br\/se\/independiente-busca-empate-segura-flamengo-no-maracana-e-conquista-a-copa-sul-americana\/","title":{"rendered":"Flamengo sai na frente, mas cede empate e Independiente fatura a Sul-Americana"},"content":{"rendered":"<p style=\"text-align: justify;\">A confus\u00e3o na frente do hotel onde a delega\u00e7\u00e3o do Independiente estava hospedada, localizado na Barra da Tijuca, zona oeste do Rio de Janeiro, foi apenas um \u2018tira gosto\u2019 do que aconteceria antes mesmo da bola rolar para a grande decis\u00e3o da Copa Sul-Americana. Os torcedores do Flamengo depredaram \u00f4nibus da torcida rival, entraram em confronto com a pol\u00edcia e acabaram deixando o espet\u00e1culo em segundo plano.<\/p>\n<div id=\"attachment_109065\" style=\"width: 609px\" class=\"wp-caption aligncenter\"><a href=\"http:\/\/senoticias.com.br\/se\/wp-content\/uploads\/2017\/12\/cdcsr8lvynehvlxozy2v50fsn-e1513216248234.jpg\"><img loading=\"lazy\" decoding=\"async\" aria-describedby=\"caption-attachment-109065\" class=\"size-full wp-image-109065\" src=\"http:\/\/senoticias.com.br\/se\/wp-content\/uploads\/2017\/12\/cdcsr8lvynehvlxozy2v50fsn-e1513216248234.jpg\" alt=\"Flamengo ficou no empate por 1 a 1 com o Independiente (foto: Alexandre Brum \/ Ag\u00eancia O Dia)\" width=\"599\" height=\"402\" \/><\/a><p id=\"caption-attachment-109065\" class=\"wp-caption-text\">Flamengo ficou no empate por 1 a 1 com o Independiente (foto: Alexandre Brum \/ Ag\u00eancia O Dia)<\/p><\/div>\n<p style=\"text-align: justify;\">Os arredores do Maracan\u00e3 viraram um verdadeiro palco de guerra. Os jogadores do Independiente precisaram se proteger do g\u00e1s de pimenta atirado pela pol\u00edcia para tentar dispersar os torcedores do Flamengo, que depredaram \u00f4nibus da equipe rival. Na bagun\u00e7a, muitas pessoas invadiram o est\u00e1dio pela entrada leste.<\/p>\n<p style=\"text-align: justify;\">Os torcedores relataram muita confus\u00e3o no setor e identificou brigas entre os pr\u00f3prios flamenguistas, contra a pol\u00edcia e contra membros da torcida do Independiente. Sem ingressos, algumas pessoas deixaram a situa\u00e7\u00e3o ainda pior ao tentarem invadir o est\u00e1dio.<\/p>\n<p class=\" \" style=\"text-align: justify;\">Todos os gols aconteceram no primeiro tempo. Lucas Paquet\u00e1 colocou o Flamengo em vantagem. Pouco tempo depois, em cobran\u00e7a de penalidade, a equipe argentina chegou ao empate com Barco.<\/p>\n<div class=\"player_dynad_tv\" style=\"text-align: justify;\">\u00a0Foi a segunda conquista do Independiente sobre o Flamengo no Maracan\u00e3. Em 1995, as duas equipes decidiram a Supercopa da Libertadores e a equipe argentina se sagrou campe\u00e3 da competi\u00e7\u00e3o.<\/div>\n<p style=\"text-align: justify;\">A Sul-Americana \u00e9 o segundo vice-campeonato do Rubro-negro em 2017. Os cariocas decidiram a Copa do Brasil e acabaram derrotados pelo Cruzeiro.<\/p>\n<p><a href=\"http:\/\/senoticias.com.br\/se\/wp-content\/uploads\/2017\/12\/Logomarca-fone-SE-4-1.jpg\"><img loading=\"lazy\" decoding=\"async\" class=\"aligncenter size-full wp-image-108992\" src=\"http:\/\/senoticias.com.br\/se\/wp-content\/uploads\/2017\/12\/Logomarca-fone-SE-4-1.jpg\" alt=\"Logomarca-fone-SE-4\" width=\"599\" height=\"78\" srcset=\"https:\/\/senoticias.com.br\/se\/wp-content\/uploads\/2017\/12\/Logomarca-fone-SE-4-1.jpg 599w, https:\/\/senoticias.com.br\/se\/wp-content\/uploads\/2017\/12\/Logomarca-fone-SE-4-1-300x39.jpg 300w\" sizes=\"(max-width: 599px) 100vw, 599px\" \/><\/a><\/p>\n<p><em><strong>Acompanhe tamb\u00e9m o SE Not\u00edcias no\u00a0<a href=\"https:\/\/twitter.com\/Senoticias\" target=\"_blank\">Twitter<\/a>,\u00a0<a href=\"https:\/\/www.facebook.com\/senoticias1\" target=\"_blank\">Facebook<\/a>\u00a0e no\u00a0<a href=\"https:\/\/www.instagram.com\/senoticias\/\" target=\"_blank\">Instagram<\/a><\/strong><\/em><\/p>\n<p>&nbsp;<\/p>\n<p><strong>Informa\u00e7\u00f5es do Futebol Interior e O Dia<\/strong><\/p>\n","protected":false},"excerpt":{"rendered":"<p>A confus\u00e3o na frente do hotel onde a delega\u00e7\u00e3o do Independiente estava hospedada, localizado na Barra da Tijuca, zona oeste do Rio de Janeiro, foi apenas um \u2018tira gosto\u2019 do que aconteceria antes mesmo da bola rolar para a grande decis\u00e3o da Copa Sul-Americana. Os torcedores do Flamengo depredaram \u00f4nibus da torcida rival, entraram em [&hellip;]<\/p>\n","protected":false},"author":2,"featured_media":109065,"comment_status":"closed","ping_status":"closed","sticky":false,"template":"","format":"standard","meta":{"footnotes":""},"categories":[15,1],"tags":[392,7590,4947],"class_list":{"0":"post-109063","1":"post","2":"type-post","3":"status-publish","4":"format-standard","5":"has-post-thumbnail","7":"category-destaques","8":"category-sem-categoria","9":"tag-flamengo","10":"tag-independiente","11":"tag-sul-americana"},"_links":{"self":[{"href":"https:\/\/senoticias.com.br\/se\/wp-json\/wp\/v2\/posts\/109063"}],"collection":[{"href":"https:\/\/senoticias.com.br\/se\/wp-json\/wp\/v2\/posts"}],"about":[{"href":"https:\/\/senoticias.com.br\/se\/wp-json\/wp\/v2\/types\/post"}],"author":[{"embeddable":true,"href":"https:\/\/senoticias.com.br\/se\/wp-json\/wp\/v2\/users\/2"}],"replies":[{"embeddable":true,"href":"https:\/\/senoticias.com.br\/se\/wp-json\/wp\/v2\/comments?post=109063"}],"version-history":[{"count":0,"href":"https:\/\/senoticias.com.br\/se\/wp-json\/wp\/v2\/posts\/109063\/revisions"}],"wp:featuredmedia":[{"embeddable":true,"href":"https:\/\/senoticias.com.br\/se\/wp-json\/wp\/v2\/media\/109065"}],"wp:attachment":[{"href":"https:\/\/senoticias.com.br\/se\/wp-json\/wp\/v2\/media?parent=109063"}],"wp:term":[{"taxonomy":"category","embeddable":true,"href":"https:\/\/senoticias.com.br\/se\/wp-json\/wp\/v2\/categories?post=109063"},{"taxonomy":"post_tag","embeddable":true,"href":"https:\/\/senoticias.com.br\/se\/wp-json\/wp\/v2\/tags?post=109063"}],"curies":[{"name":"wp","href":"https:\/\/api.w.org\/{rel}","templated":true}]}}