{"id":109056,"date":"2017-12-13T19:28:14","date_gmt":"2017-12-13T22:28:14","guid":{"rendered":"http:\/\/senoticias.com.br\/se\/?p=109056"},"modified":"2017-12-13T19:28:14","modified_gmt":"2017-12-13T22:28:14","slug":"dezembro-laranja-traz-alerta-sobre-o-cancer-de-pele","status":"publish","type":"post","link":"https:\/\/senoticias.com.br\/se\/dezembro-laranja-traz-alerta-sobre-o-cancer-de-pele\/","title":{"rendered":"Dezembro Laranja traz alerta sobre o c\u00e2ncer de pele"},"content":{"rendered":"<p style=\"text-align: justify;\">\nDos tumores malignos, o c\u00e2ncer de pele \u00e9 o de maior incid\u00eancia no Brasil. De acordo com o Instituto Nacional de C\u00e2ncer (Inca), anualmente s\u00e3o estimados mais de 175 mil novos casos. Apesar dos n\u00fameros, tamb\u00e9m \u00e9 o que tem a mais baixa mortalidade, desde que detectado precocemente. E esse \u00e9 o mote da campanha do Dezembro Laranja 2017 \u2013 promovida pela Sociedade Brasileira de Dermatologia &#8211; que este ano traz o slogan \u2018Se exponha, mas n\u00e3o se queime\u2019, alertando a import\u00e2ncia da preven\u00e7\u00e3o e do diagn\u00f3stico pr\u00e9vio da doen\u00e7a. \u201cApesar da gen\u00e9tica e do fototipo de pele influenciar no surgimento de tumores, a incid\u00eancia de c\u00e2ncer de pele n\u00e3o melanoma pode ser reduzida em 78% com o uso regular de fotoprotetores e nos melanomas a redu\u00e7\u00e3o pode chegar a 50%, pela simples utiliza\u00e7\u00e3o cont\u00ednua do protetor solar\u201d, alerta Gabriela Diniz, dermatologista do Hapvida Sa\u00fade.<\/p>\n<div id=\"attachment_109057\" style=\"width: 609px\" class=\"wp-caption aligncenter\"><a href=\"http:\/\/senoticias.com.br\/se\/wp-content\/uploads\/2017\/12\/dezembro-laranja-e1513203802112.jpg\"><img loading=\"lazy\" decoding=\"async\" aria-describedby=\"caption-attachment-109057\" class=\"size-full wp-image-109057\" src=\"http:\/\/senoticias.com.br\/se\/wp-content\/uploads\/2017\/12\/dezembro-laranja-e1513203802112.jpg\" alt=\"Anualmente s\u00e3o estimados mais de 175 mil novos casos da doen\u00e7a que requer cuidados, inclusive, na rotina do dia a dia\" width=\"599\" height=\"377\" \/><\/a><p id=\"caption-attachment-109057\" class=\"wp-caption-text\">Anualmente s\u00e3o estimados mais de 175 mil novos casos da doen\u00e7a que requer cuidados, inclusive, na rotina do dia a dia (foto arte: ascom)<\/p><\/div>\n<p style=\"text-align: justify;\">O refor\u00e7o na preven\u00e7\u00e3o da doen\u00e7a tamb\u00e9m deve ser ressaltado nos cuidados do dia a dia, uma vez que a incid\u00eancia dos raios solares durante a rotina de deslocamento de casa para o trabalho ou qualquer outra atividade di\u00e1ria, traz efeitos nocivos \u00e0 pele. \u201cSofremos os efeitos da radia\u00e7\u00e3o ultravioleta nos deslocamentos ao ar livre e dirigindo, por exemplo. Os m\u00e9todos de fotoprote\u00e7\u00e3o devem ser incorporados \u00e0 nossa rotina, para evitar os efeitos cumulativos da exposi\u00e7\u00e3o\u201d, refor\u00e7a a especialista.<\/p>\n<p style=\"text-align: justify;\">Chap\u00e9us de abas largas, \u00f3culos escuros, roupas que protejam o corpo e a n\u00e3o exposi\u00e7\u00e3o entre as 10h e \u00e0s 16h s\u00e3o essenciais quando o assunto \u00e9 preven\u00e7\u00e3o ao c\u00e2ncer de pele. Les\u00f5es na pele, manchas irregulares e com v\u00e1rias cores, que apresentem crescimento r\u00e1pido, sangramento ou mudan\u00e7a em seu aspecto inicial, devem ser avaliadas o quanto antes pelo m\u00e9dico dermatologista.<\/p>\n<p style=\"text-align: justify;\">\n<p style=\"text-align: justify;\"><a href=\"http:\/\/senoticias.com.br\/se\/wp-content\/uploads\/2017\/12\/Logomarca-fone-SE-4-1.jpg\"><img loading=\"lazy\" decoding=\"async\" class=\"aligncenter size-full wp-image-108992\" src=\"http:\/\/senoticias.com.br\/se\/wp-content\/uploads\/2017\/12\/Logomarca-fone-SE-4-1.jpg\" alt=\"Logomarca-fone-SE-4\" width=\"599\" height=\"78\" srcset=\"https:\/\/senoticias.com.br\/se\/wp-content\/uploads\/2017\/12\/Logomarca-fone-SE-4-1.jpg 599w, https:\/\/senoticias.com.br\/se\/wp-content\/uploads\/2017\/12\/Logomarca-fone-SE-4-1-300x39.jpg 300w\" sizes=\"(max-width: 599px) 100vw, 599px\" \/><\/a><\/p>\n<p style=\"text-align: justify;\">\n<p style=\"text-align: justify;\"><em><strong>Acompanhe tamb\u00e9m o SE Not\u00edcias no\u00a0<a href=\"https:\/\/twitter.com\/Senoticias\" target=\"_blank\">Twitter<\/a>,\u00a0<a href=\"https:\/\/www.facebook.com\/senoticias1\" target=\"_blank\">Facebook<\/a>\u00a0e no\u00a0<a href=\"https:\/\/www.instagram.com\/senoticias\/\" target=\"_blank\">Instagram<\/a>\u00a0<\/strong><\/em><\/p>\n<p style=\"text-align: justify;\">\n<p style=\"text-align: justify;\"><strong><em>Da Assessoria de Imprensa<\/em><\/strong><\/p>\n<p style=\"text-align: justify;\">\n","protected":false},"excerpt":{"rendered":"<p>Dos tumores malignos, o c\u00e2ncer de pele \u00e9 o de maior incid\u00eancia no Brasil. De acordo com o Instituto Nacional de C\u00e2ncer (Inca), anualmente s\u00e3o estimados mais de 175 mil novos casos. Apesar dos n\u00fameros, tamb\u00e9m \u00e9 o que tem a mais baixa mortalidade, desde que detectado precocemente. E esse \u00e9 o mote da campanha [&hellip;]<\/p>\n","protected":false},"author":2,"featured_media":109057,"comment_status":"closed","ping_status":"closed","sticky":false,"template":"","format":"standard","meta":{"footnotes":""},"categories":[15],"tags":[7596,7597,7595],"class_list":{"0":"post-109056","1":"post","2":"type-post","3":"status-publish","4":"format-standard","5":"has-post-thumbnail","7":"category-destaques","8":"tag-cancer-de-pele","9":"tag-dezembro-laranja","10":"tag-fotoprotecao"},"_links":{"self":[{"href":"https:\/\/senoticias.com.br\/se\/wp-json\/wp\/v2\/posts\/109056"}],"collection":[{"href":"https:\/\/senoticias.com.br\/se\/wp-json\/wp\/v2\/posts"}],"about":[{"href":"https:\/\/senoticias.com.br\/se\/wp-json\/wp\/v2\/types\/post"}],"author":[{"embeddable":true,"href":"https:\/\/senoticias.com.br\/se\/wp-json\/wp\/v2\/users\/2"}],"replies":[{"embeddable":true,"href":"https:\/\/senoticias.com.br\/se\/wp-json\/wp\/v2\/comments?post=109056"}],"version-history":[{"count":0,"href":"https:\/\/senoticias.com.br\/se\/wp-json\/wp\/v2\/posts\/109056\/revisions"}],"wp:featuredmedia":[{"embeddable":true,"href":"https:\/\/senoticias.com.br\/se\/wp-json\/wp\/v2\/media\/109057"}],"wp:attachment":[{"href":"https:\/\/senoticias.com.br\/se\/wp-json\/wp\/v2\/media?parent=109056"}],"wp:term":[{"taxonomy":"category","embeddable":true,"href":"https:\/\/senoticias.com.br\/se\/wp-json\/wp\/v2\/categories?post=109056"},{"taxonomy":"post_tag","embeddable":true,"href":"https:\/\/senoticias.com.br\/se\/wp-json\/wp\/v2\/tags?post=109056"}],"curies":[{"name":"wp","href":"https:\/\/api.w.org\/{rel}","templated":true}]}}