{"id":109041,"date":"2017-12-13T16:20:42","date_gmt":"2017-12-13T19:20:42","guid":{"rendered":"http:\/\/senoticias.com.br\/se\/?p=109041"},"modified":"2017-12-13T21:46:05","modified_gmt":"2017-12-14T00:46:05","slug":"prorrogado-prazo-para-usar-fgts-em-prestacoes-atrasadas-de-credito-imobiliario","status":"publish","type":"post","link":"https:\/\/senoticias.com.br\/se\/prorrogado-prazo-para-usar-fgts-em-prestacoes-atrasadas-de-credito-imobiliario\/","title":{"rendered":"Prorrogado prazo para usar FGTS em presta\u00e7\u00f5es atrasadas de cr\u00e9dito imobili\u00e1rio"},"content":{"rendered":"<p style=\"text-align: justify;\"><span style=\"color: #000000;\">O prazo para os trabalhadores usarem o Fundo de Garantia do Tempo de Servi\u00e7o (FGTS) para pagar parcelas atrasadas do financiamento habitacional foi prorrogado para at\u00e9 o final de 2018. O prazo terminaria neste m\u00eas.<\/span><\/p>\n<p style=\"text-align: justify;\"><span style=\"color: #000000;\">A medida foi aprovada durante reuni\u00e3o do Conselho Curador do FGTS que ocorreu nesta quarta-feira, (13), em Bras\u00edlia, informou o Minist\u00e9rio do Trabalho.<\/span><\/p>\n<div id=\"attachment_99552\" style=\"width: 609px\" class=\"wp-caption aligncenter\"><a href=\"http:\/\/senoticias.com.br\/se\/wp-content\/uploads\/2017\/01\/SENot\u00edcias-fgts2.jpg\"><img loading=\"lazy\" decoding=\"async\" aria-describedby=\"caption-attachment-99552\" class=\"size-full wp-image-99552\" src=\"http:\/\/senoticias.com.br\/se\/wp-content\/uploads\/2017\/01\/SENot\u00edcias-fgts2.jpg\" alt=\"Consulta pode ser feita pelo aplicativo do FGTS, disponibilizado pela Caixa (Foto: Tha\u00eds Lima\/G1) \" width=\"599\" height=\"375\" srcset=\"https:\/\/senoticias.com.br\/se\/wp-content\/uploads\/2017\/01\/SENot\u00edcias-fgts2.jpg 599w, https:\/\/senoticias.com.br\/se\/wp-content\/uploads\/2017\/01\/SENot\u00edcias-fgts2-300x188.jpg 300w, https:\/\/senoticias.com.br\/se\/wp-content\/uploads\/2017\/01\/SENot\u00edcias-fgts2-120x76.jpg 120w, https:\/\/senoticias.com.br\/se\/wp-content\/uploads\/2017\/01\/SENot\u00edcias-fgts2-274x173.jpg 274w, https:\/\/senoticias.com.br\/se\/wp-content\/uploads\/2017\/01\/SENot\u00edcias-fgts2-308x192.jpg 308w\" sizes=\"(max-width: 599px) 100vw, 599px\" \/><\/a><p id=\"caption-attachment-99552\" class=\"wp-caption-text\">Consulta pode ser feita pelo aplicativo do FGTS, disponibilizado pela Caixa (Foto: Tha\u00eds Lima\/G1)<\/p><\/div>\n<p style=\"text-align: justify;\"><span style=\"color: #000000;\">O minist\u00e9rio lembra, no entanto, que, pela regra, n\u00e3o \u00e9 poss\u00edvel usar o valor do FGTS para quitar toda a parcela. O fundo pode cobrir apenas 80% do valor da parcela. Ou seja, se a parcela atrasada por de R$ 1 mil o fundo pode ser usado para pagar R$ 800. Os R$ 200 restantes t\u00eam que ser desembolsado pelo trabalhador.<\/span><\/p>\n<p style=\"text-align: justify;\"><span style=\"color: #000000;\">O FGTS pode ser usado tamb\u00e9m para dar entrada no financiamento de im\u00f3veis e para abater ou quitar a d\u00edvida.<\/span><\/p>\n<p style=\"text-align: justify;\"><a href=\"http:\/\/senoticias.com.br\/se\/wp-content\/uploads\/2017\/12\/Logomarca-fone-SE-4-1.jpg\"><img loading=\"lazy\" decoding=\"async\" class=\"aligncenter size-full wp-image-108992\" src=\"http:\/\/senoticias.com.br\/se\/wp-content\/uploads\/2017\/12\/Logomarca-fone-SE-4-1.jpg\" alt=\"Logomarca-fone-SE-4\" width=\"599\" height=\"78\" srcset=\"https:\/\/senoticias.com.br\/se\/wp-content\/uploads\/2017\/12\/Logomarca-fone-SE-4-1.jpg 599w, https:\/\/senoticias.com.br\/se\/wp-content\/uploads\/2017\/12\/Logomarca-fone-SE-4-1-300x39.jpg 300w\" sizes=\"(max-width: 599px) 100vw, 599px\" \/><\/a><\/p>\n<p style=\"text-align: justify;\"><em><strong>Acompanhe tamb\u00e9m o SE Not\u00edcias no\u00a0<a href=\"https:\/\/twitter.com\/Senoticias\" target=\"_blank\">Twitter<\/a>,\u00a0<a href=\"https:\/\/www.facebook.com\/senoticias1\" target=\"_blank\">Facebook<\/a>\u00a0e no\u00a0<a href=\"https:\/\/www.instagram.com\/senoticias\/\" target=\"_blank\">Instagram<\/a>\u00a0<\/strong><\/em><\/p>\n<p style=\"text-align: justify;\">Por Ag\u00eancia Brasil<\/p>\n","protected":false},"excerpt":{"rendered":"<p>O prazo para os trabalhadores usarem o Fundo de Garantia do Tempo de Servi\u00e7o (FGTS) para pagar parcelas atrasadas do financiamento habitacional foi prorrogado para at\u00e9 o final de 2018. O prazo terminaria neste m\u00eas. A medida foi aprovada durante reuni\u00e3o do Conselho Curador do FGTS que ocorreu nesta quarta-feira, (13), em Bras\u00edlia, informou o [&hellip;]<\/p>\n","protected":false},"author":2,"featured_media":0,"comment_status":"closed","ping_status":"closed","sticky":false,"template":"","format":"standard","meta":{"footnotes":""},"categories":[45],"tags":[1952,2276,6868,7592],"class_list":{"0":"post-109041","1":"post","2":"type-post","3":"status-publish","4":"format-standard","6":"category-tecnologia","7":"tag-brasilia","8":"tag-fgts","9":"tag-financiamento","10":"tag-habitacional"},"_links":{"self":[{"href":"https:\/\/senoticias.com.br\/se\/wp-json\/wp\/v2\/posts\/109041"}],"collection":[{"href":"https:\/\/senoticias.com.br\/se\/wp-json\/wp\/v2\/posts"}],"about":[{"href":"https:\/\/senoticias.com.br\/se\/wp-json\/wp\/v2\/types\/post"}],"author":[{"embeddable":true,"href":"https:\/\/senoticias.com.br\/se\/wp-json\/wp\/v2\/users\/2"}],"replies":[{"embeddable":true,"href":"https:\/\/senoticias.com.br\/se\/wp-json\/wp\/v2\/comments?post=109041"}],"version-history":[{"count":0,"href":"https:\/\/senoticias.com.br\/se\/wp-json\/wp\/v2\/posts\/109041\/revisions"}],"wp:attachment":[{"href":"https:\/\/senoticias.com.br\/se\/wp-json\/wp\/v2\/media?parent=109041"}],"wp:term":[{"taxonomy":"category","embeddable":true,"href":"https:\/\/senoticias.com.br\/se\/wp-json\/wp\/v2\/categories?post=109041"},{"taxonomy":"post_tag","embeddable":true,"href":"https:\/\/senoticias.com.br\/se\/wp-json\/wp\/v2\/tags?post=109041"}],"curies":[{"name":"wp","href":"https:\/\/api.w.org\/{rel}","templated":true}]}}