{"id":109039,"date":"2017-12-13T16:15:57","date_gmt":"2017-12-13T19:15:57","guid":{"rendered":"http:\/\/senoticias.com.br\/se\/?p=109039"},"modified":"2017-12-13T19:33:05","modified_gmt":"2017-12-13T22:33:05","slug":"michel-temer-faz-apelo-a-prefeitos-para-que-apoiem-a-reforma-da-previdencia","status":"publish","type":"post","link":"https:\/\/senoticias.com.br\/se\/michel-temer-faz-apelo-a-prefeitos-para-que-apoiem-a-reforma-da-previdencia\/","title":{"rendered":"Michel Temer faz apelo a prefeitos para que apoiem a reforma da Previd\u00eancia"},"content":{"rendered":"<p style=\"text-align: justify;\"><span style=\"color: #000000;\">O presidente Michel Temer fez um apelo nesta quarta-feira (13) aos prefeitos para que ajudem no convencimento da sociedade e dos parlamentares sobre a aprova\u00e7\u00e3o da reforma da Previd\u00eancia. Em cerim\u00f4nia no Pal\u00e1cio do Planalto, Temer destacou que ainda h\u00e1 muita desinforma\u00e7\u00e3o sobre a proposta e os parlamentares \u201cprecisam saber que t\u00eam o apoio da popula\u00e7\u00e3o e dos prefeitos\u201d.<\/span><\/p>\n<p style=\"text-align: justify;\"><span style=\"color: #000000;\">\u201cQuem est\u00e1 no Legislativo deve ecoar a vontade da sociedade. (&#8230;)Para o t\u00f3pico da Previd\u00eancia \u00e9 preciso mobilizar a consci\u00eancia nacional para que os deputados possam ecoar essa postula\u00e7\u00e3o na vota\u00e7\u00e3o da C\u00e2mara e do Senado Federal. Em primeiro lugar, para que este eco se d\u00ea nestas casas legislativas, \u00e9 preciso esclarecer o que \u00e9 hoje a reforma da Previd\u00eancia. Ela n\u00e3o prejudica praticamente ningu\u00e9m, trabalhador rural est\u00e1 fora, Benef\u00edcio de Presta\u00e7\u00e3o Continuada est\u00e1 fora\u201d, disse Temer.<\/span><\/p>\n<div id=\"attachment_109040\" style=\"width: 609px\" class=\"wp-caption aligncenter\"><a href=\"http:\/\/senoticias.com.br\/se\/wp-content\/uploads\/2017\/12\/temer-SENOTICIAS-1-e1513192512362.jpg\"><img loading=\"lazy\" decoding=\"async\" aria-describedby=\"caption-attachment-109040\" class=\"size-full wp-image-109040\" src=\"http:\/\/senoticias.com.br\/se\/wp-content\/uploads\/2017\/12\/temer-SENOTICIAS-1-e1513192512362.jpg\" alt=\"Foto: Uol\" width=\"599\" height=\"319\" \/><\/a><p id=\"caption-attachment-109040\" class=\"wp-caption-text\">Foto: Uol<\/p><\/div>\n<p style=\"text-align: justify;\"><span style=\"color: #000000;\">O presidente ressaltou que os deputados e senadores costumam ser muito pr\u00f3ximos dos prefeitos, que demandam acesso \u00e0s emendas e benef\u00edcios por meio da atua\u00e7\u00e3o dos parlamentares. E alertou que a reforma pode beneficiar muito mais aos munic\u00edpios que precisam aumentar a economia em seus or\u00e7amentos.<\/span><\/p>\n<p style=\"text-align: justify;\"><span style=\"color: #000000;\">Temer alertou que se a reforma n\u00e3o for aprovada agora, ter\u00e1 que ser feita de forma mais radical no futuro, para evitar corte nos vencimentos de aposentados, como ocorreu em alguns pa\u00edses da Europa.<\/span><\/p>\n<p style=\"text-align: justify;\"><span style=\"color: #000000;\">\u201cN\u00f3s estamos fazendo uma reforma agora que evita um desastre ali na frente. (\u2026.) Agora estamos tomando [a cautela] de fazer um reforma mediana, razo\u00e1vel, para que isso n\u00e3o venha acontecer em brev\u00edssimo tempo. Se n\u00e3o fizermos a reforma da Previd\u00eancia agora daqui a dois, tr\u00eas, n\u00e3o tenham ilus\u00e3o nenhuma, vai ter que faz\u00ea-la de uma forma mais radicalizada\u201d, alertou.<\/span><\/p>\n<p style=\"text-align: justify;\"><span style=\"color: #000000;\">Temer recebeu nesta quarta-feira (13) no Pal\u00e1cio do Planalto representantes da Confedera\u00e7\u00e3o Nacional dos Munic\u00edpios (CNM), Associa\u00e7\u00f5es e Federa\u00e7\u00f5es Estaduais e prefeitos para tratar da reforma da Previd\u00eancia. Os gestores levaram tamb\u00e9m ao presidente demandas consideradas priorit\u00e1rias para os munic\u00edpios, problemas relacionados aos programas federais executados pelas prefeituras e libera\u00e7\u00e3o de apoio financeiro.<\/span><\/p>\n<p style=\"text-align: justify;\"><span style=\"color: #000000;\">Michel Temer reiterou que seu governo respeita o di\u00e1logo federativo e vai continuar ajudando os munic\u00edpios. Ele destacou que em um ano meio seu governo teve ousadia para repactuar as d\u00edvidas dos estados e empreender projetos importantes como o teto de gastos e as reformas do ensino n\u00e9dio e trabalhista.<\/span><\/p>\n<p style=\"text-align: justify;\"><span style=\"color: #000000;\">Em novembro, a Presid\u00eancia anunciou a libera\u00e7\u00e3o de R$ 2 bilh\u00f5es para auxiliar alguns munic\u00edpios a fechar o balan\u00e7o deste ano. Os gestores esperam que os recursos possam ser liberados ainda em dezembro.<\/span><\/p>\n<p style=\"text-align: justify;\"><span style=\"color: #000000;\">O presidente da CNM, Paulo Ziulkoski, fez um apelo aos prefeitos para que apoiem a reforma, pois as mudan\u00e7as na estrutura da Previd\u00eancia Social podem contribuir para diminuir o deficit das prefeituras e o impacto das folhas de pagamento no or\u00e7amento do munic\u00edpio.<\/span><\/p>\n<p style=\"text-align: justify;\"><span style=\"color: #000000;\">\u201cN\u00f3s decidimos apoiar a reforma da Previd\u00eancia. \u00c9 uma obriga\u00e7\u00e3o apoiar a reforma da Previd\u00eancia como gestor\u201d, declarou Paulo Ziulkoski.<\/span><\/p>\n<p style=\"text-align: justify;\"><span style=\"color: #000000;\">Participaram tamb\u00e9m do evento os ministros chefe da Casa Civil, Eliseu Padilha, e da Fazenda, Henrique Meirelles, al\u00e9m de l\u00edderes da base governista no Congresso Nacional.<\/span><\/p>\n<p style=\"text-align: justify;\"><span style=\"color: #000000;\">Mais cedo, o presidente da C\u00e2mara, Rodrigo Maia (DEM-RJ), confirmou que o relat\u00f3rio da proposta de emenda \u00e0 Constitui\u00e7\u00e3o da reforma da Previd\u00eancia ser\u00e1 lido no plen\u00e1rio nesta quinta-feira (14) e em seguida os deputados poder\u00e3o come\u00e7ar os debates. H\u00e1 expectativa para que a vota\u00e7\u00e3o se inicie na pr\u00f3xima semana.<\/span><\/p>\n<p style=\"text-align: justify;\"><a href=\"http:\/\/senoticias.com.br\/se\/wp-content\/uploads\/2017\/12\/Logomarca-fone-SE-4-1.jpg\"><img loading=\"lazy\" decoding=\"async\" class=\"aligncenter size-full wp-image-108992\" src=\"http:\/\/senoticias.com.br\/se\/wp-content\/uploads\/2017\/12\/Logomarca-fone-SE-4-1.jpg\" alt=\"Logomarca-fone-SE-4\" width=\"599\" height=\"78\" srcset=\"https:\/\/senoticias.com.br\/se\/wp-content\/uploads\/2017\/12\/Logomarca-fone-SE-4-1.jpg 599w, https:\/\/senoticias.com.br\/se\/wp-content\/uploads\/2017\/12\/Logomarca-fone-SE-4-1-300x39.jpg 300w\" sizes=\"(max-width: 599px) 100vw, 599px\" \/><\/a><\/p>\n<p style=\"text-align: justify;\"><em><strong>Acompanhe tamb\u00e9m o SE Not\u00edcias no\u00a0<a href=\"https:\/\/twitter.com\/Senoticias\" target=\"_blank\">Twitter<\/a>,\u00a0<a href=\"https:\/\/www.facebook.com\/senoticias1\" target=\"_blank\">Facebook<\/a>\u00a0e no\u00a0<a href=\"https:\/\/www.instagram.com\/senoticias\/\" target=\"_blank\">Instagram<\/a>\u00a0<\/strong><\/em><\/p>\n<p style=\"text-align: justify;\">Por Ag\u00eancia Brasil<\/p>\n","protected":false},"excerpt":{"rendered":"<p>O presidente Michel Temer fez um apelo nesta quarta-feira (13) aos prefeitos para que ajudem no convencimento da sociedade e dos parlamentares sobre a aprova\u00e7\u00e3o da reforma da Previd\u00eancia. Em cerim\u00f4nia no Pal\u00e1cio do Planalto, Temer destacou que ainda h\u00e1 muita desinforma\u00e7\u00e3o sobre a proposta e os parlamentares \u201cprecisam saber que t\u00eam o apoio da [&hellip;]<\/p>\n","protected":false},"author":2,"featured_media":0,"comment_status":"closed","ping_status":"closed","sticky":false,"template":"","format":"standard","meta":{"footnotes":""},"categories":[2961],"tags":[7591,6693,216,3017,637],"class_list":{"0":"post-109039","1":"post","2":"type-post","3":"status-publish","4":"format-standard","6":"category-nacional","7":"tag-apelo","8":"tag-planalto","9":"tag-prefeitos","10":"tag-reformadaprevidencia","11":"tag-temer"},"_links":{"self":[{"href":"https:\/\/senoticias.com.br\/se\/wp-json\/wp\/v2\/posts\/109039"}],"collection":[{"href":"https:\/\/senoticias.com.br\/se\/wp-json\/wp\/v2\/posts"}],"about":[{"href":"https:\/\/senoticias.com.br\/se\/wp-json\/wp\/v2\/types\/post"}],"author":[{"embeddable":true,"href":"https:\/\/senoticias.com.br\/se\/wp-json\/wp\/v2\/users\/2"}],"replies":[{"embeddable":true,"href":"https:\/\/senoticias.com.br\/se\/wp-json\/wp\/v2\/comments?post=109039"}],"version-history":[{"count":0,"href":"https:\/\/senoticias.com.br\/se\/wp-json\/wp\/v2\/posts\/109039\/revisions"}],"wp:attachment":[{"href":"https:\/\/senoticias.com.br\/se\/wp-json\/wp\/v2\/media?parent=109039"}],"wp:term":[{"taxonomy":"category","embeddable":true,"href":"https:\/\/senoticias.com.br\/se\/wp-json\/wp\/v2\/categories?post=109039"},{"taxonomy":"post_tag","embeddable":true,"href":"https:\/\/senoticias.com.br\/se\/wp-json\/wp\/v2\/tags?post=109039"}],"curies":[{"name":"wp","href":"https:\/\/api.w.org\/{rel}","templated":true}]}}