{"id":109036,"date":"2017-12-13T15:56:45","date_gmt":"2017-12-13T18:56:45","guid":{"rendered":"http:\/\/senoticias.com.br\/se\/?p=109036"},"modified":"2017-12-13T15:58:19","modified_gmt":"2017-12-13T18:58:19","slug":"flamengo-e-independiente-decidem-sul-americana-hoje-no-rio","status":"publish","type":"post","link":"https:\/\/senoticias.com.br\/se\/flamengo-e-independiente-decidem-sul-americana-hoje-no-rio\/","title":{"rendered":"Flamengo e Independiente decidem Sul-Americana nesta quarta, no Rio"},"content":{"rendered":"<p style=\"text-align: justify;\"><span style=\"color: #000000;\">O Flamengo e o Independiente, da Argentina, decidem nesta quarta-feira (13) a Copa Sul-Americana, \u00e0s 21h45 (de Bras\u00edlia), no Maracan\u00e3.\u00a0<\/span><span style=\"color: #000000;\">A partida ser\u00e1 transmitida ao vivo por canais de televis\u00e3o aberta e fechada.<\/span><\/p>\n<div id=\"attachment_109037\" style=\"width: 609px\" class=\"wp-caption aligncenter\"><a href=\"http:\/\/senoticias.com.br\/se\/wp-content\/uploads\/2017\/12\/flamengo-SENOTICIAS-e1513191351932.png\"><img loading=\"lazy\" decoding=\"async\" aria-describedby=\"caption-attachment-109037\" class=\"size-full wp-image-109037\" src=\"http:\/\/senoticias.com.br\/se\/wp-content\/uploads\/2017\/12\/flamengo-SENOTICIAS-e1513191351932.png\" alt=\"Foto: Site Flamengo\" width=\"599\" height=\"384\" \/><\/a><p id=\"caption-attachment-109037\" class=\"wp-caption-text\">Foto: Site Flamengo<\/p><\/div>\n<p style=\"text-align: justify;\"><span style=\"color: #000000;\">Como perdeu o primeiro jogo por 2&#215;1 em Buenos Aires, o rubro-negro carioca precisa de uma vit\u00f3ria por dois gols de diferen\u00e7a para levar o t\u00edtulo no tempo normal. Uma vit\u00f3ria pelo placar m\u00ednimo leva o duelo para a prorroga\u00e7\u00e3o. Caso persista a igualdade, o trof\u00e9u ser\u00e1 decidido nos p\u00eanaltis.<\/span><\/p>\n<p style=\"text-align: justify;\"><span style=\"color: #000000;\">Os mais de 60 mil ingressos para a decis\u00e3o foram esgotados.<\/span><\/p>\n<p style=\"text-align: justify;\"><a href=\"http:\/\/senoticias.com.br\/se\/wp-content\/uploads\/2017\/12\/Logomarca-fone-SE-4-1.jpg\"><img loading=\"lazy\" decoding=\"async\" class=\"aligncenter size-full wp-image-108992\" src=\"http:\/\/senoticias.com.br\/se\/wp-content\/uploads\/2017\/12\/Logomarca-fone-SE-4-1.jpg\" alt=\"Logomarca-fone-SE-4\" width=\"599\" height=\"78\" srcset=\"https:\/\/senoticias.com.br\/se\/wp-content\/uploads\/2017\/12\/Logomarca-fone-SE-4-1.jpg 599w, https:\/\/senoticias.com.br\/se\/wp-content\/uploads\/2017\/12\/Logomarca-fone-SE-4-1-300x39.jpg 300w\" sizes=\"(max-width: 599px) 100vw, 599px\" \/><\/a><\/p>\n<p style=\"text-align: justify;\"><em><strong>Acompanhe tamb\u00e9m o SE Not\u00edcias no\u00a0<a href=\"https:\/\/twitter.com\/Senoticias\" target=\"_blank\">Twitter<\/a>,\u00a0<a href=\"https:\/\/www.facebook.com\/senoticias1\" target=\"_blank\">Facebook<\/a>\u00a0e no\u00a0<a href=\"https:\/\/www.instagram.com\/senoticias\/\" target=\"_blank\">Instagram<\/a>\u00a0<\/strong><\/em><\/p>\n<p style=\"text-align: justify;\">Por Ag\u00eancia Brasil<\/p>\n","protected":false},"excerpt":{"rendered":"<p>O Flamengo e o Independiente, da Argentina, decidem nesta quarta-feira (13) a Copa Sul-Americana, \u00e0s 21h45 (de Bras\u00edlia), no Maracan\u00e3.\u00a0A partida ser\u00e1 transmitida ao vivo por canais de televis\u00e3o aberta e fechada. Como perdeu o primeiro jogo por 2&#215;1 em Buenos Aires, o rubro-negro carioca precisa de uma vit\u00f3ria por dois gols de diferen\u00e7a para [&hellip;]<\/p>\n","protected":false},"author":2,"featured_media":0,"comment_status":"closed","ping_status":"closed","sticky":false,"template":"","format":"standard","meta":{"footnotes":""},"categories":[26],"tags":[6367,7589,392,7590,3362],"class_list":{"0":"post-109036","1":"post","2":"type-post","3":"status-publish","4":"format-standard","6":"category-esportes","7":"tag-argentina","8":"tag-copasulamericana","9":"tag-flamengo","10":"tag-independiente","11":"tag-maracana"},"_links":{"self":[{"href":"https:\/\/senoticias.com.br\/se\/wp-json\/wp\/v2\/posts\/109036"}],"collection":[{"href":"https:\/\/senoticias.com.br\/se\/wp-json\/wp\/v2\/posts"}],"about":[{"href":"https:\/\/senoticias.com.br\/se\/wp-json\/wp\/v2\/types\/post"}],"author":[{"embeddable":true,"href":"https:\/\/senoticias.com.br\/se\/wp-json\/wp\/v2\/users\/2"}],"replies":[{"embeddable":true,"href":"https:\/\/senoticias.com.br\/se\/wp-json\/wp\/v2\/comments?post=109036"}],"version-history":[{"count":0,"href":"https:\/\/senoticias.com.br\/se\/wp-json\/wp\/v2\/posts\/109036\/revisions"}],"wp:attachment":[{"href":"https:\/\/senoticias.com.br\/se\/wp-json\/wp\/v2\/media?parent=109036"}],"wp:term":[{"taxonomy":"category","embeddable":true,"href":"https:\/\/senoticias.com.br\/se\/wp-json\/wp\/v2\/categories?post=109036"},{"taxonomy":"post_tag","embeddable":true,"href":"https:\/\/senoticias.com.br\/se\/wp-json\/wp\/v2\/tags?post=109036"}],"curies":[{"name":"wp","href":"https:\/\/api.w.org\/{rel}","templated":true}]}}