{"id":109034,"date":"2017-12-13T15:06:33","date_gmt":"2017-12-13T18:06:33","guid":{"rendered":"http:\/\/senoticias.com.br\/se\/?p=109034"},"modified":"2017-12-15T16:54:35","modified_gmt":"2017-12-15T19:54:35","slug":"servidores-da-saude-de-caninde-sao-francisco-declaram-greve-por-falta-de-pagamentos-dos-salarios","status":"publish","type":"post","link":"https:\/\/senoticias.com.br\/se\/servidores-da-saude-de-caninde-sao-francisco-declaram-greve-por-falta-de-pagamentos-dos-salarios\/","title":{"rendered":"Servidores da Sa\u00fade de Canind\u00e9 do S\u00e3o Francisco em greve por falta de pagamentos dos sal\u00e1rios"},"content":{"rendered":"<p style=\"text-align: justify;\"><span style=\"color: #000000;\">Os servidores da sa\u00fade do munic\u00edpio de Canind\u00e9 do S\u00e3o Francisco, no sert\u00e3o de Sergipe, est\u00e3o em greve por tempo indeterminado por falta de pagamento dos sal\u00e1rios do m\u00eas de novembro. Os servidores da sa\u00fade, professores, agentes comunit\u00e1rios e agentes de combate \u00e0s endemias ocuparam a Secretaria de Finan\u00e7as do munic\u00edpio \u00e0 espera de uma solu\u00e7\u00e3o.<\/span><\/p>\n<div id=\"attachment_109035\" style=\"width: 609px\" class=\"wp-caption aligncenter\"><a href=\"http:\/\/senoticias.com.br\/se\/wp-content\/uploads\/2017\/12\/ocupa\u00e7\u00e3o-em-canind\u00e9-SENOTICIAS-e1513188349316.jpeg\"><img loading=\"lazy\" decoding=\"async\" aria-describedby=\"caption-attachment-109035\" class=\"size-full wp-image-109035\" src=\"http:\/\/senoticias.com.br\/se\/wp-content\/uploads\/2017\/12\/ocupa\u00e7\u00e3o-em-canind\u00e9-SENOTICIAS-e1513188349316.jpeg\" alt=\"Foto: Edmilson Balbino \" width=\"599\" height=\"572\" \/><\/a><p id=\"caption-attachment-109035\" class=\"wp-caption-text\">Servidores est\u00e3o na Secretaria de Finan\u00e7as \u00e0 espera de uma data para o recebimento dos sal\u00e1rios Foto: Edmilson Balbino<\/p><\/div>\n<p style=\"text-align: justify;\"><span style=\"color: #000000;\">O presidente do Sindicato do Servidores P\u00fablicos de Canind\u00e9, Emanuel Aleixo, tratou como falta de respeito com a categoria. &#8220;Mais uma vez os servidores lotados na Secretaria de Sa\u00fade s\u00e3o penalizados, pois a gest\u00e3o do prefeito Ednaldo da Farm\u00e1cia mais uma vez atrasa o pagamento de centenas de servidores da sa\u00fade. A falta de respeito e de sensibilidade por parte da gest\u00e3o do prefeito s\u00f3 aumenta e os profissionais de sa\u00fade, que tem um papel importante perante a sociedade, seja na preven\u00e7\u00e3o ou no atendimento emergencial e de urg\u00eancia n\u00e3o s\u00e3o respeitados&#8221;, diz a nota.<\/span><\/p>\n<p style=\"text-align: justify;\"><span style=\"color: #000000;\">De acordo com o Sindicato, todos os servidores das outras secretarias j\u00e1 receberam os sal\u00e1rios de novembro e a entidade j\u00e1 acionou a inst\u00e2ncia federal. &#8220;E esperamos que sejam mais \u00e1geis que as inst\u00e2ncias municipais e estaduais&#8221;, diz o Sindicato na nota.<\/span><\/p>\n<p style=\"text-align: justify;\"><a href=\"http:\/\/senoticias.com.br\/se\/wp-content\/uploads\/2017\/12\/Logomarca-fone-SE-4-1.jpg\"><img loading=\"lazy\" decoding=\"async\" class=\"aligncenter size-full wp-image-108992\" src=\"http:\/\/senoticias.com.br\/se\/wp-content\/uploads\/2017\/12\/Logomarca-fone-SE-4-1.jpg\" alt=\"Logomarca-fone-SE-4\" width=\"599\" height=\"78\" srcset=\"https:\/\/senoticias.com.br\/se\/wp-content\/uploads\/2017\/12\/Logomarca-fone-SE-4-1.jpg 599w, https:\/\/senoticias.com.br\/se\/wp-content\/uploads\/2017\/12\/Logomarca-fone-SE-4-1-300x39.jpg 300w\" sizes=\"(max-width: 599px) 100vw, 599px\" \/><\/a><\/p>\n<p style=\"text-align: justify;\"><em><strong>Acompanhe tamb\u00e9m o SE Not\u00edcias no\u00a0<a href=\"https:\/\/twitter.com\/Senoticias\" target=\"_blank\">Twitter<\/a>,\u00a0<a href=\"https:\/\/www.facebook.com\/senoticias1\" target=\"_blank\">Facebook<\/a>\u00a0e no\u00a0<a href=\"https:\/\/www.instagram.com\/senoticias\/\" target=\"_blank\">Instagram<\/a>\u00a0<\/strong><\/em><\/p>\n<p style=\"text-align: justify;\">Da Reda\u00e7\u00e3o do SE Not\u00edcias<\/p>\n","protected":false},"excerpt":{"rendered":"<p>Os servidores da sa\u00fade do munic\u00edpio de Canind\u00e9 do S\u00e3o Francisco, no sert\u00e3o de Sergipe, est\u00e3o em greve por tempo indeterminado por falta de pagamento dos sal\u00e1rios do m\u00eas de novembro. Os servidores da sa\u00fade, professores, agentes comunit\u00e1rios e agentes de combate \u00e0s endemias ocuparam a Secretaria de Finan\u00e7as do munic\u00edpio \u00e0 espera de uma [&hellip;]<\/p>\n","protected":false},"author":2,"featured_media":0,"comment_status":"closed","ping_status":"closed","sticky":false,"template":"","format":"standard","meta":{"footnotes":""},"categories":[15,38],"tags":[],"class_list":{"0":"post-109034","1":"post","2":"type-post","3":"status-publish","4":"format-standard","6":"category-destaques","7":"category-municipios"},"_links":{"self":[{"href":"https:\/\/senoticias.com.br\/se\/wp-json\/wp\/v2\/posts\/109034"}],"collection":[{"href":"https:\/\/senoticias.com.br\/se\/wp-json\/wp\/v2\/posts"}],"about":[{"href":"https:\/\/senoticias.com.br\/se\/wp-json\/wp\/v2\/types\/post"}],"author":[{"embeddable":true,"href":"https:\/\/senoticias.com.br\/se\/wp-json\/wp\/v2\/users\/2"}],"replies":[{"embeddable":true,"href":"https:\/\/senoticias.com.br\/se\/wp-json\/wp\/v2\/comments?post=109034"}],"version-history":[{"count":0,"href":"https:\/\/senoticias.com.br\/se\/wp-json\/wp\/v2\/posts\/109034\/revisions"}],"wp:attachment":[{"href":"https:\/\/senoticias.com.br\/se\/wp-json\/wp\/v2\/media?parent=109034"}],"wp:term":[{"taxonomy":"category","embeddable":true,"href":"https:\/\/senoticias.com.br\/se\/wp-json\/wp\/v2\/categories?post=109034"},{"taxonomy":"post_tag","embeddable":true,"href":"https:\/\/senoticias.com.br\/se\/wp-json\/wp\/v2\/tags?post=109034"}],"curies":[{"name":"wp","href":"https:\/\/api.w.org\/{rel}","templated":true}]}}