{"id":109031,"date":"2017-12-13T14:40:24","date_gmt":"2017-12-13T17:40:24","guid":{"rendered":"http:\/\/senoticias.com.br\/se\/?p=109031"},"modified":"2017-12-14T07:51:50","modified_gmt":"2017-12-14T10:51:50","slug":"tv-sergipe-recebe-fiscais-do-ministerio-do-trabalho-e-emprego","status":"publish","type":"post","link":"https:\/\/senoticias.com.br\/se\/tv-sergipe-recebe-fiscais-do-ministerio-do-trabalho-e-emprego\/","title":{"rendered":"TV Sergipe \u00e9 denunciada por m\u00e1s condi\u00e7\u00f5es de trabalho"},"content":{"rendered":"<p style=\"text-align: justify;\"><span style=\"color: #000000;\">Na manh\u00e3 desta quarta-feira, 13 de dezembro, a TV Sergipe recebeu fiscais do Minist\u00e9rio do Trabalho e Emprego para apurar den\u00fancias de m\u00e1s condi\u00e7\u00f5es de trabalho.\u00a0Segundo o Sindicato dos Jornalistas do Estado de Sergipe (Sindijor), os jornalistas s\u00e3o obrigados a trabalhar com o ar condicionado desligado nas reda\u00e7\u00f5es e ilhas de edi\u00e7\u00e3o.<\/span><\/p>\n<div id=\"attachment_109032\" style=\"width: 609px\" class=\"wp-caption aligncenter\"><a href=\"http:\/\/senoticias.com.br\/se\/wp-content\/uploads\/2017\/12\/tv-sergipe-SENOTICIAS-e1513186692639.jpg\"><img loading=\"lazy\" decoding=\"async\" aria-describedby=\"caption-attachment-109032\" class=\"size-full wp-image-109032\" src=\"http:\/\/senoticias.com.br\/se\/wp-content\/uploads\/2017\/12\/tv-sergipe-SENOTICIAS-e1513186692639.jpg\" alt=\"A pedido do SINDIJOR, TV Sergipe recebe fiscaliza\u00e7\u00e3o federal (Foto: TV Sergipe\" width=\"599\" height=\"337\" \/><\/a><p id=\"caption-attachment-109032\" class=\"wp-caption-text\">A pedido do SINDIJOR, TV Sergipe recebe fiscaliza\u00e7\u00e3o federal\u00a0 (foto: TV Sergipe)<\/p><\/div>\n<p style=\"text-align: justify;\"><span style=\"color: #000000;\">Os funcion\u00e1rios reclamam que os aparelhos de ar condicionado s\u00e3o ligados somente em hor\u00e1rios pr\u00e9 estabelecidos pela diretoria da empresa e que n\u00e3o passam mais de uma hora consecutiva ligados. Segundo a dire\u00e7\u00e3o da emissora, a medida visa economia de energia e redu\u00e7\u00e3o de gastos.<\/span><\/p>\n<p style=\"text-align: justify;\"><span style=\"color: #000000;\">O presidente do Sindijor, Paulo Souza, lamentou a situa\u00e7\u00e3o. &#8220;Um absurdo e desrespeito aos profissionais do Jornalismo. Esperamos que a emissora corrija o erro cometido e mantenha o ar-condicionado da reda\u00e7\u00e3o ligado normalmente. Esperamos que n\u00e3o seja necess\u00e1rio radicalizarmos. Ainda confiamos no di\u00e1logo e bom senso&#8221;, afirmou por meio das redes sociais.\u00a0<\/span><\/p>\n<p style=\"text-align: justify;\"><a href=\"http:\/\/senoticias.com.br\/se\/wp-content\/uploads\/2017\/12\/Logomarca-fone-SE-4-1.jpg\"><img loading=\"lazy\" decoding=\"async\" class=\"aligncenter size-full wp-image-108992\" src=\"http:\/\/senoticias.com.br\/se\/wp-content\/uploads\/2017\/12\/Logomarca-fone-SE-4-1.jpg\" alt=\"Logomarca-fone-SE-4\" width=\"599\" height=\"78\" srcset=\"https:\/\/senoticias.com.br\/se\/wp-content\/uploads\/2017\/12\/Logomarca-fone-SE-4-1.jpg 599w, https:\/\/senoticias.com.br\/se\/wp-content\/uploads\/2017\/12\/Logomarca-fone-SE-4-1-300x39.jpg 300w\" sizes=\"(max-width: 599px) 100vw, 599px\" \/><\/a><\/p>\n<p style=\"text-align: justify;\"><em><strong>Acompanhe tamb\u00e9m o SE Not\u00edcias no\u00a0<a href=\"https:\/\/twitter.com\/Senoticias\" target=\"_blank\">Twitter<\/a>,\u00a0<a href=\"https:\/\/www.facebook.com\/senoticias1\" target=\"_blank\">Facebook<\/a>\u00a0e no\u00a0<a href=\"https:\/\/www.instagram.com\/senoticias\/\" target=\"_blank\">Instagram<\/a>\u00a0<\/strong><\/em><\/p>\n<p style=\"text-align: justify;\"><em>Da Reda\u00e7\u00e3o do SE Not\u00edcias<\/em><\/p>\n<p>&nbsp;<\/p>\n","protected":false},"excerpt":{"rendered":"<p>Na manh\u00e3 desta quarta-feira, 13 de dezembro, a TV Sergipe recebeu fiscais do Minist\u00e9rio do Trabalho e Emprego para apurar den\u00fancias de m\u00e1s condi\u00e7\u00f5es de trabalho.\u00a0Segundo o Sindicato dos Jornalistas do Estado de Sergipe (Sindijor), os jornalistas s\u00e3o obrigados a trabalhar com o ar condicionado desligado nas reda\u00e7\u00f5es e ilhas de edi\u00e7\u00e3o. Os funcion\u00e1rios reclamam [&hellip;]<\/p>\n","protected":false},"author":2,"featured_media":109032,"comment_status":"closed","ping_status":"closed","sticky":false,"template":"","format":"standard","meta":{"footnotes":""},"categories":[15,6],"tags":[7588,3027,7587,5265,1612,7146],"class_list":{"0":"post-109031","1":"post","2":"type-post","3":"status-publish","4":"format-standard","5":"has-post-thumbnail","7":"category-destaques","8":"category-politica","9":"tag-arcondicionado","10":"tag-emprego","11":"tag-jornalismo","12":"tag-ministerio","13":"tag-trabalho","14":"tag-tvsergipe"},"_links":{"self":[{"href":"https:\/\/senoticias.com.br\/se\/wp-json\/wp\/v2\/posts\/109031"}],"collection":[{"href":"https:\/\/senoticias.com.br\/se\/wp-json\/wp\/v2\/posts"}],"about":[{"href":"https:\/\/senoticias.com.br\/se\/wp-json\/wp\/v2\/types\/post"}],"author":[{"embeddable":true,"href":"https:\/\/senoticias.com.br\/se\/wp-json\/wp\/v2\/users\/2"}],"replies":[{"embeddable":true,"href":"https:\/\/senoticias.com.br\/se\/wp-json\/wp\/v2\/comments?post=109031"}],"version-history":[{"count":0,"href":"https:\/\/senoticias.com.br\/se\/wp-json\/wp\/v2\/posts\/109031\/revisions"}],"wp:featuredmedia":[{"embeddable":true,"href":"https:\/\/senoticias.com.br\/se\/wp-json\/wp\/v2\/media\/109032"}],"wp:attachment":[{"href":"https:\/\/senoticias.com.br\/se\/wp-json\/wp\/v2\/media?parent=109031"}],"wp:term":[{"taxonomy":"category","embeddable":true,"href":"https:\/\/senoticias.com.br\/se\/wp-json\/wp\/v2\/categories?post=109031"},{"taxonomy":"post_tag","embeddable":true,"href":"https:\/\/senoticias.com.br\/se\/wp-json\/wp\/v2\/tags?post=109031"}],"curies":[{"name":"wp","href":"https:\/\/api.w.org\/{rel}","templated":true}]}}