{"id":109011,"date":"2017-12-12T16:23:34","date_gmt":"2017-12-12T19:23:34","guid":{"rendered":"http:\/\/senoticias.com.br\/se\/?p=109011"},"modified":"2017-12-13T14:14:38","modified_gmt":"2017-12-13T17:14:38","slug":"loja-makro-em-aracaju-e-reinaugurada-onze-meses-apos-incendio","status":"publish","type":"post","link":"https:\/\/senoticias.com.br\/se\/loja-makro-em-aracaju-e-reinaugurada-onze-meses-apos-incendio\/","title":{"rendered":"Loja Makro em Aracaju \u00e9 reinaugurada onze meses ap\u00f3s inc\u00eandio"},"content":{"rendered":"<p style=\"text-align: justify;\"><span style=\"color: #000000;\">A loja do Makro Atacadista foi reinaugurada em Aracaju na manh\u00e3 desta ter\u00e7a- feira, 12 de dezembro, 11 meses ap\u00f3s um <a href=\"http:\/\/senoticias.com.br\/se\/incendio-destroi-loja-da-makro-atacadista-em-aracaju\/\">inc\u00eandio que destruiu toda sua estrutura<\/a>. Um montante de R$ 20 milh\u00f5es foi investido para a reconstru\u00e7\u00e3o da loja no mesmo local de antes, na avenida Tancredo Neves, com estrutura f\u00edsica parecida e mantendo os funcion\u00e1rios antigos.<\/span><\/p>\n<p style=\"text-align: justify;\"><span style=\"color: #000000;\">No Brasil desde 1972, o Makro \u00e9 uma empresa do grupo holand\u00eas SHV (Steenkolen Handeis Vareeniging) e opera em cinco pa\u00edses da Am\u00e9rica do Sul: Argentina, Brasil, Col\u00f4mbia, Peru e Venezuela, atualmente com mais de 130 lojas. A partir do come\u00e7o dos anos 90, investiu na expans\u00e3o de lojas em todo o Brasil, alinhado com o crescimento das demais regi\u00f5es, principalmente nas regi\u00f5es Sul e Nordeste. Atualmente, a empresa atua com 74 lojas no Brasil.<\/span><\/p>\n<div id=\"attachment_109012\" style=\"width: 760px\" class=\"wp-caption aligncenter\"><a href=\"http:\/\/senoticias.com.br\/se\/wp-content\/uploads\/2017\/12\/makro-aracaju-SENOTICIAS.jpg\"><img loading=\"lazy\" decoding=\"async\" aria-describedby=\"caption-attachment-109012\" class=\"size-full wp-image-109012\" src=\"http:\/\/senoticias.com.br\/se\/wp-content\/uploads\/2017\/12\/makro-aracaju-SENOTICIAS.jpg\" alt=\"Muita gente esteve na reinaugura\u00e7\u00e3o da loja em busca de ofertas. \/ Foto: Silvio Rocha\" width=\"750\" height=\"478\" srcset=\"https:\/\/senoticias.com.br\/se\/wp-content\/uploads\/2017\/12\/makro-aracaju-SENOTICIAS.jpg 750w, https:\/\/senoticias.com.br\/se\/wp-content\/uploads\/2017\/12\/makro-aracaju-SENOTICIAS-300x191.jpg 300w, https:\/\/senoticias.com.br\/se\/wp-content\/uploads\/2017\/12\/makro-aracaju-SENOTICIAS-190x122.jpg 190w, https:\/\/senoticias.com.br\/se\/wp-content\/uploads\/2017\/12\/makro-aracaju-SENOTICIAS-120x76.jpg 120w, https:\/\/senoticias.com.br\/se\/wp-content\/uploads\/2017\/12\/makro-aracaju-SENOTICIAS-265x168.jpg 265w, https:\/\/senoticias.com.br\/se\/wp-content\/uploads\/2017\/12\/makro-aracaju-SENOTICIAS-284x180.jpg 284w, https:\/\/senoticias.com.br\/se\/wp-content\/uploads\/2017\/12\/makro-aracaju-SENOTICIAS-220x140.jpg 220w\" sizes=\"(max-width: 750px) 100vw, 750px\" \/><\/a><p id=\"caption-attachment-109012\" class=\"wp-caption-text\">Muita gente esteve na reinaugura\u00e7\u00e3o da loja em busca de ofertas (foto: Silvio Rocha)<\/p><\/div>\n<p style=\"text-align: justify;\"><span style=\"color: #000000;\">O prefeito Edvaldo Nogueira esteve na reinaugura\u00e7\u00e3o e destacou a import\u00e2ncia da loja Makro para a economia do munic\u00edpio. &#8220;Um empreendimento como esse aquece a economia, gera empregos, isso tudo \u00e9 sin\u00f4nimo de progresso e desenvolvimento. Por isso fiz quest\u00e3o de estar aqui hoje. Acredito muito na for\u00e7a do empreendedorismo, na parceria p\u00fablico-privada e acredito, ainda, que \u00e9 atrav\u00e9s de iniciativas como essa que n\u00f3s vamos retomar o crescimento do pa\u00eds, que n\u00f3s vamos gerar emprego, gerar renda que \u00e9 um dos fatores que mais necessitamos no momento\u201d, disse.<\/span><\/p>\n<p style=\"text-align: justify;\"><strong><span style=\"color: #000000;\">Hor\u00e1rio de funcionamento<\/span><\/strong><\/p>\n<p style=\"text-align: justify;\"><span style=\"color: #000000;\">A Loja obedece ao hor\u00e1rio estabelecido pela rede. De segunda a s\u00e1bado funciona das 7h \u00e0s 22h e aos domingos das 7h30 \u00e0s 14h. O hor\u00e1rio de funcionamento nos feriados \u00e9 estabelecido por cada loja.<\/span><\/p>\n<p style=\"text-align: justify;\"><a href=\"http:\/\/senoticias.com.br\/se\/wp-content\/uploads\/2017\/12\/Logomarca-fone-SE-4-1.jpg\"><img loading=\"lazy\" decoding=\"async\" class=\"aligncenter size-full wp-image-108992\" src=\"http:\/\/senoticias.com.br\/se\/wp-content\/uploads\/2017\/12\/Logomarca-fone-SE-4-1.jpg\" alt=\"Logomarca-fone-SE-4\" width=\"599\" height=\"78\" srcset=\"https:\/\/senoticias.com.br\/se\/wp-content\/uploads\/2017\/12\/Logomarca-fone-SE-4-1.jpg 599w, https:\/\/senoticias.com.br\/se\/wp-content\/uploads\/2017\/12\/Logomarca-fone-SE-4-1-300x39.jpg 300w\" sizes=\"(max-width: 599px) 100vw, 599px\" \/><\/a><\/p>\n<p style=\"text-align: justify;\"><em><strong>Acompanhe tamb\u00e9m o SE Not\u00edcias no<\/strong><strong>\u00a0<\/strong><strong><a href=\"https:\/\/twitter.com\/Senoticias\">Twitter<\/a>,<\/strong><strong>\u00a0<\/strong><strong><a href=\"https:\/\/www.facebook.com\/senoticias1\">Facebook<\/a><\/strong><strong>\u00a0<\/strong><strong>e no<\/strong><a href=\"https:\/\/www.instagram.com\/senoticias\/\"><strong>\u00a0<\/strong><strong>Instagram<\/strong><\/a><\/em><\/p>\n<p style=\"text-align: justify;\"><em>Da Reda\u00e7\u00e3o do SE Not\u00edcias<\/em><\/p>\n","protected":false},"excerpt":{"rendered":"<p>A loja do Makro Atacadista foi reinaugurada em Aracaju na manh\u00e3 desta ter\u00e7a- feira, 12 de dezembro, 11 meses ap\u00f3s um inc\u00eandio que destruiu toda sua estrutura. Um montante de R$ 20 milh\u00f5es foi investido para a reconstru\u00e7\u00e3o da loja no mesmo local de antes, na avenida Tancredo Neves, com estrutura f\u00edsica parecida e mantendo [&hellip;]<\/p>\n","protected":false},"author":2,"featured_media":0,"comment_status":"closed","ping_status":"closed","sticky":false,"template":"","format":"standard","meta":{"footnotes":""},"categories":[15,38],"tags":[7578,1966],"class_list":{"0":"post-109011","1":"post","2":"type-post","3":"status-publish","4":"format-standard","6":"category-destaques","7":"category-municipios","8":"tag-makro-aracaju","9":"tag-makro-atacadista"},"_links":{"self":[{"href":"https:\/\/senoticias.com.br\/se\/wp-json\/wp\/v2\/posts\/109011"}],"collection":[{"href":"https:\/\/senoticias.com.br\/se\/wp-json\/wp\/v2\/posts"}],"about":[{"href":"https:\/\/senoticias.com.br\/se\/wp-json\/wp\/v2\/types\/post"}],"author":[{"embeddable":true,"href":"https:\/\/senoticias.com.br\/se\/wp-json\/wp\/v2\/users\/2"}],"replies":[{"embeddable":true,"href":"https:\/\/senoticias.com.br\/se\/wp-json\/wp\/v2\/comments?post=109011"}],"version-history":[{"count":0,"href":"https:\/\/senoticias.com.br\/se\/wp-json\/wp\/v2\/posts\/109011\/revisions"}],"wp:attachment":[{"href":"https:\/\/senoticias.com.br\/se\/wp-json\/wp\/v2\/media?parent=109011"}],"wp:term":[{"taxonomy":"category","embeddable":true,"href":"https:\/\/senoticias.com.br\/se\/wp-json\/wp\/v2\/categories?post=109011"},{"taxonomy":"post_tag","embeddable":true,"href":"https:\/\/senoticias.com.br\/se\/wp-json\/wp\/v2\/tags?post=109011"}],"curies":[{"name":"wp","href":"https:\/\/api.w.org\/{rel}","templated":true}]}}