{"id":109009,"date":"2017-12-12T16:00:18","date_gmt":"2017-12-12T19:00:18","guid":{"rendered":"http:\/\/senoticias.com.br\/se\/?p=109009"},"modified":"2017-12-12T16:00:18","modified_gmt":"2017-12-12T19:00:18","slug":"cpmi-da-jbs-relatorio-pede-indiciamento-de-janot-e-irmaos-batista","status":"publish","type":"post","link":"https:\/\/senoticias.com.br\/se\/cpmi-da-jbs-relatorio-pede-indiciamento-de-janot-e-irmaos-batista\/","title":{"rendered":"CPMI da JBS : relat\u00f3rio pede indiciamento de Janot e irm\u00e3os Batista"},"content":{"rendered":"<p style=\"text-align: justify;\"><span style=\"color: #000000;\">O deputado Carlos Marun (PMDB-MS) pediu, no relat\u00f3rio final da Comiss\u00e3o Parlamentar Mista de Inqu\u00e9rito (CPMI) da JBS, o indiciamento do ex-procurador-geral da Rep\u00fablica Rodrigo Janot e do procurador da Rep\u00fablica Eduardo Pellela, que foi chefe de gabinete de Janot. Os dois, acusados pelo relator dos crimes de prevarica\u00e7\u00e3o e abuso de autoridade, se negaram a comparecer \u00e0 Comiss\u00e3o para prestar esclarecimentos.<\/span><\/p>\n<p style=\"text-align: justify;\"><span style=\"color: #000000;\">No relat\u00f3rio de 326 p\u00e1ginas, apresentado hoje (12), Marun tamb\u00e9m pede o indiciamento dos irm\u00e3os Joesley e Wesley Batista, donos da JBS e s\u00f3cios do grupo J&amp;F, e do ex-executivo da JBS, Ricardo Saud, e do ex-procurador da Rep\u00fablica Marcelo Miller. Os irm\u00e3os Batista e Saud compareceram \u00e0 CPMI e exerceram o direito constitucional de permanecer calados. J\u00e1 Miller respondeu \u00e0s perguntas dos parlamentares, mas n\u00e3o convenceu o relator.<\/span><\/p>\n<p style=\"text-align: justify;\"><span style=\"color: #000000;\">No caso dos irm\u00e3os Batista, Marun pede o indiciamento deles pelos crimes de corrup\u00e7\u00e3o ativa, uso indevido de informa\u00e7\u00e3o privilegiada e manipula\u00e7\u00e3o de mercado. O indiciamento de Saud por \u00e9 pedido por motivo de corrup\u00e7\u00e3o ativa e o de Miller, por corrup\u00e7\u00e3o passiva e improbidade administrativa, entre outros.<\/span><\/p>\n<p style=\"text-align: justify;\"><span style=\"color: #000000;\">Se aprovado na Comiss\u00e3o, o relat\u00f3rio \u00e9 enviado como um documento de sugest\u00f5es para os \u00f3rg\u00e3os competentes.<\/span><\/p>\n<div id=\"attachment_109010\" style=\"width: 609px\" class=\"wp-caption aligncenter\"><a href=\"http:\/\/senoticias.com.br\/se\/wp-content\/uploads\/2017\/12\/janot-e-batista-SENOTICIAS-e1513105156966.jpg\"><img loading=\"lazy\" decoding=\"async\" aria-describedby=\"caption-attachment-109010\" class=\"size-full wp-image-109010\" src=\"http:\/\/senoticias.com.br\/se\/wp-content\/uploads\/2017\/12\/janot-e-batista-SENOTICIAS-e1513105156966.jpg\" alt=\"Imagem: HuffPost Brasil\" width=\"599\" height=\"300\" \/><\/a><p id=\"caption-attachment-109010\" class=\"wp-caption-text\">Imagem: HuffPost Brasil<\/p><\/div>\n<p style=\"text-align: justify;\"><strong><span style=\"color: #000000;\">Temer<\/span><\/strong><\/p>\n<p style=\"text-align: justify;\"><span style=\"color: #000000;\">O relator da CPMI concluiu que as acusa\u00e7\u00f5es de Rodrigo Janot que levaram \u00e0s duas den\u00fancias contra o presidente da Rep\u00fablica, Michel Temer, s\u00e3o infundadas.<\/span><\/p>\n<p style=\"text-align: justify;\"><span style=\"color: #000000;\">Para Marun, as pr\u00e1ticas dos executivos da J&amp;F reveladas com as opera\u00e7\u00f5es policiais, que ele avaliou no documento como \u201cesp\u00farias\u201d, fizeram com que o ent\u00e3o procurador-geral da Rep\u00fablica, Rodrigo Janot, aproveitasse a oportunidade e o cargo que ocupava para \u201cdar azo a uma infundada acusa\u00e7\u00e3o em face do presidente da Rep\u00fablica&#8221;. Ele considerou que a acusa\u00e7\u00e3o &#8220;estava calcada em meios de prova fr\u00e1geis e inid\u00f4neos produzidos pelos irm\u00e3os Batista, que lhe garantiram, atrav\u00e9s da concess\u00e3o do Parquet, a completa imunidade penal e a manuten\u00e7\u00e3o dos bens de sua propriedade que foram angariados mediante a empreitada criminosa ao longo do tempo, al\u00e9m da subscri\u00e7\u00e3o do pacto em tempo recorde\u201d, destaca o documento.<\/span><\/p>\n<p style=\"text-align: justify;\">\n<span style=\"color: #000000;\">Ainda em defesa de Temer, Marun acusa o ex-procurador-geral da Rep\u00fablica de tentar, &#8220;com seu ato travestido de legalidade, derrubar o representante m\u00e1ximo da democracia brasileira, visto que, caso tivesse ocorrido o regular processamento da exordial acusat\u00f3ria, estaria ele impedido de continuar governando a na\u00e7\u00e3o\u201d<\/span><\/p>\n<p style=\"text-align: justify;\"><span style=\"color: #000000;\">O relator da CPMI tamb\u00e9m destaca que toda a acusa\u00e7\u00e3o teve apenas como fundamento a grava\u00e7\u00e3o de uma conversa travada entre o presidente da Rep\u00fablica e Joesley Batista o que, segundo Marun, n\u00e3o revela a pr\u00e1tica de qualquer ato criminoso por parte de Temer.<\/span><\/p>\n<p style=\"text-align: justify;\"><span style=\"color: #000000;\">Sobre o encontro de Temer e Joesley fora da agenda oficial, no Pal\u00e1cio do Jaburu, no qual o empres\u00e1rio gravou o di\u00e1logo com o presidente, o deputado disse que \u201ctrata-se de atividade inerente ao mandato lidar com autoridades e com os maiores representantes do empresariado nacional, visando ao bem da sociedade brasileira. Cabe destacar, por oportuno, que tal atividade ocorre diuturnamente em todos os Poderes da Rep\u00fablica, fazendo parte do pr\u00f3prio of\u00edcio da autoridade\u201d, justificou.<\/span><\/p>\n<p style=\"text-align: justify;\"><strong><span style=\"color: #000000;\">Recomenda\u00e7\u00f5es<\/span><\/strong><\/p>\n<p style=\"text-align: justify;\"><span style=\"color: #000000;\">O deputado Carlos Marun pede que o relat\u00f3rio seja encaminhado aos \u00f3rg\u00e3os estaduais e federal do Minist\u00e9rio P\u00fablico e tamb\u00e9m \u00e0s pol\u00edcias estaduais \u00e0 Pol\u00edcia Federal, conforme as respectivas compet\u00eancias e atribui\u00e7\u00f5es, para ci\u00eancia dos indiciamentos levados a efeito pela CPMI e provid\u00eancias pertinentes.<\/span><\/p>\n<p style=\"text-align: justify;\"><span style=\"color: #000000;\">H\u00e1 ainda a recomenda\u00e7\u00e3o ao Minist\u00e9rio P\u00fablico Federal para que aprofunde as investiga\u00e7\u00f5es relativas ao ex-procurador da Rep\u00fablica Marcello Miller e tamb\u00e9m a Joesley e Wesley Batista e a Ricardo Saud.<\/span><\/p>\n<p style=\"text-align: justify;\"><span style=\"color: #000000;\">Em rela\u00e7\u00e3o a Janot e Eduardo Pelella, Marun pede para que a conduta deles seja avaliada, sob o aspecto administrativo-disciplinar, e que a Procuradoria-Geral da Rep\u00fablica encaminhe ao \u00f3rg\u00e3o competente.<\/span><\/p>\n<p style=\"text-align: justify;\"><strong><span style=\"color: #000000;\">Hist\u00f3rico<\/span><\/strong><\/p>\n<p style=\"text-align: justify;\"><span style=\"color: #000000;\">A comiss\u00e3o foi instalada em 5 de setembro deste ano, para investigar, no prazo de at\u00e9 120 dias, irregularidades envolvendo a empresa JBS em opera\u00e7\u00f5es realizadas com o Banco Nacional de Desenvolvimento Econ\u00f4mico e Social (BNDES), ocorridas entre os anos de 2007 e 2016.<\/span><\/p>\n<p style=\"text-align: justify;\">\n<p style=\"text-align: justify;\"><a href=\"http:\/\/senoticias.com.br\/se\/wp-content\/uploads\/2017\/12\/Logomarca-fone-SE-4-1.jpg\"><img loading=\"lazy\" decoding=\"async\" class=\"aligncenter size-full wp-image-108992\" src=\"http:\/\/senoticias.com.br\/se\/wp-content\/uploads\/2017\/12\/Logomarca-fone-SE-4-1.jpg\" alt=\"Logomarca-fone-SE-4\" width=\"599\" height=\"78\" srcset=\"https:\/\/senoticias.com.br\/se\/wp-content\/uploads\/2017\/12\/Logomarca-fone-SE-4-1.jpg 599w, https:\/\/senoticias.com.br\/se\/wp-content\/uploads\/2017\/12\/Logomarca-fone-SE-4-1-300x39.jpg 300w\" sizes=\"(max-width: 599px) 100vw, 599px\" \/><\/a><\/p>\n<p style=\"text-align: justify;\"><em><strong>Acompanhe tamb\u00e9m o SE Not\u00edcias no\u00a0<a href=\"https:\/\/twitter.com\/Senoticias\" target=\"_blank\">Twitter<\/a>,\u00a0<a href=\"https:\/\/www.facebook.com\/senoticias1\" target=\"_blank\">Facebook<\/a>\u00a0e no\u00a0<a href=\"https:\/\/www.instagram.com\/senoticias\/\" target=\"_blank\">Instagram<\/a><\/strong><\/em><\/p>\n<p style=\"text-align: justify;\">Por Ag\u00eancia Brasil<\/p>\n","protected":false},"excerpt":{"rendered":"<p>O deputado Carlos Marun (PMDB-MS) pediu, no relat\u00f3rio final da Comiss\u00e3o Parlamentar Mista de Inqu\u00e9rito (CPMI) da JBS, o indiciamento do ex-procurador-geral da Rep\u00fablica Rodrigo Janot e do procurador da Rep\u00fablica Eduardo Pellela, que foi chefe de gabinete de Janot. Os dois, acusados pelo relator dos crimes de prevarica\u00e7\u00e3o e abuso de autoridade, se negaram [&hellip;]<\/p>\n","protected":false},"author":2,"featured_media":0,"comment_status":"closed","ping_status":"closed","sticky":false,"template":"","format":"standard","meta":{"footnotes":""},"categories":[15,2961],"tags":[7574,7576,7573,952,3643,2799,2168,3826,7575,5716],"class_list":{"0":"post-109009","1":"post","2":"type-post","3":"status-publish","4":"format-standard","6":"category-destaques","7":"category-nacional","8":"tag-cpi","9":"tag-indiciamento","10":"tag-irmaosbatista","11":"tag-janot","12":"tag-jbs","13":"tag-justica","14":"tag-politica","15":"tag-procurador","16":"tag-relatorio","17":"tag-supremo"},"_links":{"self":[{"href":"https:\/\/senoticias.com.br\/se\/wp-json\/wp\/v2\/posts\/109009"}],"collection":[{"href":"https:\/\/senoticias.com.br\/se\/wp-json\/wp\/v2\/posts"}],"about":[{"href":"https:\/\/senoticias.com.br\/se\/wp-json\/wp\/v2\/types\/post"}],"author":[{"embeddable":true,"href":"https:\/\/senoticias.com.br\/se\/wp-json\/wp\/v2\/users\/2"}],"replies":[{"embeddable":true,"href":"https:\/\/senoticias.com.br\/se\/wp-json\/wp\/v2\/comments?post=109009"}],"version-history":[{"count":0,"href":"https:\/\/senoticias.com.br\/se\/wp-json\/wp\/v2\/posts\/109009\/revisions"}],"wp:attachment":[{"href":"https:\/\/senoticias.com.br\/se\/wp-json\/wp\/v2\/media?parent=109009"}],"wp:term":[{"taxonomy":"category","embeddable":true,"href":"https:\/\/senoticias.com.br\/se\/wp-json\/wp\/v2\/categories?post=109009"},{"taxonomy":"post_tag","embeddable":true,"href":"https:\/\/senoticias.com.br\/se\/wp-json\/wp\/v2\/tags?post=109009"}],"curies":[{"name":"wp","href":"https:\/\/api.w.org\/{rel}","templated":true}]}}