{"id":109007,"date":"2017-12-12T15:53:01","date_gmt":"2017-12-12T18:53:01","guid":{"rendered":"http:\/\/senoticias.com.br\/se\/?p=109007"},"modified":"2017-12-12T17:05:45","modified_gmt":"2017-12-12T20:05:45","slug":"mae-e-padrasto-sao-indiciados-por-assassinato-de-crianca-em-simao-dias","status":"publish","type":"post","link":"https:\/\/senoticias.com.br\/se\/mae-e-padrasto-sao-indiciados-por-assassinato-de-crianca-em-simao-dias\/","title":{"rendered":"M\u00e3e e padrasto s\u00e3o indiciados por assassinato de crian\u00e7a no interior de Sergipe"},"content":{"rendered":"<p style=\"text-align: justify;\"><span style=\"color: #000000;\">A Pol\u00edcia Civil de Sim\u00e3o Dias concluiu nesta ter\u00e7a-feira (12) o inqu\u00e9rito que apurou o assassinato de uma crian\u00e7a de um ano e nove meses, ocorrido no munic\u00edpio no m\u00eas de novembro. O padrasto Jos\u00e9 Leandro Santana Santos &#8211; que est\u00e1 preso &#8211; e a m\u00e3e da crian\u00e7a foram indiciados por homic\u00eddio qualificado. <\/span><\/p>\n<p style=\"text-align: justify;\"><span style=\"color: #000000;\">A menina que ficou internada por dez dias no Hospital de Urg\u00eancia de Sergipe (Huse), em Aracaju, morreu v\u00edtima de traumatismo craniano e outras les\u00f5es decorrentes das agress\u00f5es que sofreu no dia 30 de outubro.<\/span><\/p>\n<div id=\"attachment_109008\" style=\"width: 609px\" class=\"wp-caption aligncenter\"><a href=\"http:\/\/senoticias.com.br\/se\/wp-content\/uploads\/2017\/12\/padrasto-SENOTICIAS-e1513104716963.png\"><img loading=\"lazy\" decoding=\"async\" aria-describedby=\"caption-attachment-109008\" class=\"size-full wp-image-109008\" src=\"http:\/\/senoticias.com.br\/se\/wp-content\/uploads\/2017\/12\/padrasto-SENOTICIAS-e1513104716963.png\" alt=\"Foto: Pol\u00edcia Civil de Sim\u00e3o Dias\" width=\"599\" height=\"335\" \/><\/a><p id=\"caption-attachment-109008\" class=\"wp-caption-text\">Segundo a Pol\u00edcia Civil de Sergipe, o padrasto e \u00e9 o principal suspeito (foto: SSP\/SE)<\/p><\/div>\n<p style=\"text-align: justify;\"><span style=\"color: #000000;\">Segundo o delegado Clever Farias, a conclus\u00e3o do inqu\u00e9rito teve como resultado o indiciamento do padrasto e da m\u00e3e da crian\u00e7a. &#8220;Apesar de n\u00e3o estar presa, ela foi indiciada pelo mesmo crime. A mulher est\u00e1 amamentando o filho rec\u00e9m-nascido, e este foi motivo para a n\u00e3o representa\u00e7\u00e3o da preventiva no momento. Os \u00f3rg\u00e3os de prote\u00e7\u00e3o \u00e0 crian\u00e7a v\u00e3o fiscalizar a m\u00e3e para que isso n\u00e3o se repita com outras crian\u00e7as&#8221;, afirmou.<\/span><\/p>\n<p style=\"text-align: justify;\"><span style=\"color: #000000;\"><strong>Relembre o caso<\/strong><\/span><\/p>\n<p style=\"text-align: justify;\"><span style=\"color: #000000;\">De acordo com a pol\u00edcia, no dia 30 de outubro, ao encaminhar a menina para unidade de sa\u00fade de Sim\u00e3o Dias, a m\u00e3e e o padrasto alegaram que ela teria se engasgado. No entanto, durante o atendimento m\u00e9dico foi verificado que a crian\u00e7a apresentava m\u00faltiplas fraturas e les\u00f5es nos olhos, l\u00e1bios, orelha e virilha, al\u00e9m de apresentar um quadro de traumatismo craniado. A v\u00edtima foi transferida para o Huse, onde acabou morrendo no dia 9 de novembro.<\/span><\/p>\n<p style=\"text-align: justify;\"><span style=\"color: #000000;\">Ap\u00f3s o ocorrido, o casal fugiu de Sim\u00e3o Dias. No andamento das investiga\u00e7\u00f5es, funcion\u00e1rios do hospital e conselheiros tutelares foram ouvidos, juntamente com testemunhas, que revelaram que o acusado costumava agredir a crian\u00e7a. <\/span><\/p>\n<p style=\"text-align: justify;\"><span style=\"color: #000000;\">O laudo cadav\u00e9rico indicou ainda fraturas anteriores, j\u00e1 calcificadas, no f\u00eamur e no joelho. O Jos\u00e9 Leandro foi preso em Lagarto, dias depois do ocorrido. Ao ser ouvido, alegou que a crian\u00e7a teria ca\u00eddo da cadeira ap\u00f3s ser agredida com uma sand\u00e1lia. Ele disse ainda que a menina chorava muito e isso o deixava irritado.<\/span><\/p>\n<p style=\"text-align: justify;\"><a href=\"http:\/\/senoticias.com.br\/se\/wp-content\/uploads\/2017\/12\/Logomarca-fone-SE-4-1.jpg\"><img loading=\"lazy\" decoding=\"async\" class=\"aligncenter size-full wp-image-108992\" src=\"http:\/\/senoticias.com.br\/se\/wp-content\/uploads\/2017\/12\/Logomarca-fone-SE-4-1.jpg\" alt=\"Logomarca-fone-SE-4\" width=\"599\" height=\"78\" srcset=\"https:\/\/senoticias.com.br\/se\/wp-content\/uploads\/2017\/12\/Logomarca-fone-SE-4-1.jpg 599w, https:\/\/senoticias.com.br\/se\/wp-content\/uploads\/2017\/12\/Logomarca-fone-SE-4-1-300x39.jpg 300w\" sizes=\"(max-width: 599px) 100vw, 599px\" \/><\/a><\/p>\n<p style=\"text-align: justify;\"><em><strong>Acompanhe tamb\u00e9m o SE Not\u00edcias no\u00a0<a href=\"https:\/\/twitter.com\/Senoticias\" target=\"_blank\">Twitter<\/a>,\u00a0<a href=\"https:\/\/www.facebook.com\/senoticias1\" target=\"_blank\">Facebook<\/a>\u00a0e no\u00a0<a href=\"https:\/\/www.instagram.com\/senoticias\/\" target=\"_blank\">Instagram<\/a><\/strong><\/em><\/p>\n<p style=\"text-align: justify;\"><em>Por SSP\/SE<\/em><\/p>\n","protected":false},"excerpt":{"rendered":"<p>A Pol\u00edcia Civil de Sim\u00e3o Dias concluiu nesta ter\u00e7a-feira (12) o inqu\u00e9rito que apurou o assassinato de uma crian\u00e7a de um ano e nove meses, ocorrido no munic\u00edpio no m\u00eas de novembro. O padrasto Jos\u00e9 Leandro Santana Santos &#8211; que est\u00e1 preso &#8211; e a m\u00e3e da crian\u00e7a foram indiciados por homic\u00eddio qualificado. A menina [&hellip;]<\/p>\n","protected":false},"author":2,"featured_media":0,"comment_status":"closed","ping_status":"closed","sticky":false,"template":"","format":"standard","meta":{"footnotes":""},"categories":[15,7],"tags":[7570,2920,3500,7572,7136,1303,6456,7569,7571],"class_list":{"0":"post-109007","1":"post","2":"type-post","3":"status-publish","4":"format-standard","6":"category-destaques","7":"category-policia","8":"tag-caso","9":"tag-crianca","10":"tag-homicidio","11":"tag-mae","12":"tag-padrasto","13":"tag-policia","14":"tag-policiacivil","15":"tag-simaodias","16":"tag-solucao"},"_links":{"self":[{"href":"https:\/\/senoticias.com.br\/se\/wp-json\/wp\/v2\/posts\/109007"}],"collection":[{"href":"https:\/\/senoticias.com.br\/se\/wp-json\/wp\/v2\/posts"}],"about":[{"href":"https:\/\/senoticias.com.br\/se\/wp-json\/wp\/v2\/types\/post"}],"author":[{"embeddable":true,"href":"https:\/\/senoticias.com.br\/se\/wp-json\/wp\/v2\/users\/2"}],"replies":[{"embeddable":true,"href":"https:\/\/senoticias.com.br\/se\/wp-json\/wp\/v2\/comments?post=109007"}],"version-history":[{"count":0,"href":"https:\/\/senoticias.com.br\/se\/wp-json\/wp\/v2\/posts\/109007\/revisions"}],"wp:attachment":[{"href":"https:\/\/senoticias.com.br\/se\/wp-json\/wp\/v2\/media?parent=109007"}],"wp:term":[{"taxonomy":"category","embeddable":true,"href":"https:\/\/senoticias.com.br\/se\/wp-json\/wp\/v2\/categories?post=109007"},{"taxonomy":"post_tag","embeddable":true,"href":"https:\/\/senoticias.com.br\/se\/wp-json\/wp\/v2\/tags?post=109007"}],"curies":[{"name":"wp","href":"https:\/\/api.w.org\/{rel}","templated":true}]}}