{"id":109001,"date":"2017-12-12T15:41:27","date_gmt":"2017-12-12T18:41:27","guid":{"rendered":"http:\/\/senoticias.com.br\/se\/?p=109001"},"modified":"2017-12-14T07:53:33","modified_gmt":"2017-12-14T10:53:33","slug":"agencia-do-bradesco-e-assaltada-pela-segunda-vez-em-seis-dias-em-olindina-assista","status":"publish","type":"post","link":"https:\/\/senoticias.com.br\/se\/agencia-do-bradesco-e-assaltada-pela-segunda-vez-em-seis-dias-em-olindina-assista\/","title":{"rendered":"Ag\u00eancia do Bradesco \u00e9 assaltada pela segunda vez em seis dias, em Olindina; assista"},"content":{"rendered":"<p>&nbsp;<\/p>\n<p style=\"text-align: justify;\">Um bando fortemente armado rendeu funcion\u00e1rios e assaltou a ag\u00eancia do Bradesco no munic\u00edpio de Olindina (BA), distante 177 Km de Aracaju.<\/p>\n<div id=\"attachment_109002\" style=\"width: 609px\" class=\"wp-caption aligncenter\"><a href=\"http:\/\/senoticias.com.br\/se\/wp-content\/uploads\/2017\/12\/WhatsApp-Image-2017-12-12-at-15.37.50-1-e1513103137675.jpeg\"><img loading=\"lazy\" decoding=\"async\" aria-describedby=\"caption-attachment-109002\" class=\"size-full wp-image-109002\" src=\"http:\/\/senoticias.com.br\/se\/wp-content\/uploads\/2017\/12\/WhatsApp-Image-2017-12-12-at-15.37.50-1-e1513103137675.jpeg\" alt=\"Criminosos assaltam ag\u00eancia do Bradesco pela segunda vez em seis dias (foto: redes sociais)\" width=\"599\" height=\"337\" \/><\/a><p id=\"caption-attachment-109002\" class=\"wp-caption-text\">Criminosos assaltam ag\u00eancia do Bradesco pela segunda vez em seis dias (foto: redes sociais)<\/p><\/div>\n<p style=\"text-align: justify;\">O bando chegou a cidade por volta das 9h30 desta ter\u00e7a-feira (12).<\/p>\n<p style=\"text-align: justify;\">Segundo informa\u00e7\u00f5es, o grupo estava fortemente e tocaram terror na cidade, foram minutos de tens\u00e3o.<\/p>\n<p style=\"text-align: justify;\">Este \u00e9 o segundo assalto nos \u00faltimos seis dias na mesma ag\u00eancia.<\/p>\n<p><iframe loading=\"lazy\" src=\"https:\/\/www.youtube.com\/embed\/etH1k99YdIQ\" width=\"560\" height=\"315\" frameborder=\"0\" allowfullscreen=\"allowfullscreen\"><\/iframe><\/p>\n<p style=\"text-align: justify;\"><a href=\"http:\/\/senoticias.com.br\/se\/wp-content\/uploads\/2017\/12\/Logomarca-fone-SE-4-1.jpg\"><img loading=\"lazy\" decoding=\"async\" class=\"aligncenter size-full wp-image-108992\" src=\"http:\/\/senoticias.com.br\/se\/wp-content\/uploads\/2017\/12\/Logomarca-fone-SE-4-1.jpg\" alt=\"Logomarca-fone-SE-4\" width=\"599\" height=\"78\" srcset=\"https:\/\/senoticias.com.br\/se\/wp-content\/uploads\/2017\/12\/Logomarca-fone-SE-4-1.jpg 599w, https:\/\/senoticias.com.br\/se\/wp-content\/uploads\/2017\/12\/Logomarca-fone-SE-4-1-300x39.jpg 300w\" sizes=\"(max-width: 599px) 100vw, 599px\" \/><\/a><\/p>\n<p style=\"text-align: justify;\"><em><strong>Acompanhe tamb\u00e9m o SE Not\u00edcias no\u00a0<a href=\"https:\/\/twitter.com\/Senoticias\" target=\"_blank\">Twitter<\/a>,\u00a0<a href=\"https:\/\/www.facebook.com\/senoticias1\" target=\"_blank\">Facebook<\/a>\u00a0e no\u00a0<a href=\"https:\/\/www.instagram.com\/senoticias\/\" target=\"_blank\">Instagram<\/a>\u00a0<\/strong><\/em><\/p>\n<p style=\"text-align: justify;\"><em>Reda\u00e7\u00e3o SE Not\u00edcias<\/em><\/p>\n","protected":false},"excerpt":{"rendered":"<p>&nbsp; Um bando fortemente armado rendeu funcion\u00e1rios e assaltou a ag\u00eancia do Bradesco no munic\u00edpio de Olindina (BA), distante 177 Km de Aracaju. O bando chegou a cidade por volta das 9h30 desta ter\u00e7a-feira (12). Segundo informa\u00e7\u00f5es, o grupo estava fortemente e tocaram terror na cidade, foram minutos de tens\u00e3o. Este \u00e9 o segundo assalto [&hellip;]<\/p>\n","protected":false},"author":2,"featured_media":109002,"comment_status":"closed","ping_status":"closed","sticky":false,"template":"","format":"standard","meta":{"footnotes":""},"categories":[15,7],"tags":[7568,2623,7395,857],"class_list":{"0":"post-109001","1":"post","2":"type-post","3":"status-publish","4":"format-standard","5":"has-post-thumbnail","7":"category-destaques","8":"category-policia","9":"tag-assalto-bradesco","10":"tag-bahia","11":"tag-olindina","12":"tag-violencia"},"_links":{"self":[{"href":"https:\/\/senoticias.com.br\/se\/wp-json\/wp\/v2\/posts\/109001"}],"collection":[{"href":"https:\/\/senoticias.com.br\/se\/wp-json\/wp\/v2\/posts"}],"about":[{"href":"https:\/\/senoticias.com.br\/se\/wp-json\/wp\/v2\/types\/post"}],"author":[{"embeddable":true,"href":"https:\/\/senoticias.com.br\/se\/wp-json\/wp\/v2\/users\/2"}],"replies":[{"embeddable":true,"href":"https:\/\/senoticias.com.br\/se\/wp-json\/wp\/v2\/comments?post=109001"}],"version-history":[{"count":0,"href":"https:\/\/senoticias.com.br\/se\/wp-json\/wp\/v2\/posts\/109001\/revisions"}],"wp:featuredmedia":[{"embeddable":true,"href":"https:\/\/senoticias.com.br\/se\/wp-json\/wp\/v2\/media\/109002"}],"wp:attachment":[{"href":"https:\/\/senoticias.com.br\/se\/wp-json\/wp\/v2\/media?parent=109001"}],"wp:term":[{"taxonomy":"category","embeddable":true,"href":"https:\/\/senoticias.com.br\/se\/wp-json\/wp\/v2\/categories?post=109001"},{"taxonomy":"post_tag","embeddable":true,"href":"https:\/\/senoticias.com.br\/se\/wp-json\/wp\/v2\/tags?post=109001"}],"curies":[{"name":"wp","href":"https:\/\/api.w.org\/{rel}","templated":true}]}}