{"id":108990,"date":"2017-12-12T06:34:03","date_gmt":"2017-12-12T09:34:03","guid":{"rendered":"http:\/\/senoticias.com.br\/se\/?p=108990"},"modified":"2017-12-12T06:34:03","modified_gmt":"2017-12-12T09:34:03","slug":"assembleia-legislativa-promove-3a-edicao-da-cantata-de-natal","status":"publish","type":"post","link":"https:\/\/senoticias.com.br\/se\/assembleia-legislativa-promove-3a-edicao-da-cantata-de-natal\/","title":{"rendered":"Assembleia Legislativa promove 3\u00aa edi\u00e7\u00e3o da Cantata de Natal"},"content":{"rendered":"<p style=\"text-align: justify;\">Em sua 3\u00aa edi\u00e7\u00e3o, a Cantata de Natal da Assembleia Legislativa de Sergipe (Alese), foi realizada na noite desta segunda- feira (11), na Pra\u00e7a Fausto Cardoso, em frente a Escola do Legislativo Jo\u00e3o de Seixas D\u00f3ria. O evento natalino emocionou o p\u00fablico sergipano e teve o objetivo de aproximar a Casa Legislativa da popula\u00e7\u00e3o, bem como proporcionar a reflex\u00e3o acerca do nascimento de Jesus, resgatando a f\u00e9, a esperan\u00e7a e o amor.<\/p>\n<div id=\"attachment_108991\" style=\"width: 609px\" class=\"wp-caption aligncenter\"><a href=\"http:\/\/senoticias.com.br\/se\/wp-content\/uploads\/2017\/12\/ALESE-CANTATA-SE-NOTICIAS.jpg\"><img loading=\"lazy\" decoding=\"async\" aria-describedby=\"caption-attachment-108991\" class=\"size-full wp-image-108991\" src=\"http:\/\/senoticias.com.br\/se\/wp-content\/uploads\/2017\/12\/ALESE-CANTATA-SE-NOTICIAS-e1513071080825.jpg\" alt=\"Alese promove 3\u00aa edi\u00e7\u00e3o da Cantata de Natal\" width=\"599\" height=\"399\" \/><\/a><p id=\"caption-attachment-108991\" class=\"wp-caption-text\">Alese promove 3\u00aa edi\u00e7\u00e3o da Cantata de Natal (foto: C\u00e9sar de Oliveira)<\/p><\/div>\n<p style=\"text-align: justify;\">\n<p>Este ano, o espet\u00e1culo intitulado \u201cNatal Iluminado\u201d, contou com Orquestra Sinf\u00f4nica de Itabaiana, os corais da Assembleia Legislativa de Sergipe \u2013 CORALES e o da Caixa de Assist\u00eancia dos Advogados de Sergipe \u2013 CAASE, ambos regido pelo pianista Joel Magalh\u00e3es, al\u00e9m da participa\u00e7\u00e3o especial do tenor italiano, Sabino Martemucci e a apresenta\u00e7\u00e3o do teatro da Cia de Arte Alese.<\/p>\n<p>O evento, que j\u00e1 faz parte do calend\u00e1rio de Aracaju, contou com a presen\u00e7a das autoridades, o presidente e deputado estadual Luciano Bispo (PMDB), o deputado estadual Paulo Hagenbeck Filho (PTdoB), o presidente do Tribunal de Justi\u00e7a de Sergipe (TJ\/SE), desembargador Ces\u00e1rio Siqueira Neto, a diretora da Escola do Legislativo, Carol Hagenbeck, o maestro da Filarm\u00f4nica Nossa Senhora da Concei\u00e7\u00e3o, Valtenio Souza, entre outras, al\u00e9m do p\u00fablico em geral e imprensa.<\/p>\n<p>Natal Iluminado, teve em seu repert\u00f3rio 10 can\u00e7\u00f5es, entre elas Adeste Fidelis, o Primeiro Natal, Sancta Maria de Mascagni e Nessun Dorma de Puccini.<\/p>\n<p>Para o presidente da Casa Legislativa, o concerto natalino \u00e9 uma forma de desejar ao povo sergipano um feliz natal e um ano novo melhor. Uma vez que 2017 foi um ano muito dif\u00edcil para todos de uma forma geral, n\u00e3o s\u00f3 para a classe pol\u00edtica, mas tamb\u00e9m para as pessoas que sofrem com o desemprego, justificou Bispo acrescentando \u201cque n\u00e3o percamos a esperan\u00e7a e a f\u00e9 em Deus\u201d.<\/p>\n<p>O presidente do TJ\/SE, parabenizou a atua\u00e7\u00e3o do presidente Luciano Bispo que mais uma vez realiza esse espet\u00e1culo \u00fanico para o povo num momento delicado para o pa\u00eds e, principalmente, para Sergipe. \u201d A gente espera que esse evento se repita por muitos anos. O momento de natal tem tudo haver com a m\u00fasica cl\u00e1ssica que \u00e9 inspiradora, numa \u00e9poca de confraterniza\u00e7\u00e3o, onde efetivamente todos os sergipanos devem se unir, juntar esfor\u00e7os para que o nosso estado possa transpor esse momento de dificuldade e cultive a esperan\u00e7a de tempos melhores. Portanto, nada melhor do que a m\u00fasica que \u00e9 um alimento para a alma e para o cora\u00e7\u00e3o\u201d, salientou o desembargador Ces\u00e1rio Siqueira.<\/p>\n<p>O Maestro Valtenio Souza disse que a iniciativa do Poder Legislativo de levar a m\u00fasica cl\u00e1ssica para as ruas al\u00e9m de ser louv\u00e1vel, \u00e9 um excelente entretenimento que remete a todos os sentimentos bons que o natal proporciona. \u201cPara n\u00f3s que fazemos a Filarm\u00f4nica NSC \u00e9 motivo de felicidade oportunizar a m\u00fasica cl\u00e1ssica nas pra\u00e7as, ainda mais quando a institui\u00e7\u00e3o completou no \u00faltimo dia 8 de dezembro, 272 anos de exist\u00eancia\u201d, ressaltou.<\/p>\n<p style=\"text-align: justify;\">\n<p style=\"text-align: justify;\"><a href=\"http:\/\/senoticias.com.br\/se\/wp-content\/uploads\/2017\/12\/Logomarca-fone-SE-4-1.jpg\"><img loading=\"lazy\" decoding=\"async\" class=\"aligncenter size-full wp-image-108992\" src=\"http:\/\/senoticias.com.br\/se\/wp-content\/uploads\/2017\/12\/Logomarca-fone-SE-4-1.jpg\" alt=\"Logomarca-fone-SE-4\" width=\"599\" height=\"78\" srcset=\"https:\/\/senoticias.com.br\/se\/wp-content\/uploads\/2017\/12\/Logomarca-fone-SE-4-1.jpg 599w, https:\/\/senoticias.com.br\/se\/wp-content\/uploads\/2017\/12\/Logomarca-fone-SE-4-1-300x39.jpg 300w\" sizes=\"(max-width: 599px) 100vw, 599px\" \/><\/a><\/p>\n<p style=\"text-align: justify;\">\n<p style=\"text-align: justify;\"><em><strong>Acompanhe tamb\u00e9m o SE Not\u00edcias no\u00a0<a href=\"https:\/\/twitter.com\/Senoticias\" target=\"_blank\">Twitter<\/a>,\u00a0<a href=\"https:\/\/www.facebook.com\/senoticias1\" target=\"_blank\">Facebook<\/a>\u00a0e no\u00a0<a href=\"https:\/\/www.instagram.com\/senoticias\/\" target=\"_blank\">Instagram<\/a><\/strong><\/em><\/p>\n<p style=\"text-align: justify;\">\n<p style=\"text-align: justify;\"><em>Da Ag\u00eancia Alese de Not\u00edcias<\/em><\/p>\n","protected":false},"excerpt":{"rendered":"<p>Em sua 3\u00aa edi\u00e7\u00e3o, a Cantata de Natal da Assembleia Legislativa de Sergipe (Alese), foi realizada na noite desta segunda- feira (11), na Pra\u00e7a Fausto Cardoso, em frente a Escola do Legislativo Jo\u00e3o de Seixas D\u00f3ria. O evento natalino emocionou o p\u00fablico sergipano e teve o objetivo de aproximar a Casa Legislativa da popula\u00e7\u00e3o, bem [&hellip;]<\/p>\n","protected":false},"author":2,"featured_media":108991,"comment_status":"closed","ping_status":"closed","sticky":false,"template":"","format":"standard","meta":{"footnotes":""},"categories":[21],"tags":[7560,3128,140,6781],"class_list":{"0":"post-108990","1":"post","2":"type-post","3":"status-publish","4":"format-standard","5":"has-post-thumbnail","7":"category-entretenimento","8":"tag-3a-edicao-da-cantata-de-natal","9":"tag-assembleia-legislativa","10":"tag-luciano-bispo","11":"tag-natal-iluminado"},"_links":{"self":[{"href":"https:\/\/senoticias.com.br\/se\/wp-json\/wp\/v2\/posts\/108990"}],"collection":[{"href":"https:\/\/senoticias.com.br\/se\/wp-json\/wp\/v2\/posts"}],"about":[{"href":"https:\/\/senoticias.com.br\/se\/wp-json\/wp\/v2\/types\/post"}],"author":[{"embeddable":true,"href":"https:\/\/senoticias.com.br\/se\/wp-json\/wp\/v2\/users\/2"}],"replies":[{"embeddable":true,"href":"https:\/\/senoticias.com.br\/se\/wp-json\/wp\/v2\/comments?post=108990"}],"version-history":[{"count":0,"href":"https:\/\/senoticias.com.br\/se\/wp-json\/wp\/v2\/posts\/108990\/revisions"}],"wp:featuredmedia":[{"embeddable":true,"href":"https:\/\/senoticias.com.br\/se\/wp-json\/wp\/v2\/media\/108991"}],"wp:attachment":[{"href":"https:\/\/senoticias.com.br\/se\/wp-json\/wp\/v2\/media?parent=108990"}],"wp:term":[{"taxonomy":"category","embeddable":true,"href":"https:\/\/senoticias.com.br\/se\/wp-json\/wp\/v2\/categories?post=108990"},{"taxonomy":"post_tag","embeddable":true,"href":"https:\/\/senoticias.com.br\/se\/wp-json\/wp\/v2\/tags?post=108990"}],"curies":[{"name":"wp","href":"https:\/\/api.w.org\/{rel}","templated":true}]}}