{"id":108985,"date":"2017-12-11T20:34:14","date_gmt":"2017-12-11T23:34:14","guid":{"rendered":"http:\/\/senoticias.com.br\/se\/?p=108985"},"modified":"2017-12-12T06:10:56","modified_gmt":"2017-12-12T09:10:56","slug":"policia-civil-prende-suspeito-de-matar-mulher-gravida-em-moita-bonita","status":"publish","type":"post","link":"https:\/\/senoticias.com.br\/se\/policia-civil-prende-suspeito-de-matar-mulher-gravida-em-moita-bonita\/","title":{"rendered":"Pol\u00edcia Civil prende suspeito de matar mulher gr\u00e1vida em Moita Bonita"},"content":{"rendered":"<p style=\"text-align: justify;\">A equipe da Delegacia de Moita Bonita cumpriu nesta segunda-feira (11) o mandado de pris\u00e3o contra Edvaldo dos Santos, o &#8220;Chiquinho&#8221;, que \u00e9 acusado de matar a companheira Maria Etiane Carvalho Gon\u00e7alves, 30. O crime aconteceu no s\u00e1bado (9), na resid\u00eancia do casal no povoado Campo Grande, na zona rural do munic\u00edpio. Edvaldo foi preso no momento em que o acusado se apresentou na delegacia. Em depoimento prestado, ele confessou a autoria do feminic\u00eddio.<\/p>\n<div id=\"attachment_108988\" style=\"width: 609px\" class=\"wp-caption aligncenter\"><a href=\"http:\/\/senoticias.com.br\/se\/wp-content\/uploads\/2017\/12\/grande-183941-e1513069655444.jpg\"><img loading=\"lazy\" decoding=\"async\" aria-describedby=\"caption-attachment-108988\" class=\"size-full wp-image-108988\" src=\"http:\/\/senoticias.com.br\/se\/wp-content\/uploads\/2017\/12\/grande-183941-e1513069655444.jpg\" alt=\"Segundo a pol\u00edcia, o suspeito confessou o crime (foto: SSP\/SE)\" width=\"599\" height=\"398\" \/><\/a><p id=\"caption-attachment-108988\" class=\"wp-caption-text\">Segundo a pol\u00edcia, o suspeito confessou o crime (foto: SSP\/SE)<\/p><\/div>\n<p style=\"text-align: justify;\">De acordo com a delegada Fl\u00e1via Cristina, que preside as investiga\u00e7\u00f5es, Edvaldo contou que ap\u00f3s chegar em casa no s\u00e1bado, com uma quantia em dinheiro, resolveu sair para beber, fato que desagradou a companheira. Por conta disso, os dois tiveram uma discuss\u00e3o. O acusado alega que ficou nervoso e acabou matando a mulher a golpes de machado.<\/p>\n<p style=\"text-align: justify;\">O acusado permanece preso por determina\u00e7\u00e3o da Justi\u00e7a e deve ser encaminhado a uma das unidades prisionais do estado.<\/p>\n<p style=\"text-align: justify;\"><a href=\"http:\/\/senoticias.com.br\/se\/wp-content\/uploads\/2017\/12\/Logomarca-fone-SE-4.jpg\"><img loading=\"lazy\" decoding=\"async\" class=\"aligncenter size-full wp-image-108767\" src=\"http:\/\/senoticias.com.br\/se\/wp-content\/uploads\/2017\/12\/Logomarca-fone-SE-4.jpg\" alt=\"Logomarca-fone-SE-4\" width=\"599\" height=\"78\" srcset=\"https:\/\/senoticias.com.br\/se\/wp-content\/uploads\/2017\/12\/Logomarca-fone-SE-4.jpg 599w, https:\/\/senoticias.com.br\/se\/wp-content\/uploads\/2017\/12\/Logomarca-fone-SE-4-300x39.jpg 300w\" sizes=\"(max-width: 599px) 100vw, 599px\" \/><\/a><\/p>\n<p style=\"text-align: justify;\"><em><strong>Acompanhe tamb\u00e9m o SE Not\u00edcias no\u00a0<a href=\"https:\/\/twitter.com\/Senoticias\" target=\"_blank\">Twitter<\/a>,\u00a0<a href=\"https:\/\/www.facebook.com\/senoticias1\" target=\"_blank\">Facebook<\/a>\u00a0e no\u00a0<a href=\"https:\/\/www.instagram.com\/senoticias\/\" target=\"_blank\">Instagram<\/a><\/strong><\/em><\/p>\n<p style=\"text-align: justify;\"><em>Informa\u00e7\u00f5es da SSP\/SE<\/em><\/p>\n","protected":false},"excerpt":{"rendered":"<p>A equipe da Delegacia de Moita Bonita cumpriu nesta segunda-feira (11) o mandado de pris\u00e3o contra Edvaldo dos Santos, o &#8220;Chiquinho&#8221;, que \u00e9 acusado de matar a companheira Maria Etiane Carvalho Gon\u00e7alves, 30. O crime aconteceu no s\u00e1bado (9), na resid\u00eancia do casal no povoado Campo Grande, na zona rural do munic\u00edpio. Edvaldo foi preso [&hellip;]<\/p>\n","protected":false},"author":2,"featured_media":108988,"comment_status":"closed","ping_status":"closed","sticky":false,"template":"","format":"standard","meta":{"footnotes":""},"categories":[15,7],"tags":[5690,7559,804],"class_list":{"0":"post-108985","1":"post","2":"type-post","3":"status-publish","4":"format-standard","5":"has-post-thumbnail","7":"category-destaques","8":"category-policia","9":"tag-feminicidio","10":"tag-matou-mulher-gravida","11":"tag-moita-bonita"},"_links":{"self":[{"href":"https:\/\/senoticias.com.br\/se\/wp-json\/wp\/v2\/posts\/108985"}],"collection":[{"href":"https:\/\/senoticias.com.br\/se\/wp-json\/wp\/v2\/posts"}],"about":[{"href":"https:\/\/senoticias.com.br\/se\/wp-json\/wp\/v2\/types\/post"}],"author":[{"embeddable":true,"href":"https:\/\/senoticias.com.br\/se\/wp-json\/wp\/v2\/users\/2"}],"replies":[{"embeddable":true,"href":"https:\/\/senoticias.com.br\/se\/wp-json\/wp\/v2\/comments?post=108985"}],"version-history":[{"count":0,"href":"https:\/\/senoticias.com.br\/se\/wp-json\/wp\/v2\/posts\/108985\/revisions"}],"wp:featuredmedia":[{"embeddable":true,"href":"https:\/\/senoticias.com.br\/se\/wp-json\/wp\/v2\/media\/108988"}],"wp:attachment":[{"href":"https:\/\/senoticias.com.br\/se\/wp-json\/wp\/v2\/media?parent=108985"}],"wp:term":[{"taxonomy":"category","embeddable":true,"href":"https:\/\/senoticias.com.br\/se\/wp-json\/wp\/v2\/categories?post=108985"},{"taxonomy":"post_tag","embeddable":true,"href":"https:\/\/senoticias.com.br\/se\/wp-json\/wp\/v2\/tags?post=108985"}],"curies":[{"name":"wp","href":"https:\/\/api.w.org\/{rel}","templated":true}]}}