{"id":108974,"date":"2017-12-11T17:11:29","date_gmt":"2017-12-11T20:11:29","guid":{"rendered":"http:\/\/senoticias.com.br\/se\/?p=108974"},"modified":"2017-12-11T17:11:52","modified_gmt":"2017-12-11T20:11:52","slug":"policia-apreende-nove-adolescentes-no-centro-comercial-de-aracaju","status":"publish","type":"post","link":"https:\/\/senoticias.com.br\/se\/policia-apreende-nove-adolescentes-no-centro-comercial-de-aracaju\/","title":{"rendered":"Pol\u00edcia apreende nove adolescentes no centro comercial de Aracaju"},"content":{"rendered":"<p style=\"text-align: justify;\"><span style=\"color: #000000;\">A Pol\u00edcia Militar do Estado de Sergipe, por meio do Batalh\u00e3o de Pol\u00edcia de Radiopatrulha (BPRp), realizou na tarde do s\u00e1bado, 9, a apreens\u00e3o de nove adolescentes por ato infracional de roubo, no Cal\u00e7ad\u00e3o da Rua Jo\u00e3o Pessoa, centro comercial de Aracaju.<\/span><\/p>\n<p style=\"text-align: justify;\"><span style=\"color: #000000;\">A a\u00e7\u00e3o policial aconteceu por volta das 15h, durante a Opera\u00e7\u00e3o Com\u00e9rcio Seguro, quando a equipe Le\u00e3o 02 recebeu informa\u00e7\u00f5es por meio do Centro Integrado de Opera\u00e7\u00f5es em Seguran\u00e7a P\u00fablica (Ciosp\/190), acerca de arrast\u00f5es praticados por um grupo de jovens a um comerciante do Cal\u00e7ad\u00e3o da Rua Jo\u00e3o Pessoa.<\/span><\/p>\n<p style=\"text-align: justify;\"><span style=\"color: #000000;\">Imediatamente, os militares seguiram ao ponto indicado e avistaram adolescentes com as mesmas caracter\u00edsticas repassadas via Ciosp. No momento da abordagem, uma das v\u00edtimas procurou os policiais e reconheceu os adolescentes. Com os menores, foram encontrados duas caixas de som, quatro camisas, uma bermuda, seis rel\u00f3gios, tr\u00eas telefones celulares, dentre outros objetos. O caso foi encaminhado \u00e0 Delegacia Plantonista Sul.<\/span><\/p>\n<p style=\"text-align: justify;\"><a href=\"http:\/\/senoticias.com.br\/se\/wp-content\/uploads\/2017\/12\/Logomarca-fone-SE-4.jpg\"><img loading=\"lazy\" decoding=\"async\" class=\"aligncenter size-full wp-image-108767\" src=\"http:\/\/senoticias.com.br\/se\/wp-content\/uploads\/2017\/12\/Logomarca-fone-SE-4.jpg\" alt=\"Logomarca-fone-SE-4\" width=\"599\" height=\"78\" srcset=\"https:\/\/senoticias.com.br\/se\/wp-content\/uploads\/2017\/12\/Logomarca-fone-SE-4.jpg 599w, https:\/\/senoticias.com.br\/se\/wp-content\/uploads\/2017\/12\/Logomarca-fone-SE-4-300x39.jpg 300w\" sizes=\"(max-width: 599px) 100vw, 599px\" \/><\/a><\/p>\n<p style=\"text-align: justify;\"><em><strong>Acompanhe tamb\u00e9m o SE Not\u00edcias no\u00a0<a href=\"https:\/\/twitter.com\/Senoticias\" target=\"_blank\">Twitter<\/a>,\u00a0<a href=\"https:\/\/www.facebook.com\/senoticias1\" target=\"_blank\">Facebook<\/a>\u00a0e no\u00a0<a href=\"https:\/\/www.instagram.com\/senoticias\/\" target=\"_blank\">Instagram<\/a><\/strong><\/em><\/p>\n<p style=\"text-align: justify;\">Por PM\/SE<\/p>\n","protected":false},"excerpt":{"rendered":"<p>A Pol\u00edcia Militar do Estado de Sergipe, por meio do Batalh\u00e3o de Pol\u00edcia de Radiopatrulha (BPRp), realizou na tarde do s\u00e1bado, 9, a apreens\u00e3o de nove adolescentes por ato infracional de roubo, no Cal\u00e7ad\u00e3o da Rua Jo\u00e3o Pessoa, centro comercial de Aracaju. A a\u00e7\u00e3o policial aconteceu por volta das 15h, durante a Opera\u00e7\u00e3o Com\u00e9rcio Seguro, [&hellip;]<\/p>\n","protected":false},"author":2,"featured_media":108975,"comment_status":"closed","ping_status":"closed","sticky":false,"template":"","format":"standard","meta":{"footnotes":""},"categories":[7],"tags":[339,7549,1303,3147,2617],"class_list":{"0":"post-108974","1":"post","2":"type-post","3":"status-publish","4":"format-standard","5":"has-post-thumbnail","7":"category-policia","8":"tag-aracaju","9":"tag-centrocomercial","10":"tag-policia","11":"tag-prisao","12":"tag-radiopatrulha"},"_links":{"self":[{"href":"https:\/\/senoticias.com.br\/se\/wp-json\/wp\/v2\/posts\/108974"}],"collection":[{"href":"https:\/\/senoticias.com.br\/se\/wp-json\/wp\/v2\/posts"}],"about":[{"href":"https:\/\/senoticias.com.br\/se\/wp-json\/wp\/v2\/types\/post"}],"author":[{"embeddable":true,"href":"https:\/\/senoticias.com.br\/se\/wp-json\/wp\/v2\/users\/2"}],"replies":[{"embeddable":true,"href":"https:\/\/senoticias.com.br\/se\/wp-json\/wp\/v2\/comments?post=108974"}],"version-history":[{"count":0,"href":"https:\/\/senoticias.com.br\/se\/wp-json\/wp\/v2\/posts\/108974\/revisions"}],"wp:featuredmedia":[{"embeddable":true,"href":"https:\/\/senoticias.com.br\/se\/wp-json\/wp\/v2\/media\/108975"}],"wp:attachment":[{"href":"https:\/\/senoticias.com.br\/se\/wp-json\/wp\/v2\/media?parent=108974"}],"wp:term":[{"taxonomy":"category","embeddable":true,"href":"https:\/\/senoticias.com.br\/se\/wp-json\/wp\/v2\/categories?post=108974"},{"taxonomy":"post_tag","embeddable":true,"href":"https:\/\/senoticias.com.br\/se\/wp-json\/wp\/v2\/tags?post=108974"}],"curies":[{"name":"wp","href":"https:\/\/api.w.org\/{rel}","templated":true}]}}