{"id":108968,"date":"2017-12-11T15:34:53","date_gmt":"2017-12-11T18:34:53","guid":{"rendered":"http:\/\/senoticias.com.br\/se\/?p=108968"},"modified":"2017-12-11T16:58:03","modified_gmt":"2017-12-11T19:58:03","slug":"curso-de-medicina-sera-implantado-em-estancia","status":"publish","type":"post","link":"https:\/\/senoticias.com.br\/se\/curso-de-medicina-sera-implantado-em-estancia\/","title":{"rendered":"Curso de medicina ser\u00e1 implantado em Est\u00e2ncia"},"content":{"rendered":"<p style=\"text-align: justify;\"><span style=\"color: #000000;\">No fim da tarde da \u00faltima quinta-feira, 7, o l\u00edder no Congresso Nacional Andr\u00e9 Moura (PSC-SE) foi comunicado pelo presidente Michel Temer da decis\u00e3o de atender pedido para implantar uma faculdade de Medicina em Est\u00e2ncia. <\/span><\/p>\n<p style=\"text-align: justify;\"><span style=\"color: #000000;\">As obras da nova unidade educacional ser\u00e3o iniciadas em 2018 e estar\u00e3o integradas ao programa \u201cMais M\u00e9dicos\u201d, que atua tamb\u00e9m na forma\u00e7\u00e3o de profissionais atrav\u00e9s da cria\u00e7\u00e3o de novos cursos de gradua\u00e7\u00e3o em medicina.<\/span><\/p>\n<div id=\"attachment_108970\" style=\"width: 609px\" class=\"wp-caption aligncenter\"><a href=\"http:\/\/senoticias.com.br\/se\/wp-content\/uploads\/2017\/12\/mais-medicos-SENOTICIAS-e1513017272259.png\"><img loading=\"lazy\" decoding=\"async\" aria-describedby=\"caption-attachment-108970\" class=\"size-full wp-image-108970\" src=\"http:\/\/senoticias.com.br\/se\/wp-content\/uploads\/2017\/12\/mais-medicos-SENOTICIAS-e1513017272259.png\" alt=\"Foto: divulga\u00e7\u00e3o\" width=\"599\" height=\"393\" \/><\/a><p id=\"caption-attachment-108970\" class=\"wp-caption-text\">Foto: divulga\u00e7\u00e3o<\/p><\/div>\n<p style=\"text-align: justify;\"><span style=\"color: #000000;\">De acordo com Andr\u00e9 Moura, a articula\u00e7\u00e3o entre a nova institui\u00e7\u00e3o de ensino e o sistema de sa\u00fade local possibilitar\u00e1 avan\u00e7os em diversas frentes. \u201cPara Est\u00e2ncia, haver\u00e1 impactos diretos nos aspectos sociais, econ\u00f4micos e na qualidade de vida da popula\u00e7\u00e3o. Milhares de estudantes passar\u00e3o a ter a chance de se formar perto de onde vivem e, ap\u00f3s a forma\u00e7\u00e3o, exercer a profiss\u00e3o tamb\u00e9m pr\u00f3ximo \u00e0 sua comunidade, gra\u00e7as \u00e0 amplia\u00e7\u00e3o dos servi\u00e7os de sa\u00fade\u201d, explicou o parlamentar.<\/span><\/p>\n<p style=\"text-align: justify;\"><span style=\"color: #000000;\">At\u00e9 o final do m\u00eas deste dezembro dever\u00e1 ser publicada no Di\u00e1rio Oficial da Uni\u00e3o a portaria autorizando a implanta\u00e7\u00e3o do curso e outras informa\u00e7\u00f5es complementares.<\/span><\/p>\n<p style=\"text-align: justify;\"><a href=\"http:\/\/senoticias.com.br\/se\/wp-content\/uploads\/2017\/12\/Logomarca-fone-SE-4.jpg\"><img loading=\"lazy\" decoding=\"async\" class=\"aligncenter size-full wp-image-108767\" src=\"http:\/\/senoticias.com.br\/se\/wp-content\/uploads\/2017\/12\/Logomarca-fone-SE-4.jpg\" alt=\"Logomarca-fone-SE-4\" width=\"599\" height=\"78\" srcset=\"https:\/\/senoticias.com.br\/se\/wp-content\/uploads\/2017\/12\/Logomarca-fone-SE-4.jpg 599w, https:\/\/senoticias.com.br\/se\/wp-content\/uploads\/2017\/12\/Logomarca-fone-SE-4-300x39.jpg 300w\" sizes=\"(max-width: 599px) 100vw, 599px\" \/><\/a><\/p>\n<p style=\"text-align: justify;\"><em><strong>Acompanhe tamb\u00e9m o SE Not\u00edcias no\u00a0<a href=\"https:\/\/twitter.com\/Senoticias\" target=\"_blank\">Twitter<\/a>,\u00a0<a href=\"https:\/\/www.facebook.com\/senoticias1\" target=\"_blank\">Facebook<\/a>\u00a0e no\u00a0<a href=\"https:\/\/www.instagram.com\/senoticias\/\" target=\"_blank\">Instagram<\/a><\/strong><\/em><\/p>\n<p style=\"text-align: justify;\"><span style=\"color: #000000;\">Fonte: Assessoria Parlamentar<\/span><\/p>\n","protected":false},"excerpt":{"rendered":"<p>No fim da tarde da \u00faltima quinta-feira, 7, o l\u00edder no Congresso Nacional Andr\u00e9 Moura (PSC-SE) foi comunicado pelo presidente Michel Temer da decis\u00e3o de atender pedido para implantar uma faculdade de Medicina em Est\u00e2ncia. As obras da nova unidade educacional ser\u00e3o iniciadas em 2018 e estar\u00e3o integradas ao programa \u201cMais M\u00e9dicos\u201d, que atua tamb\u00e9m [&hellip;]<\/p>\n","protected":false},"author":2,"featured_media":0,"comment_status":"closed","ping_status":"closed","sticky":false,"template":"","format":"standard","meta":{"footnotes":""},"categories":[38],"tags":[6361,3022,1306,4075,2168,637],"class_list":{"0":"post-108968","1":"post","2":"type-post","3":"status-publish","4":"format-standard","6":"category-municipios","7":"tag-andremoura","8":"tag-cursos","9":"tag-educacao","10":"tag-medicina","11":"tag-politica","12":"tag-temer"},"_links":{"self":[{"href":"https:\/\/senoticias.com.br\/se\/wp-json\/wp\/v2\/posts\/108968"}],"collection":[{"href":"https:\/\/senoticias.com.br\/se\/wp-json\/wp\/v2\/posts"}],"about":[{"href":"https:\/\/senoticias.com.br\/se\/wp-json\/wp\/v2\/types\/post"}],"author":[{"embeddable":true,"href":"https:\/\/senoticias.com.br\/se\/wp-json\/wp\/v2\/users\/2"}],"replies":[{"embeddable":true,"href":"https:\/\/senoticias.com.br\/se\/wp-json\/wp\/v2\/comments?post=108968"}],"version-history":[{"count":0,"href":"https:\/\/senoticias.com.br\/se\/wp-json\/wp\/v2\/posts\/108968\/revisions"}],"wp:attachment":[{"href":"https:\/\/senoticias.com.br\/se\/wp-json\/wp\/v2\/media?parent=108968"}],"wp:term":[{"taxonomy":"category","embeddable":true,"href":"https:\/\/senoticias.com.br\/se\/wp-json\/wp\/v2\/categories?post=108968"},{"taxonomy":"post_tag","embeddable":true,"href":"https:\/\/senoticias.com.br\/se\/wp-json\/wp\/v2\/tags?post=108968"}],"curies":[{"name":"wp","href":"https:\/\/api.w.org\/{rel}","templated":true}]}}