{"id":108961,"date":"2017-12-11T14:14:33","date_gmt":"2017-12-11T17:14:33","guid":{"rendered":"http:\/\/senoticias.com.br\/se\/?p=108961"},"modified":"2017-12-11T17:14:38","modified_gmt":"2017-12-11T20:14:38","slug":"sao-cristovao-esta-ha-doze-dias-sem-mortes-violentas","status":"publish","type":"post","link":"https:\/\/senoticias.com.br\/se\/sao-cristovao-esta-ha-doze-dias-sem-mortes-violentas\/","title":{"rendered":"S\u00e3o Crist\u00f3v\u00e3o est\u00e1 h\u00e1 doze dias sem registro de homic\u00eddios"},"content":{"rendered":"<p style=\"text-align: justify;\"><span style=\"color: #000000;\">Sergipe registrou 32 mortes da \u00faltima sexta-feira, 8, at\u00e9 o domingo, 11. Dessas, 16 foram mortes violentas causadas por arma de fogo, mas nenhuma no munic\u00edpio de S\u00e3o Crist\u00f3v\u00e3o.\u00a0\u00a0<\/span><\/p>\n<div id=\"attachment_108360\" style=\"width: 602px\" class=\"wp-caption aligncenter\"><a href=\"http:\/\/senoticias.com.br\/se\/wp-content\/uploads\/2017\/11\/Pol\u00edcia-Militar-1-e1511180187154.jpg\"><img loading=\"lazy\" decoding=\"async\" aria-describedby=\"caption-attachment-108360\" class=\"size-full wp-image-108360\" src=\"http:\/\/senoticias.com.br\/se\/wp-content\/uploads\/2017\/11\/Pol\u00edcia-Militar-1-e1511180187154.jpg\" alt=\"Segundo o prefeito, Pol\u00edcia Militar, Pol\u00edcia Civil e For\u00e7a Nacional v\u00eam trabalhando em conjunto no combate ao crime no munic\u00edpio. (Foto: Arquivo SE Not\u00edcias)\" width=\"592\" height=\"333\" \/><\/a><p id=\"caption-attachment-108360\" class=\"wp-caption-text\">A\u00a0Pol\u00edcia Militar, Pol\u00edcia Civil e For\u00e7a Nacional v\u00eam trabalhando em conjunto no combate a redu\u00e7\u00e3o da viol\u00eancia no munic\u00edpio (foto: Arquivo SE Not\u00edcias)<\/p><\/div>\n<p style=\"text-align: justify;\"><span style=\"color: #000000;\">A \u00fanica morte registrada na cidade no mesmo per\u00edodo foi a de Charles Evangelista dos Santos, 26 anos, v\u00edtima de afogamento, no Povoado Timb\u00f3. Com isso, o munic\u00edpio est\u00e1 h\u00e1 12 dias sem mortes violentas. O \u00faltimo registro \u00e9 <a href=\"http:\/\/senoticias.com.br\/se\/jovem-de-14-anos-e-assassinada-no-loteamento-rosa-do-oeste-em-sao-cristovao\/\">a morte da jovem Mikaelly, no Loteamento Rosa do Oeste<\/a>.<\/span><\/p>\n<p style=\"text-align: justify;\"><span style=\"color: #000000;\"><strong>Refor\u00e7o no policiamento<\/strong><\/span><\/p>\n<p style=\"text-align: justify;\"><span style=\"color: #000000;\">Em setembro deste ano, devido aos altos \u00edndices de viol\u00eancia, o prefeito Marcos Santana, acompanhado dos vereadores Diego Prado, Adailton Lopes, Rege do Rosa Maria, Edson Pereira e Rafael Oliveira se reuniram com o secret\u00e1rio de Estado da Seguran\u00e7a P\u00fablica, Jo\u00e3o Eloy, para pedir refor\u00e7o no policiamento da cidade, que j\u00e1\u00a0 registrou mais de 80 homic\u00eddios neste ano.<\/span><\/p>\n<p style=\"text-align: justify;\"><span style=\"color: #000000;\">Em outubro, equipes da For\u00e7a Nacional de Seguran\u00e7a, que est\u00e3o no estado desde o m\u00eas de fevereiro, passaram a atuar tamb\u00e9m no munic\u00edpio de S\u00e3o Crist\u00f3v\u00e3o, a fim de reduzir os \u00edndices violentos.<\/span><\/p>\n<p style=\"text-align: justify;\"><span style=\"color: #000000;\">Atendendo aos pedidos do prefeito Marcos Santana, o comandante da Pol\u00edcia Militar, Coronel Marcony Cabral, tem designado equipes especializadas como Getam, CPTran, Batalh\u00e3o de Choque, R\u00e1dio Patrulha e Companhia de Pol\u00edcia Comunit\u00e1ria para refor\u00e7as o policiamento no munic\u00edpio.<\/span><\/p>\n<p style=\"text-align: justify;\"><strong><span style=\"color: #000000;\">S\u00e3o Crist\u00f3v\u00e3o Mais Iluminada<\/span><\/strong><\/p>\n<p style=\"text-align: justify;\"><span style=\"color: #000000;\">Entre as a\u00e7\u00f5es da gest\u00e3o do prefeito Marcos Santana, o programa de melhoria e implanta\u00e7\u00e3o de novos pontos de ilumina\u00e7\u00e3o vem se mostrando um dos mais relevantes para a quest\u00e3o da seguran\u00e7a, especialmente para as regi\u00f5es de alta vulnerabilidade social.<\/span><\/p>\n<p style=\"text-align: justify;\"><a href=\"http:\/\/senoticias.com.br\/se\/wp-content\/uploads\/2017\/12\/Logomarca-fone-SE-4.jpg\"><img loading=\"lazy\" decoding=\"async\" class=\"aligncenter size-full wp-image-108767\" src=\"http:\/\/senoticias.com.br\/se\/wp-content\/uploads\/2017\/12\/Logomarca-fone-SE-4.jpg\" alt=\"Logomarca-fone-SE-4\" width=\"599\" height=\"78\" srcset=\"https:\/\/senoticias.com.br\/se\/wp-content\/uploads\/2017\/12\/Logomarca-fone-SE-4.jpg 599w, https:\/\/senoticias.com.br\/se\/wp-content\/uploads\/2017\/12\/Logomarca-fone-SE-4-300x39.jpg 300w\" sizes=\"(max-width: 599px) 100vw, 599px\" \/><\/a><\/p>\n<p style=\"text-align: justify;\"><em><strong>Acompanhe tamb\u00e9m o SE Not\u00edcias no\u00a0<a href=\"https:\/\/twitter.com\/Senoticias\" target=\"_blank\">Twitter<\/a>,\u00a0<a href=\"https:\/\/www.facebook.com\/senoticias1\" target=\"_blank\">Facebook<\/a>\u00a0e no\u00a0<a href=\"https:\/\/www.instagram.com\/senoticias\/\" target=\"_blank\">Instagram<\/a><\/strong><\/em><\/p>\n<p style=\"text-align: justify;\"><em>Da Reda\u00e7\u00e3o do SE Not\u00edcias<\/em><\/p>\n","protected":false},"excerpt":{"rendered":"<p>Sergipe registrou 32 mortes da \u00faltima sexta-feira, 8, at\u00e9 o domingo, 11. Dessas, 16 foram mortes violentas causadas por arma de fogo, mas nenhuma no munic\u00edpio de S\u00e3o Crist\u00f3v\u00e3o.\u00a0\u00a0 A \u00fanica morte registrada na cidade no mesmo per\u00edodo foi a de Charles Evangelista dos Santos, 26 anos, v\u00edtima de afogamento, no Povoado Timb\u00f3. Com isso, [&hellip;]<\/p>\n","protected":false},"author":2,"featured_media":108360,"comment_status":"closed","ping_status":"closed","sticky":false,"template":"","format":"standard","meta":{"footnotes":""},"categories":[15,7],"tags":[2577,1498,5483,314,335,4343,223,3901,857],"class_list":{"0":"post-108961","1":"post","2":"type-post","3":"status-publish","4":"format-standard","5":"has-post-thumbnail","7":"category-destaques","8":"category-policia","9":"tag-iml","10":"tag-marcos-santana","11":"tag-mortes","12":"tag-prefeito","13":"tag-sao-cristovao","14":"tag-seguranca","15":"tag-sergipe","16":"tag-ssp","17":"tag-violencia"},"_links":{"self":[{"href":"https:\/\/senoticias.com.br\/se\/wp-json\/wp\/v2\/posts\/108961"}],"collection":[{"href":"https:\/\/senoticias.com.br\/se\/wp-json\/wp\/v2\/posts"}],"about":[{"href":"https:\/\/senoticias.com.br\/se\/wp-json\/wp\/v2\/types\/post"}],"author":[{"embeddable":true,"href":"https:\/\/senoticias.com.br\/se\/wp-json\/wp\/v2\/users\/2"}],"replies":[{"embeddable":true,"href":"https:\/\/senoticias.com.br\/se\/wp-json\/wp\/v2\/comments?post=108961"}],"version-history":[{"count":0,"href":"https:\/\/senoticias.com.br\/se\/wp-json\/wp\/v2\/posts\/108961\/revisions"}],"wp:featuredmedia":[{"embeddable":true,"href":"https:\/\/senoticias.com.br\/se\/wp-json\/wp\/v2\/media\/108360"}],"wp:attachment":[{"href":"https:\/\/senoticias.com.br\/se\/wp-json\/wp\/v2\/media?parent=108961"}],"wp:term":[{"taxonomy":"category","embeddable":true,"href":"https:\/\/senoticias.com.br\/se\/wp-json\/wp\/v2\/categories?post=108961"},{"taxonomy":"post_tag","embeddable":true,"href":"https:\/\/senoticias.com.br\/se\/wp-json\/wp\/v2\/tags?post=108961"}],"curies":[{"name":"wp","href":"https:\/\/api.w.org\/{rel}","templated":true}]}}