{"id":108958,"date":"2017-12-11T13:04:54","date_gmt":"2017-12-11T16:04:54","guid":{"rendered":"http:\/\/senoticias.com.br\/se\/?p=108958"},"modified":"2017-12-11T13:04:54","modified_gmt":"2017-12-11T16:04:54","slug":"fames-aprova-carta-aos-parlamentares-sergipanos-pela-aprovacao-da-reforma-da-previdencia","status":"publish","type":"post","link":"https:\/\/senoticias.com.br\/se\/fames-aprova-carta-aos-parlamentares-sergipanos-pela-aprovacao-da-reforma-da-previdencia\/","title":{"rendered":"FAMES aprova carta aos parlamentares sergipanos pela aprova\u00e7\u00e3o da Reforma da Previd\u00eancia"},"content":{"rendered":"<p>&nbsp;<\/p>\n<p style=\"text-align: justify;\">A Federa\u00e7\u00e3o dos Munic\u00edpios do Estado de Sergipe (FAMES) aprovou, durante reuni\u00e3o com prefeitos sergipanos na manh\u00e3 de hoje, 11, o encaminhamento da \u201cCarta Aberta aos parlamentares sergipanos. Pela aprova\u00e7\u00e3o da Reforma da Previd\u00eancia\u201d, atrav\u00e9s da qual solicitam dos deputados federais e senadores, empenho na aprova\u00e7\u00e3o da reforma, que deve come\u00e7ar a tramitar na C\u00e2mara dos Deputados essa semana. No documento, os gestores afirmam que esse \u00e9 um tema extremamente delicado, mas que consideram essencial para o futuro do Brasil. \u201cIndependente de bandeiras partid\u00e1rias, entendemos que o modelo de reforma proposto, preserva os direitos dos aposentados e busca equilibrar o sistema\u201d, diz o documento.<\/p>\n<div id=\"attachment_108960\" style=\"width: 609px\" class=\"wp-caption aligncenter\"><a href=\"http:\/\/senoticias.com.br\/se\/wp-content\/uploads\/2017\/12\/fames.jpg\"><img loading=\"lazy\" decoding=\"async\" aria-describedby=\"caption-attachment-108960\" class=\"size-full wp-image-108960\" src=\"http:\/\/senoticias.com.br\/se\/wp-content\/uploads\/2017\/12\/fames-e1513008197135.jpg\" alt=\"FAMES) aprovou, durante reuni\u00e3o com prefeitos sergipanos na manh\u00e3 de hoje, 11, o encaminhamento da \u201cCarta Aberta aos parlamentares sergipanos\" width=\"599\" height=\"399\" \/><\/a><p id=\"caption-attachment-108960\" class=\"wp-caption-text\">FAMES) aprovou, durante reuni\u00e3o com prefeitos sergipanos na manh\u00e3 de hoje, 11, o encaminhamento da \u201cCarta Aberta aos parlamentares sergipanos (foto: ascom\/Fames)<\/p><\/div>\n<p style=\"text-align: justify;\">De acordo com a Carta dos prefeitos, sem mudan\u00e7a nas regras, o Brasil corre o risco de entrar em colapso fiscal. \u201cEm 2016, o d\u00e9ficit da Previd\u00eancia atingiu in\u00e9ditos R$ 227 bilh\u00f5es. Todo esse dinheiro \u00e9 equivalente a quase dez vezes o que se investe no Bolsa Fam\u00edlia. \u00c9 tamb\u00e9m mais que o dobro do or\u00e7amento do Minist\u00e9rio da Sa\u00fade. Para 2017, a previs\u00e3o \u00e9 de que esse rombo chegue a R$ 263 bilh\u00f5es\u201d, apontam.<\/p>\n<p style=\"text-align: justify;\">Na opini\u00e3o dos gestores, \u201c\u00e9 preciso ter responsabilidade neste momento para evitar futuras crises e garantir um Pa\u00eds com investimentos em todas as suas \u00e1reas estrat\u00e9gicas, como sa\u00fade, educa\u00e7\u00e3o, infraestrutura e seguran\u00e7a.\u201d Segundo o documento, com gastos de Previd\u00eancia que avan\u00e7am como no ritmo atual, \u201cem algum momento n\u00e3o haver\u00e1 mais dinheiro para manter o Brasil em funcionamento, e isso vai al\u00e9m do setor p\u00fablico, mas atinge todos os setores da economia nacional.\u201d<\/p>\n<p style=\"text-align: justify;\">A FAMES tamb\u00e9m exp\u00f5e aos parlamentares sergipanos, que as prefeituras de todo o pa\u00eds tamb\u00e9m sofrem com a crise financeira e o rombo previdenci\u00e1rio, que impede o governo de fazer novos investimentos e reajustar o financiamento de v\u00e1rios programas, como PSF, Merenda Escolar, Transporte Escolar, que hoje est\u00e3o defasados e s\u00e3o complementados com dinheiro dos Munic\u00edpios, que j\u00e1 s\u00e3o insuficientes para os servi\u00e7os b\u00e1sicos.<\/p>\n<p style=\"text-align: justify;\">\u201c\u00c9 preciso ter responsabilidade com o futuro de milh\u00f5es de brasileiros. O pagamento das suas aposentadorias e pens\u00f5es est\u00e1 sob risco. Reformar agora \u00e9 garantir seguran\u00e7a e tranquilidade para os atuais e futuros beneficiados da Previd\u00eancia Social do Brasil\u201d, conclui a Carta, que foi assinado pelo presidente da FAMES, Marcos Jos\u00e9 Barreto, representando todos os munic\u00edpios filiados.<\/p>\n<p style=\"text-align: justify;\">\n<p style=\"text-align: justify;\"><a href=\"http:\/\/senoticias.com.br\/se\/wp-content\/uploads\/2017\/12\/Logomarca-fone-SE-4.jpg\"><img loading=\"lazy\" decoding=\"async\" class=\"aligncenter size-full wp-image-108767\" src=\"http:\/\/senoticias.com.br\/se\/wp-content\/uploads\/2017\/12\/Logomarca-fone-SE-4.jpg\" alt=\"Logomarca-fone-SE-4\" width=\"599\" height=\"78\" srcset=\"https:\/\/senoticias.com.br\/se\/wp-content\/uploads\/2017\/12\/Logomarca-fone-SE-4.jpg 599w, https:\/\/senoticias.com.br\/se\/wp-content\/uploads\/2017\/12\/Logomarca-fone-SE-4-300x39.jpg 300w\" sizes=\"(max-width: 599px) 100vw, 599px\" \/><\/a><\/p>\n<p style=\"text-align: justify;\">\n<p style=\"text-align: justify;\"><em><strong>Acompanhe tamb\u00e9m o SE Not\u00edcias no\u00a0<a href=\"https:\/\/twitter.com\/Senoticias\" target=\"_blank\">Twitter<\/a>,\u00a0<a href=\"https:\/\/www.facebook.com\/senoticias1\" target=\"_blank\">Facebook<\/a>\u00a0e no\u00a0<a href=\"https:\/\/www.instagram.com\/senoticias\/\" target=\"_blank\">Instagram<\/a>\u00a0<\/strong><\/em><\/p>\n<p><em>\u00a0ASCOM\/FAMES<\/em><\/p>\n","protected":false},"excerpt":{"rendered":"<p>&nbsp; A Federa\u00e7\u00e3o dos Munic\u00edpios do Estado de Sergipe (FAMES) aprovou, durante reuni\u00e3o com prefeitos sergipanos na manh\u00e3 de hoje, 11, o encaminhamento da \u201cCarta Aberta aos parlamentares sergipanos. Pela aprova\u00e7\u00e3o da Reforma da Previd\u00eancia\u201d, atrav\u00e9s da qual solicitam dos deputados federais e senadores, empenho na aprova\u00e7\u00e3o da reforma, que deve come\u00e7ar a tramitar na [&hellip;]<\/p>\n","protected":false},"author":2,"featured_media":108960,"comment_status":"closed","ping_status":"closed","sticky":false,"template":"","format":"standard","meta":{"footnotes":""},"categories":[6],"tags":[2690,7545,3348],"class_list":{"0":"post-108958","1":"post","2":"type-post","3":"status-publish","4":"format-standard","5":"has-post-thumbnail","7":"category-politica","8":"tag-fames","9":"tag-federacao-dos-municipios-do-estado-de-sergip","10":"tag-reforma-da-previdencia"},"_links":{"self":[{"href":"https:\/\/senoticias.com.br\/se\/wp-json\/wp\/v2\/posts\/108958"}],"collection":[{"href":"https:\/\/senoticias.com.br\/se\/wp-json\/wp\/v2\/posts"}],"about":[{"href":"https:\/\/senoticias.com.br\/se\/wp-json\/wp\/v2\/types\/post"}],"author":[{"embeddable":true,"href":"https:\/\/senoticias.com.br\/se\/wp-json\/wp\/v2\/users\/2"}],"replies":[{"embeddable":true,"href":"https:\/\/senoticias.com.br\/se\/wp-json\/wp\/v2\/comments?post=108958"}],"version-history":[{"count":0,"href":"https:\/\/senoticias.com.br\/se\/wp-json\/wp\/v2\/posts\/108958\/revisions"}],"wp:featuredmedia":[{"embeddable":true,"href":"https:\/\/senoticias.com.br\/se\/wp-json\/wp\/v2\/media\/108960"}],"wp:attachment":[{"href":"https:\/\/senoticias.com.br\/se\/wp-json\/wp\/v2\/media?parent=108958"}],"wp:term":[{"taxonomy":"category","embeddable":true,"href":"https:\/\/senoticias.com.br\/se\/wp-json\/wp\/v2\/categories?post=108958"},{"taxonomy":"post_tag","embeddable":true,"href":"https:\/\/senoticias.com.br\/se\/wp-json\/wp\/v2\/tags?post=108958"}],"curies":[{"name":"wp","href":"https:\/\/api.w.org\/{rel}","templated":true}]}}