{"id":108945,"date":"2017-12-10T19:37:03","date_gmt":"2017-12-10T22:37:03","guid":{"rendered":"http:\/\/senoticias.com.br\/se\/?p=108945"},"modified":"2017-12-10T19:40:31","modified_gmt":"2017-12-10T22:40:31","slug":"prefeitura-de-sao-cristovao-e-senar-firmam-parceria-para-acao-de-saude-em-comunidades-rurais","status":"publish","type":"post","link":"https:\/\/senoticias.com.br\/se\/prefeitura-de-sao-cristovao-e-senar-firmam-parceria-para-acao-de-saude-em-comunidades-rurais\/","title":{"rendered":"Prefeitura de S\u00e3o Crist\u00f3v\u00e3o e Senar firmam parceria para a\u00e7\u00e3o de sa\u00fade em comunidades rurais"},"content":{"rendered":"<p>&nbsp;<\/p>\n<p style=\"text-align: justify;\">Neste domingo (10), a Prefeitura de S\u00e3o Crist\u00f3v\u00e3o, em parceria com o Servi\u00e7o Nacional de Aprendizagem Rural (Senar), realizou o \u201cSa\u00fade no Campo\u201d no povoado Rita Cacete. A a\u00e7\u00e3o objetiva atingir 300 pessoas, entre homens e mulheres, e estimular o cuidado com a sa\u00fade. O conv\u00eanio firmando o acordo foi assinado nesta sexta-feira (8), entre o prefeito Marcos Santana e o presidente do Senar Sergipe, Ivan Sobral.<\/p>\n<div id=\"attachment_108946\" style=\"width: 510px\" class=\"wp-caption aligncenter\"><a href=\"http:\/\/senoticias.com.br\/se\/wp-content\/uploads\/2017\/12\/Prefeitura-de-Sao-Cristovao-SE-Noticias.jpeg\"><img loading=\"lazy\" decoding=\"async\" aria-describedby=\"caption-attachment-108946\" class=\"size-full wp-image-108946\" src=\"http:\/\/senoticias.com.br\/se\/wp-content\/uploads\/2017\/12\/Prefeitura-de-Sao-Cristovao-SE-Noticias.jpeg\" alt=\"Prefeitura de S\u00e3o Crist\u00f3v\u00e3o e Senar firmam parceria para a\u00e7\u00e3o de sa\u00fade em comunidades rurais\" width=\"500\" height=\"318\" srcset=\"https:\/\/senoticias.com.br\/se\/wp-content\/uploads\/2017\/12\/Prefeitura-de-Sao-Cristovao-SE-Noticias.jpeg 500w, https:\/\/senoticias.com.br\/se\/wp-content\/uploads\/2017\/12\/Prefeitura-de-Sao-Cristovao-SE-Noticias-300x191.jpeg 300w, https:\/\/senoticias.com.br\/se\/wp-content\/uploads\/2017\/12\/Prefeitura-de-Sao-Cristovao-SE-Noticias-190x122.jpeg 190w, https:\/\/senoticias.com.br\/se\/wp-content\/uploads\/2017\/12\/Prefeitura-de-Sao-Cristovao-SE-Noticias-120x76.jpeg 120w, https:\/\/senoticias.com.br\/se\/wp-content\/uploads\/2017\/12\/Prefeitura-de-Sao-Cristovao-SE-Noticias-265x168.jpeg 265w, https:\/\/senoticias.com.br\/se\/wp-content\/uploads\/2017\/12\/Prefeitura-de-Sao-Cristovao-SE-Noticias-284x180.jpeg 284w, https:\/\/senoticias.com.br\/se\/wp-content\/uploads\/2017\/12\/Prefeitura-de-Sao-Cristovao-SE-Noticias-274x173.jpeg 274w, https:\/\/senoticias.com.br\/se\/wp-content\/uploads\/2017\/12\/Prefeitura-de-Sao-Cristovao-SE-Noticias-220x140.jpeg 220w\" sizes=\"(max-width: 500px) 100vw, 500px\" \/><\/a><p id=\"caption-attachment-108946\" class=\"wp-caption-text\">Prefeitura e Senar firmam parceria para a\u00e7\u00e3o de sa\u00fade em comunidades rurais (foto: Daniele Pereira\/ascom\/PMSC)<\/p><\/div>\n<p style=\"text-align: justify;\">Para o prefeito Marcos Santana, o \u2018Sa\u00fade no Campo\u2019 reitera a credibilidade da gest\u00e3o, a qual vem atraindo parcerias de institui\u00e7\u00f5es p\u00fablicas, como a Universidade Federal de Sergipe e Capitania dos Portos.<\/p>\n<p style=\"text-align: justify;\">\u201cO Senar \u00e9 mais uma institui\u00e7\u00e3o que se disponibiliza a nos ajudar. Para a a\u00e7\u00e3o deste domingo, eles dispuseram recursos e equipe para realizarmos exames preventivos. O cr\u00e9dito que n\u00f3s obtivemos junto a v\u00e1rias institui\u00e7\u00f5es que est\u00e3o se predispondo a ajudar nosso munic\u00edpio \u00e9 fundamental. Ficamos muito alegres quando a administra\u00e7\u00e3o inspira credibilidade e confian\u00e7a\u201d, afirmou.<\/p>\n<p style=\"text-align: justify;\">Ser\u00e3o realizados exames de citologia, PSA, Exame do toque retal e testes r\u00e1pidos (S\u00edfilis, HIV, Hepatite B e C), al\u00e9m de palestras de sensibiliza\u00e7\u00e3o e conscientiza\u00e7\u00e3o para cuidados preventivos. Para participar, \u00e9 preciso levar carteira de Identidade e o cart\u00e3o do Sistema \u00danico de Sa\u00fade (SUS). Quem n\u00e3o tiver o cart\u00e3o do SUS, poder\u00e1 fazer durante o evento, como explica a secret\u00e1ria de Sa\u00fade, Jo\u00e9lia Silva.<\/p>\n<p style=\"text-align: justify;\">\u201cSer\u00e3o atendidos 150 homens e 150 mulheres, uma a\u00e7\u00e3o conjunta com todos os trabalhadores rurais. O povoado Rita Cacete foi escolhido porque possui assentamentos e uma popula\u00e7\u00e3o com dificuldade de frequentar as unidades de sa\u00fade durante a semana. Ser\u00e1 um dia de atendimento e de informa\u00e7\u00e3o. A equipe de sa\u00fade \u00e9 da rede municipal, com exce\u00e7\u00e3o do urologista, que vem por meio do Senar, e teremos uma equipe de regula\u00e7\u00e3o para fazer o cart\u00e3o do SUS durante o evento\u201d, disse, acrescentando que, a partir de janeiro, a Secretaria promover\u00e1 mutir\u00f5es de Sa\u00fade no grande Rosa Elze.<\/p>\n<p style=\"text-align: justify;\">\u201cA popula\u00e7\u00e3o nos pede muito a\u00e7\u00f5es como mutir\u00f5es porque \u00e9 um n\u00famero muito grande de pessoas que n\u00e3o \u00e9 atendido por conta da rotina de trabalho. Faremos um modelo de mutir\u00e3o com mais especialidades para realiza\u00e7\u00e3o de consultas e exames\u201d.<\/p>\n<p style=\"text-align: justify;\">S\u00e3o Crist\u00f3v\u00e3o \u00e9 o terceiro munic\u00edpio a receber o evento, cujas edi\u00e7\u00f5es anteriores ocorreram em Itaporanga D\u2019Ajuda e Indiaroba. \u201cNossa busca \u00e9 envolver homens e mulheres do campo nos cuidados com a sa\u00fade. S\u00e3o Crist\u00f3v\u00e3o foi escolhido por ter uma popula\u00e7\u00e3o rural relevante. Tamb\u00e9m temos o objetivo de trazer o Cine Senar, um projeto novo que objetiva levar entretenimento para as fam\u00edlias do campo\u201d, informou o presidente do Senar Sergipe, Ivan Sobral.<\/p>\n<p>&nbsp;<\/p>\n<p><a href=\"http:\/\/senoticias.com.br\/se\/wp-content\/uploads\/2017\/12\/Logomarca-fone-SE-4.jpg\"><img loading=\"lazy\" decoding=\"async\" class=\"aligncenter size-full wp-image-108767\" src=\"http:\/\/senoticias.com.br\/se\/wp-content\/uploads\/2017\/12\/Logomarca-fone-SE-4.jpg\" alt=\"Logomarca-fone-SE-4\" width=\"599\" height=\"78\" srcset=\"https:\/\/senoticias.com.br\/se\/wp-content\/uploads\/2017\/12\/Logomarca-fone-SE-4.jpg 599w, https:\/\/senoticias.com.br\/se\/wp-content\/uploads\/2017\/12\/Logomarca-fone-SE-4-300x39.jpg 300w\" sizes=\"(max-width: 599px) 100vw, 599px\" \/><\/a><\/p>\n<p>&nbsp;<\/p>\n<p><em><strong>Acompanhe tamb\u00e9m o SE Not\u00edcias no\u00a0<a href=\"https:\/\/twitter.com\/Senoticias\" target=\"_blank\">Twitter<\/a>,\u00a0<a href=\"https:\/\/www.facebook.com\/senoticias1\" target=\"_blank\">Facebook<\/a>\u00a0e no\u00a0<a href=\"https:\/\/www.instagram.com\/senoticias\/\" target=\"_blank\">Instagram<\/a><\/strong><\/em><\/p>\n<p><em>por Ascom\/PMSC<\/em><\/p>\n","protected":false},"excerpt":{"rendered":"<p>&nbsp; Neste domingo (10), a Prefeitura de S\u00e3o Crist\u00f3v\u00e3o, em parceria com o Servi\u00e7o Nacional de Aprendizagem Rural (Senar), realizou o \u201cSa\u00fade no Campo\u201d no povoado Rita Cacete. A a\u00e7\u00e3o objetiva atingir 300 pessoas, entre homens e mulheres, e estimular o cuidado com a sa\u00fade. O conv\u00eanio firmando o acordo foi assinado nesta sexta-feira (8), [&hellip;]<\/p>\n","protected":false},"author":2,"featured_media":108946,"comment_status":"closed","ping_status":"closed","sticky":false,"template":"","format":"standard","meta":{"footnotes":""},"categories":[38,1],"tags":[1498,81,7542,5170,6301],"class_list":{"0":"post-108945","1":"post","2":"type-post","3":"status-publish","4":"format-standard","5":"has-post-thumbnail","7":"category-municipios","8":"category-sem-categoria","9":"tag-marcos-santana","10":"tag-prefeitura-de-sao-cristovao","11":"tag-saude-no-campo","12":"tag-senar-sergipe","13":"tag-trabalhadores-rurais"},"_links":{"self":[{"href":"https:\/\/senoticias.com.br\/se\/wp-json\/wp\/v2\/posts\/108945"}],"collection":[{"href":"https:\/\/senoticias.com.br\/se\/wp-json\/wp\/v2\/posts"}],"about":[{"href":"https:\/\/senoticias.com.br\/se\/wp-json\/wp\/v2\/types\/post"}],"author":[{"embeddable":true,"href":"https:\/\/senoticias.com.br\/se\/wp-json\/wp\/v2\/users\/2"}],"replies":[{"embeddable":true,"href":"https:\/\/senoticias.com.br\/se\/wp-json\/wp\/v2\/comments?post=108945"}],"version-history":[{"count":0,"href":"https:\/\/senoticias.com.br\/se\/wp-json\/wp\/v2\/posts\/108945\/revisions"}],"wp:featuredmedia":[{"embeddable":true,"href":"https:\/\/senoticias.com.br\/se\/wp-json\/wp\/v2\/media\/108946"}],"wp:attachment":[{"href":"https:\/\/senoticias.com.br\/se\/wp-json\/wp\/v2\/media?parent=108945"}],"wp:term":[{"taxonomy":"category","embeddable":true,"href":"https:\/\/senoticias.com.br\/se\/wp-json\/wp\/v2\/categories?post=108945"},{"taxonomy":"post_tag","embeddable":true,"href":"https:\/\/senoticias.com.br\/se\/wp-json\/wp\/v2\/tags?post=108945"}],"curies":[{"name":"wp","href":"https:\/\/api.w.org\/{rel}","templated":true}]}}