{"id":108884,"date":"2017-12-07T09:11:06","date_gmt":"2017-12-07T12:11:06","guid":{"rendered":"http:\/\/senoticias.com.br\/se\/?p=108884"},"modified":"2017-12-07T09:11:06","modified_gmt":"2017-12-07T12:11:06","slug":"tarifa-branca-de-energia-entra-em-vigor-dia-1o","status":"publish","type":"post","link":"https:\/\/senoticias.com.br\/se\/tarifa-branca-de-energia-entra-em-vigor-dia-1o\/","title":{"rendered":"Tarifa branca de energia entra em vigor dia 1\u00ba"},"content":{"rendered":"<p style=\"text-align: justify;\"><span style=\"color: #000000;\">Com entrada em vigor prevista para 1\u00ba de janeiro do ano que vem, a tarifa branca de energia el\u00e9trica pode representar uma diminui\u00e7\u00e3o no valor da conta de luz para os que consumirem menos nos hor\u00e1rios de pico (entre as 19h e as 21h. A ades\u00e3o \u00e9 opcional.<\/span><\/p>\n<p style=\"text-align: justify;\"><span style=\"color: #000000;\">A Associa\u00e7\u00e3o Brasileira de Distribuidores de Energia El\u00e9trica (Abradee) alerta aqueles que queiram aderir \u00e0 tarifa para que levem em considera\u00e7\u00e3o seu perfil de consumo, sob pena de verem o efeito contr\u00e1rio, com aumento na conta.<\/span><\/p>\n<p style=\"text-align: justify;\"><span style=\"color: #000000;\"><a href=\"http:\/\/senoticias.com.br\/se\/wp-content\/uploads\/2017\/07\/conta-de-luz-SENOTICIAS.jpg\"><img loading=\"lazy\" decoding=\"async\" class=\"aligncenter size-full wp-image-105300\" src=\"http:\/\/senoticias.com.br\/se\/wp-content\/uploads\/2017\/07\/conta-de-luz-SENOTICIAS.jpg\" alt=\"conta de luz SENOTICIAS\" width=\"600\" height=\"300\" srcset=\"https:\/\/senoticias.com.br\/se\/wp-content\/uploads\/2017\/07\/conta-de-luz-SENOTICIAS.jpg 600w, https:\/\/senoticias.com.br\/se\/wp-content\/uploads\/2017\/07\/conta-de-luz-SENOTICIAS-300x150.jpg 300w\" sizes=\"(max-width: 600px) 100vw, 600px\" \/><\/a><\/span><\/p>\n<p style=\"text-align: justify;\"><span style=\"color: #000000;\">O presidente da Abradee, Nelson Leite, sugere que, antes de optar pela tarifa branca, o consumidor analise o pr\u00f3prio perfil e h\u00e1bitos de uso da energia el\u00e9trica ao longo do dia. \u201cN\u00e3o \u00e9 uma decis\u00e3o simples. Ela envolve alguns c\u00e1lculos e algumas estimativas do consumidor\u201d, disse Leite hoje (6), durante o lan\u00e7amento de uma cartilha explicativa elaborada pela institui\u00e7\u00e3o, com respostas para as d\u00favidas dos consumidores em rela\u00e7\u00e3o \u00e0 medida.<\/span><\/p>\n<p style=\"text-align: justify;\"><span style=\"color: #000000;\">A nova modalidade permite ao consumidor pagar tarifas diferenciadas de acordo com a hora do dia. Na primeira fase, poder\u00e3o adotar a tarifa os consumidores de de baixa tens\u00e3o, como resid\u00eancias, pequenos com\u00e9rcios e ind\u00fastrias, com consumo m\u00e9dio mensal superior a 500 quilowatts-hora (KWh). Em m\u00e9dia, o consumo das fam\u00edlias brasileiras \u00e9 de 160 kWh\/m\u00eas.<\/span><\/p>\n<p style=\"text-align: justify;\"><span style=\"color: #000000;\">Nos hor\u00e1rios de pico, a tarifa ter\u00e1 um valor mais alto. Fora desse hor\u00e1rio, o pre\u00e7o cobrado ser\u00e1 mais baixo. Tamb\u00e9m haver\u00e1 uma tarifa de cobran\u00e7a intermedi\u00e1ria que valer\u00e1 uma hora antes do in\u00edcio do hor\u00e1rio de pico, entre as 18h e as 19h, e depois, entre as 21h e as 22h.<\/span><\/p>\n<p style=\"text-align: justify;\"><span style=\"color: #000000;\">Inicialmente, a medida atingir\u00e1 uma pequena parcela dos consumidores brasileiros. No primeiro momento, poder\u00e3o aderir \u00e0 tarifa branca cerca de 4 milh\u00f5es de unidades consumidoras, o que representa cerca de 5% de tais unidades, estimou Leite.<\/span><\/p>\n<p style=\"text-align: justify;\"><span style=\"color: #000000;\">Em janeiro de 2019 poder\u00e3o aderir \u00e0 nova tarifa aqueles que tenham m\u00e9dia anual de consumo maior que 250 kWh\/m\u00eas. J\u00e1 a partir de 2020, a modalidade estar\u00e1 aberta a todas as unidades consumidoras, com exce\u00e7\u00e3o daquelas de baixa renda, beneficiadas pela tarifa social.<\/span><\/p>\n<p style=\"text-align: justify;\"><span style=\"color: #000000;\">O consumidor dever\u00e1 fazer a ades\u00e3o na concession\u00e1ria de energia que atende a sua cidade. Ap\u00f3s an\u00e1lise do pedido, a concession\u00e1ria tem 30 dias para fazer a troca do medidor de energia, no caso de unidades consumidoras j\u00e1 existentes, ou os prazos e procedimentos padr\u00e3o para novas solicita\u00e7\u00f5es de fornecimento.<\/span><\/p>\n<p style=\"text-align: justify;\">\n<p style=\"text-align: justify;\"><a href=\"http:\/\/senoticias.com.br\/se\/wp-content\/uploads\/2017\/12\/Logomarca-fone-SE-4.jpg\"><img loading=\"lazy\" decoding=\"async\" class=\"aligncenter size-full wp-image-108767\" src=\"http:\/\/senoticias.com.br\/se\/wp-content\/uploads\/2017\/12\/Logomarca-fone-SE-4.jpg\" alt=\"Logomarca-fone-SE-4\" width=\"599\" height=\"78\" srcset=\"https:\/\/senoticias.com.br\/se\/wp-content\/uploads\/2017\/12\/Logomarca-fone-SE-4.jpg 599w, https:\/\/senoticias.com.br\/se\/wp-content\/uploads\/2017\/12\/Logomarca-fone-SE-4-300x39.jpg 300w\" sizes=\"(max-width: 599px) 100vw, 599px\" \/><\/a><\/p>\n<p style=\"text-align: justify;\"><em><strong>Acompanhe tamb\u00e9m o SE Not\u00edcias no\u00a0<a href=\"https:\/\/twitter.com\/Senoticias\" target=\"_blank\">Twitter<\/a>,\u00a0<a href=\"https:\/\/www.facebook.com\/senoticias1\" target=\"_blank\">Facebook<\/a>\u00a0e no\u00a0<a href=\"https:\/\/www.instagram.com\/senoticias\/\" target=\"_blank\">Instagram<\/a>\u00a0<\/strong><\/em><\/p>\n<p style=\"text-align: justify;\">Por Ag\u00eancia Brasil<\/p>\n","protected":false},"excerpt":{"rendered":"<p>Com entrada em vigor prevista para 1\u00ba de janeiro do ano que vem, a tarifa branca de energia el\u00e9trica pode representar uma diminui\u00e7\u00e3o no valor da conta de luz para os que consumirem menos nos hor\u00e1rios de pico (entre as 19h e as 21h. A ades\u00e3o \u00e9 opcional. A Associa\u00e7\u00e3o Brasileira de Distribuidores de Energia [&hellip;]<\/p>\n","protected":false},"author":2,"featured_media":0,"comment_status":"closed","ping_status":"closed","sticky":false,"template":"","format":"standard","meta":{"footnotes":""},"categories":[15,2961],"tags":[371,7361,4003,3111,4985],"class_list":{"0":"post-108884","1":"post","2":"type-post","3":"status-publish","4":"format-standard","6":"category-destaques","7":"category-nacional","8":"tag-371","9":"tag-contadeluz","10":"tag-janeiro","11":"tag-tarifa","12":"tag-tarifabranca"},"_links":{"self":[{"href":"https:\/\/senoticias.com.br\/se\/wp-json\/wp\/v2\/posts\/108884"}],"collection":[{"href":"https:\/\/senoticias.com.br\/se\/wp-json\/wp\/v2\/posts"}],"about":[{"href":"https:\/\/senoticias.com.br\/se\/wp-json\/wp\/v2\/types\/post"}],"author":[{"embeddable":true,"href":"https:\/\/senoticias.com.br\/se\/wp-json\/wp\/v2\/users\/2"}],"replies":[{"embeddable":true,"href":"https:\/\/senoticias.com.br\/se\/wp-json\/wp\/v2\/comments?post=108884"}],"version-history":[{"count":0,"href":"https:\/\/senoticias.com.br\/se\/wp-json\/wp\/v2\/posts\/108884\/revisions"}],"wp:attachment":[{"href":"https:\/\/senoticias.com.br\/se\/wp-json\/wp\/v2\/media?parent=108884"}],"wp:term":[{"taxonomy":"category","embeddable":true,"href":"https:\/\/senoticias.com.br\/se\/wp-json\/wp\/v2\/categories?post=108884"},{"taxonomy":"post_tag","embeddable":true,"href":"https:\/\/senoticias.com.br\/se\/wp-json\/wp\/v2\/tags?post=108884"}],"curies":[{"name":"wp","href":"https:\/\/api.w.org\/{rel}","templated":true}]}}