{"id":108875,"date":"2017-12-06T22:56:50","date_gmt":"2017-12-07T01:56:50","guid":{"rendered":"http:\/\/senoticias.com.br\/se\/?p=108875"},"modified":"2017-12-06T22:56:50","modified_gmt":"2017-12-07T01:56:50","slug":"flamengo-nao-segura-pressao-perde-de-virada-e-precisa-vencer-no-maracana","status":"publish","type":"post","link":"https:\/\/senoticias.com.br\/se\/flamengo-nao-segura-pressao-perde-de-virada-e-precisa-vencer-no-maracana\/","title":{"rendered":"Flamengo n\u00e3o segura press\u00e3o, perde de virada e precisa vencer no Maracan\u00e3"},"content":{"rendered":"<p style=\"text-align: justify;\">\nO Flamengo deu a falsa impress\u00e3o de que traria um resultado bem melhor da Argentina quando R\u00e9ver, no in\u00edcio do jogo, abriu o placar. Dali em diante, o time de Reinaldo Rueda pouco criou no est\u00e1dio Libertadores da Am\u00e9rica. Foi envolvido pelo bom toque de bola do Independiente, que virou com gols Gigliotti e Meza \u2013 esse autor de um gola\u00e7o.<\/p>\n<div id=\"attachment_108876\" style=\"width: 609px\" class=\"wp-caption aligncenter\"><a href=\"http:\/\/senoticias.com.br\/se\/wp-content\/uploads\/2017\/12\/850x372-e1512611681461.jpg\"><img loading=\"lazy\" decoding=\"async\" aria-describedby=\"caption-attachment-108876\" class=\"size-full wp-image-108876\" src=\"http:\/\/senoticias.com.br\/se\/wp-content\/uploads\/2017\/12\/850x372-e1512611681461.jpg\" alt=\"Rubro-Negro sai na frente na Argentina com R\u00e9ver, mas \u00e9 envolvido pelo toque de bola do Independiente. Volta ser\u00e1 dia 13 no Rio\" width=\"599\" height=\"262\" \/><\/a><p id=\"caption-attachment-108876\" class=\"wp-caption-text\">Rubro-Negro sai na frente na Argentina com R\u00e9ver, mas \u00e9 envolvido pelo toque de bola do Independiente. Volta ser\u00e1 dia 13 no Rio (foto: Futebol Interior)<\/p><\/div>\n<p style=\"text-align: justify;\">Na final da Sul-Americana n\u00e3o \u00e9 utilizado o crit\u00e9rio de gols fora de casa. Com isso, qualquer vit\u00f3ria do Flamengo no confronto de volta por um gol de diferen\u00e7a leva a decis\u00e3o para prorroga\u00e7\u00e3o e p\u00eanaltis. O Independiente ser\u00e1 campe\u00e3o em caso de empate. Se o Rubro-Negro vencer por mais de um gol de diferen\u00e7a, leva a ta\u00e7a.<\/p>\n<p>O jogo de volta ser\u00e1 na pr\u00f3xima quarta-feira, \u00e0s 21h45 (de Bras\u00edlia), no Maracan\u00e3. Todos os ingressos j\u00e1 foram vendidos antecipadamente.<\/p>\n<p style=\"text-align: justify;\">\n<p style=\"text-align: justify;\"><a href=\"http:\/\/senoticias.com.br\/se\/wp-content\/uploads\/2017\/11\/Logomarca-fone-SE-4.jpg\"><img loading=\"lazy\" decoding=\"async\" class=\"aligncenter size-full wp-image-108634\" src=\"http:\/\/senoticias.com.br\/se\/wp-content\/uploads\/2017\/11\/Logomarca-fone-SE-4.jpg\" alt=\"Logomarca fone SE\" width=\"599\" height=\"78\" srcset=\"https:\/\/senoticias.com.br\/se\/wp-content\/uploads\/2017\/11\/Logomarca-fone-SE-4.jpg 599w, https:\/\/senoticias.com.br\/se\/wp-content\/uploads\/2017\/11\/Logomarca-fone-SE-4-300x39.jpg 300w\" sizes=\"(max-width: 599px) 100vw, 599px\" \/><\/a><\/p>\n<p style=\"text-align: justify;\">\n<p style=\"text-align: justify;\"><em><strong>Acompanhe tamb\u00e9m o SE Not\u00edcias no\u00a0<a href=\"https:\/\/twitter.com\/Senoticias\" target=\"_blank\">Twitter<\/a>,\u00a0<a href=\"https:\/\/www.facebook.com\/senoticias1\" target=\"_blank\">Facebook<\/a>\u00a0e no\u00a0<a href=\"https:\/\/www.instagram.com\/senoticias\/\" target=\"_blank\">Instagram<\/a><\/strong><\/em><\/p>\n<p style=\"text-align: justify;\">\n<p style=\"text-align: justify;\"><em>Com informa\u00e7\u00f5es do Globo Esporte<\/em><\/p>\n","protected":false},"excerpt":{"rendered":"<p>O Flamengo deu a falsa impress\u00e3o de que traria um resultado bem melhor da Argentina quando R\u00e9ver, no in\u00edcio do jogo, abriu o placar. Dali em diante, o time de Reinaldo Rueda pouco criou no est\u00e1dio Libertadores da Am\u00e9rica. Foi envolvido pelo bom toque de bola do Independiente, que virou com gols Gigliotti e Meza [&hellip;]<\/p>\n","protected":false},"author":2,"featured_media":108876,"comment_status":"closed","ping_status":"closed","sticky":false,"template":"","format":"standard","meta":{"footnotes":""},"categories":[15,26],"tags":[392,3362,4947],"class_list":{"0":"post-108875","1":"post","2":"type-post","3":"status-publish","4":"format-standard","5":"has-post-thumbnail","7":"category-destaques","8":"category-esportes","9":"tag-flamengo","10":"tag-maracana","11":"tag-sul-americana"},"_links":{"self":[{"href":"https:\/\/senoticias.com.br\/se\/wp-json\/wp\/v2\/posts\/108875"}],"collection":[{"href":"https:\/\/senoticias.com.br\/se\/wp-json\/wp\/v2\/posts"}],"about":[{"href":"https:\/\/senoticias.com.br\/se\/wp-json\/wp\/v2\/types\/post"}],"author":[{"embeddable":true,"href":"https:\/\/senoticias.com.br\/se\/wp-json\/wp\/v2\/users\/2"}],"replies":[{"embeddable":true,"href":"https:\/\/senoticias.com.br\/se\/wp-json\/wp\/v2\/comments?post=108875"}],"version-history":[{"count":0,"href":"https:\/\/senoticias.com.br\/se\/wp-json\/wp\/v2\/posts\/108875\/revisions"}],"wp:featuredmedia":[{"embeddable":true,"href":"https:\/\/senoticias.com.br\/se\/wp-json\/wp\/v2\/media\/108876"}],"wp:attachment":[{"href":"https:\/\/senoticias.com.br\/se\/wp-json\/wp\/v2\/media?parent=108875"}],"wp:term":[{"taxonomy":"category","embeddable":true,"href":"https:\/\/senoticias.com.br\/se\/wp-json\/wp\/v2\/categories?post=108875"},{"taxonomy":"post_tag","embeddable":true,"href":"https:\/\/senoticias.com.br\/se\/wp-json\/wp\/v2\/tags?post=108875"}],"curies":[{"name":"wp","href":"https:\/\/api.w.org\/{rel}","templated":true}]}}