{"id":108873,"date":"2017-12-06T21:05:38","date_gmt":"2017-12-07T00:05:38","guid":{"rendered":"http:\/\/senoticias.com.br\/se\/?p=108873"},"modified":"2017-12-06T21:05:38","modified_gmt":"2017-12-07T00:05:38","slug":"ana-alves-pede-prisao-domiciliar-e-renuncia-a-presidencia-do-dem","status":"publish","type":"post","link":"https:\/\/senoticias.com.br\/se\/ana-alves-pede-prisao-domiciliar-e-renuncia-a-presidencia-do-dem\/","title":{"rendered":"Ana Alves pede pris\u00e3o domiciliar e renuncia \u00e0 Presid\u00eancia do DEM"},"content":{"rendered":"<p>&nbsp;<\/p>\n<p style=\"text-align: justify;\">A defesa da presidente estadual do DEM, Ana Alves, filha do ex-prefeito Jo\u00e3o Alves Filho, pediu \u00e0 Justi\u00e7a reconsidera\u00e7\u00e3o da decis\u00e3o que determinou sua pris\u00e3o na \u00faltima sexta-feira, informa o jornalista Gilmar Carvalho.<\/p>\n<div id=\"attachment_108874\" style=\"width: 609px\" class=\"wp-caption aligncenter\"><a href=\"http:\/\/senoticias.com.br\/se\/wp-content\/uploads\/2017\/12\/ANA-ALVES-DEM-SE-NOTICIAS-e1512604992536.jpg\"><img loading=\"lazy\" decoding=\"async\" aria-describedby=\"caption-attachment-108874\" class=\"size-full wp-image-108874\" src=\"http:\/\/senoticias.com.br\/se\/wp-content\/uploads\/2017\/12\/ANA-ALVES-DEM-SE-NOTICIAS-e1512604992536.jpg\" alt=\"Ana est\u00e1 presa desde a \u00faltima sexa-feira no Pres\u00eddio Feminino, em Nossa Senhora do Socorro.\" width=\"599\" height=\"700\" \/><\/a><p id=\"caption-attachment-108874\" class=\"wp-caption-text\">Ana Alves est\u00e1 presa desde a \u00faltima sexa-feira no Pres\u00eddio Feminino, em Nossa Senhora do Socorro (foto: arquivo pessoal)<\/p><\/div>\n<p style=\"text-align: justify;\">A defesa de Ana Alves pede a convers\u00e3o da pris\u00e3o em regime fechado para domiciliar, com o dever de usar tornozeleira eletr\u00f4nica. A decis\u00e3o ainda depende da entrega do parecer do Minist\u00e9rio P\u00fablico.<\/p>\n<p style=\"text-align: justify;\">No pedido de reconsidera\u00e7\u00e3o, a defesa de Ana Alves tamb\u00e9m anexa seu pedido de ren\u00fancia \u00e0 Presid\u00eancia do DEM.<\/p>\n<p style=\"text-align: justify;\">\n<p style=\"text-align: justify;\"><a href=\"http:\/\/senoticias.com.br\/se\/wp-content\/uploads\/2017\/12\/Logomarca-fone-SE-4.jpg\"><img loading=\"lazy\" decoding=\"async\" class=\"aligncenter size-full wp-image-108767\" src=\"http:\/\/senoticias.com.br\/se\/wp-content\/uploads\/2017\/12\/Logomarca-fone-SE-4.jpg\" alt=\"Logomarca-fone-SE-4\" width=\"599\" height=\"78\" srcset=\"https:\/\/senoticias.com.br\/se\/wp-content\/uploads\/2017\/12\/Logomarca-fone-SE-4.jpg 599w, https:\/\/senoticias.com.br\/se\/wp-content\/uploads\/2017\/12\/Logomarca-fone-SE-4-300x39.jpg 300w\" sizes=\"(max-width: 599px) 100vw, 599px\" \/><\/a><\/p>\n<p style=\"text-align: justify;\">\n<p style=\"text-align: justify;\"><em><strong>Acompanhe tamb\u00e9m o SE Not\u00edcias no\u00a0<a href=\"https:\/\/twitter.com\/Senoticias\" target=\"_blank\">Twitter<\/a>,\u00a0<a href=\"https:\/\/www.facebook.com\/senoticias1\" target=\"_blank\">Facebook<\/a>\u00a0e no\u00a0<a href=\"https:\/\/www.instagram.com\/senoticias\/\" target=\"_blank\">Instagram<\/a><\/strong><\/em><\/p>\n<p style=\"text-align: justify;\">\n<p style=\"text-align: justify;\">\n<p>&nbsp;<\/p>\n","protected":false},"excerpt":{"rendered":"<p>&nbsp; A defesa da presidente estadual do DEM, Ana Alves, filha do ex-prefeito Jo\u00e3o Alves Filho, pediu \u00e0 Justi\u00e7a reconsidera\u00e7\u00e3o da decis\u00e3o que determinou sua pris\u00e3o na \u00faltima sexta-feira, informa o jornalista Gilmar Carvalho. A defesa de Ana Alves pede a convers\u00e3o da pris\u00e3o em regime fechado para domiciliar, com o dever de usar tornozeleira [&hellip;]<\/p>\n","protected":false},"author":2,"featured_media":108874,"comment_status":"closed","ping_status":"closed","sticky":false,"template":"","format":"standard","meta":{"footnotes":""},"categories":[6],"tags":[7405,7490,7489,7491],"class_list":{"0":"post-108873","1":"post","2":"type-post","3":"status-publish","4":"format-standard","5":"has-post-thumbnail","7":"category-politica","8":"tag-ana-alves","9":"tag-dem","10":"tag-presidencia-do-dem","11":"tag-prisao-domiciliar"},"_links":{"self":[{"href":"https:\/\/senoticias.com.br\/se\/wp-json\/wp\/v2\/posts\/108873"}],"collection":[{"href":"https:\/\/senoticias.com.br\/se\/wp-json\/wp\/v2\/posts"}],"about":[{"href":"https:\/\/senoticias.com.br\/se\/wp-json\/wp\/v2\/types\/post"}],"author":[{"embeddable":true,"href":"https:\/\/senoticias.com.br\/se\/wp-json\/wp\/v2\/users\/2"}],"replies":[{"embeddable":true,"href":"https:\/\/senoticias.com.br\/se\/wp-json\/wp\/v2\/comments?post=108873"}],"version-history":[{"count":0,"href":"https:\/\/senoticias.com.br\/se\/wp-json\/wp\/v2\/posts\/108873\/revisions"}],"wp:featuredmedia":[{"embeddable":true,"href":"https:\/\/senoticias.com.br\/se\/wp-json\/wp\/v2\/media\/108874"}],"wp:attachment":[{"href":"https:\/\/senoticias.com.br\/se\/wp-json\/wp\/v2\/media?parent=108873"}],"wp:term":[{"taxonomy":"category","embeddable":true,"href":"https:\/\/senoticias.com.br\/se\/wp-json\/wp\/v2\/categories?post=108873"},{"taxonomy":"post_tag","embeddable":true,"href":"https:\/\/senoticias.com.br\/se\/wp-json\/wp\/v2\/tags?post=108873"}],"curies":[{"name":"wp","href":"https:\/\/api.w.org\/{rel}","templated":true}]}}