{"id":108862,"date":"2017-12-06T18:21:34","date_gmt":"2017-12-06T21:21:34","guid":{"rendered":"http:\/\/senoticias.com.br\/se\/?p=108862"},"modified":"2017-12-06T18:36:30","modified_gmt":"2017-12-06T21:36:30","slug":"suplente-de-vereador-e-suspeito-de-abusar-de-adolescente-no-interior-de-sergipe","status":"publish","type":"post","link":"https:\/\/senoticias.com.br\/se\/suplente-de-vereador-e-suspeito-de-abusar-de-adolescente-no-interior-de-sergipe\/","title":{"rendered":"Suplente de vereador \u00e9 suspeito de abusar de adolescente, no interior de Sergipe"},"content":{"rendered":"<p><!-- [if lte IE 9]>\n<script type=\"text\/javascript\" src=\"\/Scripts\/html5shiv.min.js\"><\/script>\n        <script type=\"text\/javascript\" src=\"\/Scripts\/respond.min.js\"><\/script>\n<![endif]--><\/p>\n<div id=\"main-notice\" class=\"container\" data-ng-class=\"{'container': app.paginaPrincipal}\">\n<div class=\"row ng-scope\" data-ng-init=\"noticias.obterDetalhes()\" data-ng-controller=\"NoticiasController as noticias\" data-ng-show=\"noticias.noticia\">\n<div class=\"col-md-12\">\n<div class=\"panel panel-white\">\n<div class=\"panel-body\">\n<div class=\"form-group\">\n<p style=\"text-align: justify;\">Acusado de estupro de vulner\u00e1vel, Jos\u00e9 Adeilson de Jesus, 39, que \u00e9 suplente de vereador em S\u00e3o Domingos, foi preso na manh\u00e3 desta quarta-feira (6) pela equipe de policiais civis da \u00c1rea Integrada\u00a0de Seguran\u00e7a P\u00fablica (Aisp) de Campo do Brito. Ele estava com pris\u00e3o preventiva decretada pela Justi\u00e7a e, em sua casa na cidade S\u00e3o Domingos, foi encontrada uma grande quantidade de preservativos e lubrificantes \u00edntimos.<\/p>\n<div id=\"attachment_108864\" style=\"width: 516px\" class=\"wp-caption aligncenter\"><a href=\"http:\/\/senoticias.com.br\/se\/wp-content\/uploads\/2017\/12\/d9415bbf-e8b5-410b-9d59-fb7747146efd.jpg\"><img loading=\"lazy\" decoding=\"async\" aria-describedby=\"caption-attachment-108864\" class=\"size-full wp-image-108864\" src=\"http:\/\/senoticias.com.br\/se\/wp-content\/uploads\/2017\/12\/d9415bbf-e8b5-410b-9d59-fb7747146efd.jpg\" alt=\"No aparelho celular da v\u00edtima foram encontradas conversas e conte\u00fado pornogr\u00e1fico compartilhado pelo acusado.\" width=\"506\" height=\"480\" srcset=\"https:\/\/senoticias.com.br\/se\/wp-content\/uploads\/2017\/12\/d9415bbf-e8b5-410b-9d59-fb7747146efd.jpg 506w, https:\/\/senoticias.com.br\/se\/wp-content\/uploads\/2017\/12\/d9415bbf-e8b5-410b-9d59-fb7747146efd-300x285.jpg 300w\" sizes=\"(max-width: 506px) 100vw, 506px\" \/><\/a><p id=\"caption-attachment-108864\" class=\"wp-caption-text\">Segundo a pol\u00edcia, no aparelho celular da v\u00edtima foram encontradas conversas e conte\u00fado pornogr\u00e1fico compartilhado pelo acusado (foto: SSP\/SE)<\/p><\/div>\n<p style=\"text-align: justify;\">A informa\u00e7\u00e3o \u00e9 que a pol\u00edcia chegou at\u00e9 o suspeito depois que os pais de um adolescente de 13 anos estiveram na delegacia de S\u00e3o Domingos para denunciar abusos sexuais que o garoto estaria sofrendo. No aparelho celular da v\u00edtima foram encontradas v\u00e1rias mensagens no whatsapp com convites e conversas com Adeilson, que indicavam a ocorr\u00eancia da pr\u00e1tica sexual. Al\u00e9m disso, havia\u00a0o compartilhamento de fotos e v\u00eddeos de conte\u00fado pornogr\u00e1fico. No aparelho tamb\u00e9m foram encontradas conversas do acusado com outras poss\u00edveis v\u00edtimas.<\/p>\n<p style=\"text-align: justify;\">O adolescente, que segundo os pais apresenta problemas psicol\u00f3gicos, confirmou ter mantido rela\u00e7\u00f5es sexuais com o acusado. Diante da situa\u00e7\u00e3o, foi solicitada a pris\u00e3o de Adeilson. Na manh\u00e3 de hoje, os policiais deram cumprimento \u00e0 ordem judicial e abordaram o acusado no momento em que trafegava de moto por uma das ruas de S\u00e3o Domingos. A equipe do Aisp ainda realizou uma busca na casa do acusado e apreendeu camisinhas e lubrificantes \u00edntimos. O material foi encaminhado para ser submetido a per\u00edcia t\u00e9cnica.<\/p>\n<\/div>\n<p style=\"text-align: justify;\"><a href=\"http:\/\/senoticias.com.br\/se\/wp-content\/uploads\/2017\/12\/Logomarca-fone-SE-4.jpg\"><img loading=\"lazy\" decoding=\"async\" class=\"aligncenter size-full wp-image-108767\" src=\"http:\/\/senoticias.com.br\/se\/wp-content\/uploads\/2017\/12\/Logomarca-fone-SE-4.jpg\" alt=\"Logomarca-fone-SE-4\" width=\"599\" height=\"78\" srcset=\"https:\/\/senoticias.com.br\/se\/wp-content\/uploads\/2017\/12\/Logomarca-fone-SE-4.jpg 599w, https:\/\/senoticias.com.br\/se\/wp-content\/uploads\/2017\/12\/Logomarca-fone-SE-4-300x39.jpg 300w\" sizes=\"(max-width: 599px) 100vw, 599px\" \/><\/a><\/p>\n<\/div>\n<p style=\"text-align: justify;\"><em><strong>Acompanhe tamb\u00e9m o SE Not\u00edcias no\u00a0<a href=\"https:\/\/twitter.com\/Senoticias\" target=\"_blank\">Twitter<\/a>,\u00a0<a href=\"https:\/\/www.facebook.com\/senoticias1\" target=\"_blank\">Facebook<\/a>\u00a0e no\u00a0<a href=\"https:\/\/www.instagram.com\/senoticias\/\" target=\"_blank\">Instagram<\/a><\/strong><\/em><\/p>\n<\/div>\n<p style=\"text-align: justify;\"><em>Informa\u00e7\u00f5es da SSP\/SE<\/em><\/p>\n<\/div>\n<\/div>\n<\/div>\n","protected":false},"excerpt":{"rendered":"<p>Acusado de estupro de vulner\u00e1vel, Jos\u00e9 Adeilson de Jesus, 39, que \u00e9 suplente de vereador em S\u00e3o Domingos, foi preso na manh\u00e3 desta quarta-feira (6) pela equipe de policiais civis da \u00c1rea Integrada\u00a0de Seguran\u00e7a P\u00fablica (Aisp) de Campo do Brito. Ele estava com pris\u00e3o preventiva decretada pela Justi\u00e7a e, em sua casa na cidade S\u00e3o [&hellip;]<\/p>\n","protected":false},"author":2,"featured_media":108864,"comment_status":"closed","ping_status":"closed","sticky":false,"template":"","format":"standard","meta":{"footnotes":""},"categories":[15,1],"tags":[7484,3708,7485,5317,7483],"class_list":{"0":"post-108862","1":"post","2":"type-post","3":"status-publish","4":"format-standard","5":"has-post-thumbnail","7":"category-destaques","8":"category-sem-categoria","9":"tag-estupro-de-vulneravel","10":"tag-interior-de-sergipe","11":"tag-sao-domingos","12":"tag-suplente-de-vereador","13":"tag-suspeito-de-abusar"},"_links":{"self":[{"href":"https:\/\/senoticias.com.br\/se\/wp-json\/wp\/v2\/posts\/108862"}],"collection":[{"href":"https:\/\/senoticias.com.br\/se\/wp-json\/wp\/v2\/posts"}],"about":[{"href":"https:\/\/senoticias.com.br\/se\/wp-json\/wp\/v2\/types\/post"}],"author":[{"embeddable":true,"href":"https:\/\/senoticias.com.br\/se\/wp-json\/wp\/v2\/users\/2"}],"replies":[{"embeddable":true,"href":"https:\/\/senoticias.com.br\/se\/wp-json\/wp\/v2\/comments?post=108862"}],"version-history":[{"count":0,"href":"https:\/\/senoticias.com.br\/se\/wp-json\/wp\/v2\/posts\/108862\/revisions"}],"wp:featuredmedia":[{"embeddable":true,"href":"https:\/\/senoticias.com.br\/se\/wp-json\/wp\/v2\/media\/108864"}],"wp:attachment":[{"href":"https:\/\/senoticias.com.br\/se\/wp-json\/wp\/v2\/media?parent=108862"}],"wp:term":[{"taxonomy":"category","embeddable":true,"href":"https:\/\/senoticias.com.br\/se\/wp-json\/wp\/v2\/categories?post=108862"},{"taxonomy":"post_tag","embeddable":true,"href":"https:\/\/senoticias.com.br\/se\/wp-json\/wp\/v2\/tags?post=108862"}],"curies":[{"name":"wp","href":"https:\/\/api.w.org\/{rel}","templated":true}]}}