{"id":108860,"date":"2017-12-06T18:04:25","date_gmt":"2017-12-06T21:04:25","guid":{"rendered":"http:\/\/senoticias.com.br\/se\/?p=108860"},"modified":"2017-12-06T18:08:51","modified_gmt":"2017-12-06T21:08:51","slug":"edvaldo-reivindica-liberacao-de-recursos-para-aracaju-a-ministros-das-cidades-e-saude","status":"publish","type":"post","link":"https:\/\/senoticias.com.br\/se\/edvaldo-reivindica-liberacao-de-recursos-para-aracaju-a-ministros-das-cidades-e-saude\/","title":{"rendered":"Edvaldo reivindica libera\u00e7\u00e3o de recursos para Aracaju a ministros das Cidades e Sa\u00fade"},"content":{"rendered":"<p style=\"text-align: justify;\">Em busca de recursos para Aracaju, o prefeito Edvaldo Nogueira viajou para Bras\u00edlia, onde foi recebido pelos ministros Ricardo Barros (Sa\u00fade) e Alexandre Baldy (Cidades), nestas ter\u00e7a-feira (5) e quarta-feira (6). Nas audi\u00eancias, ele apresentou as seguintes demandas da cidade: para a Sa\u00fade, solicitou o aumento da remunera\u00e7\u00e3o para os hospitais municipais, e ao ministro das Cidades, pediu celeridade na aprova\u00e7\u00e3o do Plano de Mobilidade Urbana.<\/p>\n<div id=\"attachment_108861\" style=\"width: 609px\" class=\"wp-caption aligncenter\"><a href=\"http:\/\/senoticias.com.br\/se\/wp-content\/uploads\/2017\/12\/ministro-das-cidades-e1512594056260.jpg\"><img loading=\"lazy\" decoding=\"async\" aria-describedby=\"caption-attachment-108861\" class=\"size-full wp-image-108861\" src=\"http:\/\/senoticias.com.br\/se\/wp-content\/uploads\/2017\/12\/ministro-das-cidades-e1512594056260.jpg\" alt=\"reivindica libera\u00e7\u00e3o de recursos para Aracaju a ministros das Cidades e Sa\u00fade\" width=\"599\" height=\"394\" \/><\/a><p id=\"caption-attachment-108861\" class=\"wp-caption-text\">Edvaldo reivindica libera\u00e7\u00e3o de recursos para Aracaju a ministros das Cidades e Sa\u00fade (foto:\u00a0Neftaly Oliveira)<\/p><\/div>\n<p style=\"text-align: justify;\">No encontro com o ministro Ricardo Barros, Edvaldo reivindicou o aumento do teto de verbas federais para o munic\u00edpio, sobretudo no que diz respeito ao recurso que \u00e9 direcionado para as Unidades de Pronto-Atendimento (UPA) Nestor Piva (Zona Norte) e Fernando Franco (Zona Sul). Na oportunidade, as equipes t\u00e9cnicas de planejamento da Sa\u00fade de Aracaju se reuniram com dirigentes do Minist\u00e9rio da Sa\u00fade, para abrir um canal de negocia\u00e7\u00e3o.<\/p>\n<p style=\"text-align: justify;\">J\u00e1 na audi\u00eancia com o ministro Alexandre Baldy, as discuss\u00f5es se deram em torno da readequa\u00e7\u00e3o do Plano de Mobilidade Urbana, projeto idealizado por Edvaldo ainda em 2011\/2012, quando ele conseguiu um empr\u00e9stimo de R$ 130 milh\u00f5es para investimento na \u00e1rea em Aracaju. No entanto, a gest\u00e3o passada alterou o plano inicial, o que prejudicou a libera\u00e7\u00e3o dos recursos. Ao retornar \u00e0 prefeitura, Edvaldo conseguiu reabrir as negocia\u00e7\u00f5es com o governo federal e a Caixa Econ\u00f4mica Federal. O projeto foi reformulado e agora est\u00e1 sendo analisado pelo Minist\u00e9rio das Cidades.<\/p>\n<p style=\"text-align: justify;\">\u201cEstes dois dias que passei em Bras\u00edlia foram muito produtivos para a nossa cidade, pois abriram possibilidades de conseguirmos mais recursos para Aracaju\u201d, destacou o prefeito. \u201cNa audi\u00eancia com o ministro da Sa\u00fade, reivindiquei mais recursos para a Sa\u00fade P\u00fablica da nossa cidade, notadamente melhoria no financiamento das UPAs\u201d, relatou. \u201cJ\u00e1 com o ministro das Cidades, reivindiquei a aprova\u00e7\u00e3o do nosso Plano de Mobilidade Urbana, no valor de R$ 130 milh\u00f5es, recursos que servir\u00e3o para viabilizar quatro corredores de transportes, constru\u00e7\u00e3o de novos terminais, instala\u00e7\u00e3o de semaforiza\u00e7\u00e3o inteligente. Recebi do ministro a garantia de que ele vai viabilizar a aprova\u00e7\u00e3o do projeto\u201d, completou.<\/p>\n<p style=\"text-align: justify;\">As duas audi\u00eancias foram viabilizadas pelo l\u00edder do governo no Congresso, deputado federal Andr\u00e9 Moura, que acompanhou o prefeito nas reuni\u00f5es.<\/p>\n<p style=\"text-align: justify;\"><a href=\"http:\/\/senoticias.com.br\/se\/wp-content\/uploads\/2017\/12\/Logomarca-fone-SE-4.jpg\"><img loading=\"lazy\" decoding=\"async\" class=\"aligncenter size-full wp-image-108767\" src=\"http:\/\/senoticias.com.br\/se\/wp-content\/uploads\/2017\/12\/Logomarca-fone-SE-4.jpg\" alt=\"Logomarca-fone-SE-4\" width=\"599\" height=\"78\" srcset=\"https:\/\/senoticias.com.br\/se\/wp-content\/uploads\/2017\/12\/Logomarca-fone-SE-4.jpg 599w, https:\/\/senoticias.com.br\/se\/wp-content\/uploads\/2017\/12\/Logomarca-fone-SE-4-300x39.jpg 300w\" sizes=\"(max-width: 599px) 100vw, 599px\" \/><\/a><\/p>\n<p style=\"text-align: justify;\"><em><strong>Acompanhe tamb\u00e9m o SE Not\u00edcias no\u00a0<a href=\"https:\/\/twitter.com\/Senoticias\" target=\"_blank\">Twitter<\/a>,\u00a0<a href=\"https:\/\/www.facebook.com\/senoticias1\" target=\"_blank\">Facebook<\/a>\u00a0e no\u00a0<a href=\"https:\/\/www.instagram.com\/senoticias\/\" target=\"_blank\">Instagram<\/a><\/strong><\/em><\/p>\n<p style=\"text-align: justify;\"><em>Da Assessoria de Imprensa<\/em><\/p>\n","protected":false},"excerpt":{"rendered":"<p>Em busca de recursos para Aracaju, o prefeito Edvaldo Nogueira viajou para Bras\u00edlia, onde foi recebido pelos ministros Ricardo Barros (Sa\u00fade) e Alexandre Baldy (Cidades), nestas ter\u00e7a-feira (5) e quarta-feira (6). Nas audi\u00eancias, ele apresentou as seguintes demandas da cidade: para a Sa\u00fade, solicitou o aumento da remunera\u00e7\u00e3o para os hospitais municipais, e ao ministro [&hellip;]<\/p>\n","protected":false},"author":2,"featured_media":108861,"comment_status":"closed","ping_status":"closed","sticky":false,"template":"","format":"standard","meta":{"footnotes":""},"categories":[15],"tags":[7482,1436,698,7479,7481,7480,1870],"class_list":{"0":"post-108860","1":"post","2":"type-post","3":"status-publish","4":"format-standard","5":"has-post-thumbnail","7":"category-destaques","8":"tag-alexandre-baldy","9":"tag-edvaldo","10":"tag-edvaldo-nogueira","11":"tag-liberacao-de-recursos","12":"tag-ministro-saude","13":"tag-ministros-das-cidades","14":"tag-ricardo-barros"},"_links":{"self":[{"href":"https:\/\/senoticias.com.br\/se\/wp-json\/wp\/v2\/posts\/108860"}],"collection":[{"href":"https:\/\/senoticias.com.br\/se\/wp-json\/wp\/v2\/posts"}],"about":[{"href":"https:\/\/senoticias.com.br\/se\/wp-json\/wp\/v2\/types\/post"}],"author":[{"embeddable":true,"href":"https:\/\/senoticias.com.br\/se\/wp-json\/wp\/v2\/users\/2"}],"replies":[{"embeddable":true,"href":"https:\/\/senoticias.com.br\/se\/wp-json\/wp\/v2\/comments?post=108860"}],"version-history":[{"count":0,"href":"https:\/\/senoticias.com.br\/se\/wp-json\/wp\/v2\/posts\/108860\/revisions"}],"wp:featuredmedia":[{"embeddable":true,"href":"https:\/\/senoticias.com.br\/se\/wp-json\/wp\/v2\/media\/108861"}],"wp:attachment":[{"href":"https:\/\/senoticias.com.br\/se\/wp-json\/wp\/v2\/media?parent=108860"}],"wp:term":[{"taxonomy":"category","embeddable":true,"href":"https:\/\/senoticias.com.br\/se\/wp-json\/wp\/v2\/categories?post=108860"},{"taxonomy":"post_tag","embeddable":true,"href":"https:\/\/senoticias.com.br\/se\/wp-json\/wp\/v2\/tags?post=108860"}],"curies":[{"name":"wp","href":"https:\/\/api.w.org\/{rel}","templated":true}]}}