{"id":108844,"date":"2017-12-06T15:57:02","date_gmt":"2017-12-06T18:57:02","guid":{"rendered":"http:\/\/senoticias.com.br\/se\/?p=108844"},"modified":"2017-12-06T15:57:02","modified_gmt":"2017-12-06T18:57:02","slug":"governo-do-estado-divulga-resultado-da-selecao-para-cursos-e-oficinas-do-conservatorio-de-musica-de-sergipe","status":"publish","type":"post","link":"https:\/\/senoticias.com.br\/se\/governo-do-estado-divulga-resultado-da-selecao-para-cursos-e-oficinas-do-conservatorio-de-musica-de-sergipe\/","title":{"rendered":"Governo do Estado divulga resultado da sele\u00e7\u00e3o para cursos e oficinas do Conservat\u00f3rio de M\u00fasica de Sergipe"},"content":{"rendered":"<p style=\"text-align: justify;\"><span style=\"color: #000000;\">O Governo de Sergipe, por meio da Secretaria de Estado da Educa\u00e7\u00e3o (Seed), divulga o resultado da primeira fase do Processo Seletivo de Alunos para o ano letivo de 2018 do Conservat\u00f3rio de M\u00fasica de Sergipe (CMSE). Foram oferecidas vagas nos cursos: de Forma\u00e7\u00e3o Inicial para M\u00fasicos de Banda e para M\u00fasicos de Orquestra e de Forma\u00e7\u00e3o Continuada para M\u00fasicos de Banda.<\/span><\/p>\n<p><strong><span style=\"color: #000000;\">Curso de Forma\u00e7\u00e3o Inicial<\/span><\/strong><\/p>\n<p><span style=\"color: #000000;\">O Curso de Forma\u00e7\u00e3o Inicial no CMSE busca aferir compet\u00eancias e habilidades iniciais, no que se refere \u00e0 aptid\u00e3o musical (capacidade de express\u00e3o e compreens\u00e3o da linguagem musical), habilidades essas que capacitar\u00e3o os candidatos a ingressarem no curso. A aplica\u00e7\u00e3o das provas acontecer\u00e1 em diferentes etapas durante os dias 11 e 26 de dezembro, conforme cronograma estabelecido no edital.<\/span><\/p>\n<p><span style=\"color: #000000;\">Confira os nomes dos candidatos e locais das provas clicando <a href=\"http:\/\/seed.se.gov.br\/arquivos\/candidatos_formacao_inicial.pdf\">aqui<\/a>. <\/span>\n<\/p>\n<div id=\"attachment_108845\" style=\"width: 609px\" class=\"wp-caption aligncenter\"><a href=\"http:\/\/senoticias.com.br\/se\/wp-content\/uploads\/2017\/12\/conservat\u00f3rio-de-musica-SENOTICIAS-e1512586574357.jpg\"><img loading=\"lazy\" decoding=\"async\" aria-describedby=\"caption-attachment-108845\" class=\"size-full wp-image-108845\" src=\"http:\/\/senoticias.com.br\/se\/wp-content\/uploads\/2017\/12\/conservat\u00f3rio-de-musica-SENOTICIAS-e1512586574357.jpg\" alt=\"Governo do Estado divulga resultado da sele\u00e7\u00e3o para cursos e oficinas do Conservat\u00f3rio de M\u00fasica de Sergipe \/ Foto: Eug\u00eanio Barreto \/ Seed\" width=\"599\" height=\"400\" \/><\/a><p id=\"caption-attachment-108845\" class=\"wp-caption-text\">Governo do Estado divulga resultado da sele\u00e7\u00e3o para cursos e oficinas do Conservat\u00f3rio de M\u00fasica de Sergipe \/ Foto: Eug\u00eanio Barreto \/ Seed<\/p><\/div>\n<p style=\"text-align: justify;\"><strong><span style=\"color: #000000;\">Curso de Forma\u00e7\u00e3o Continuada<\/span><\/strong><\/p>\n<p><span style=\"color: #000000;\">O curso de Forma\u00e7\u00e3o Continuada para M\u00fasicos de Banda e M\u00fasicos de Orquestra busca aferir compet\u00eancias e habilidades iniciais dos candidatos, no que se refere \u00e0 aptid\u00e3o musical (capacidade de express\u00e3o e compreens\u00e3o da linguagem musical), habilidades essas que capacitar\u00e3o os candidatos a ingressarem no curso. A aplica\u00e7\u00e3o das provas ocorrer\u00e1 em diferentes etapas durante os dias 6 e 19 de dezembro, conforme cronograma estabelecido no edital.<\/span><\/p>\n<p><span style=\"color: #000000;\">Para conferir os locais e hor\u00e1rios das avalia\u00e7\u00f5es, clique <a href=\"http:\/\/seed.se.gov.br\/arquivos\/candidatos_formacao_continuada.pdf\">aqui<\/a>.<\/span><\/p>\n<p style=\"text-align: justify;\">\n<p style=\"text-align: justify;\"><a href=\"http:\/\/senoticias.com.br\/se\/wp-content\/uploads\/2017\/12\/Logomarca-fone-SE-4.jpg\"><img loading=\"lazy\" decoding=\"async\" class=\"aligncenter size-full wp-image-108767\" src=\"http:\/\/senoticias.com.br\/se\/wp-content\/uploads\/2017\/12\/Logomarca-fone-SE-4.jpg\" alt=\"Logomarca-fone-SE-4\" width=\"599\" height=\"78\" srcset=\"https:\/\/senoticias.com.br\/se\/wp-content\/uploads\/2017\/12\/Logomarca-fone-SE-4.jpg 599w, https:\/\/senoticias.com.br\/se\/wp-content\/uploads\/2017\/12\/Logomarca-fone-SE-4-300x39.jpg 300w\" sizes=\"(max-width: 599px) 100vw, 599px\" \/><\/a><\/p>\n<p style=\"text-align: justify;\"><em><strong>Acompanhe tamb\u00e9m o SE Not\u00edcias no\u00a0<a href=\"https:\/\/twitter.com\/Senoticias\" target=\"_blank\">Twitter<\/a>,\u00a0<a href=\"https:\/\/www.facebook.com\/senoticias1\" target=\"_blank\">Facebook<\/a>\u00a0e no\u00a0<a href=\"https:\/\/www.instagram.com\/senoticias\/\" target=\"_blank\">Instagram<\/a><\/strong><\/em><\/p>\n<p style=\"text-align: justify;\">Por ASN<\/p>\n","protected":false},"excerpt":{"rendered":"<p>O Governo de Sergipe, por meio da Secretaria de Estado da Educa\u00e7\u00e3o (Seed), divulga o resultado da primeira fase do Processo Seletivo de Alunos para o ano letivo de 2018 do Conservat\u00f3rio de M\u00fasica de Sergipe (CMSE). Foram oferecidas vagas nos cursos: de Forma\u00e7\u00e3o Inicial para M\u00fasicos de Banda e para M\u00fasicos de Orquestra e [&hellip;]<\/p>\n","protected":false},"author":2,"featured_media":0,"comment_status":"closed","ping_status":"closed","sticky":false,"template":"","format":"standard","meta":{"footnotes":""},"categories":[9],"tags":[7471,3022,4058,7473,7472,4159],"class_list":{"0":"post-108844","1":"post","2":"type-post","3":"status-publish","4":"format-standard","6":"category-concursos","7":"tag-conservatoriodemusica","8":"tag-cursos","9":"tag-musica","10":"tag-oficinas","11":"tag-resultado","12":"tag-selecao"},"_links":{"self":[{"href":"https:\/\/senoticias.com.br\/se\/wp-json\/wp\/v2\/posts\/108844"}],"collection":[{"href":"https:\/\/senoticias.com.br\/se\/wp-json\/wp\/v2\/posts"}],"about":[{"href":"https:\/\/senoticias.com.br\/se\/wp-json\/wp\/v2\/types\/post"}],"author":[{"embeddable":true,"href":"https:\/\/senoticias.com.br\/se\/wp-json\/wp\/v2\/users\/2"}],"replies":[{"embeddable":true,"href":"https:\/\/senoticias.com.br\/se\/wp-json\/wp\/v2\/comments?post=108844"}],"version-history":[{"count":0,"href":"https:\/\/senoticias.com.br\/se\/wp-json\/wp\/v2\/posts\/108844\/revisions"}],"wp:attachment":[{"href":"https:\/\/senoticias.com.br\/se\/wp-json\/wp\/v2\/media?parent=108844"}],"wp:term":[{"taxonomy":"category","embeddable":true,"href":"https:\/\/senoticias.com.br\/se\/wp-json\/wp\/v2\/categories?post=108844"},{"taxonomy":"post_tag","embeddable":true,"href":"https:\/\/senoticias.com.br\/se\/wp-json\/wp\/v2\/tags?post=108844"}],"curies":[{"name":"wp","href":"https:\/\/api.w.org\/{rel}","templated":true}]}}