{"id":108840,"date":"2017-12-06T15:32:29","date_gmt":"2017-12-06T18:32:29","guid":{"rendered":"http:\/\/senoticias.com.br\/se\/?p=108840"},"modified":"2017-12-06T15:32:29","modified_gmt":"2017-12-06T18:32:29","slug":"proposta-que-reduz-beneficio-do-saidao-de-presos-avanca-no-senado","status":"publish","type":"post","link":"https:\/\/senoticias.com.br\/se\/proposta-que-reduz-beneficio-do-saidao-de-presos-avanca-no-senado\/","title":{"rendered":"Proposta que reduz benef\u00edcio do said\u00e3o de presos avan\u00e7a no Senado"},"content":{"rendered":"<p style=\"text-align: justify;\"><span style=\"color: #000000;\">O benef\u00edcio de sa\u00edda tempor\u00e1ria de presidi\u00e1rios das cadeias, conhecido como \u201csa\u00edd\u00e3o\u201d, poder\u00e1 ser ser reduzido. \u00c9 o que prev\u00ea uma proposta (PLC 146\/2017) aprovada nesta quarta-feira (6) pela Comiss\u00e3o de Constitui\u00e7\u00e3o e Justi\u00e7a (CCJ) do Senado. O texto restinge de sete dias, at\u00e9 cinco vezes ao ano, para at\u00e9 quatro, duas vezes por ano, o benef\u00edcio.<\/span><\/p>\n<div id=\"attachment_108841\" style=\"width: 609px\" class=\"wp-caption aligncenter\"><a href=\"http:\/\/senoticias.com.br\/se\/wp-content\/uploads\/2017\/12\/presidio-de-areia-branca-SENOTICIAS-e1512585098183.jpg\"><img loading=\"lazy\" decoding=\"async\" aria-describedby=\"caption-attachment-108841\" class=\"size-full wp-image-108841\" src=\"http:\/\/senoticias.com.br\/se\/wp-content\/uploads\/2017\/12\/presidio-de-areia-branca-SENOTICIAS-e1512585098183.jpg\" alt=\"Foto: Infonet\" width=\"599\" height=\"398\" \/><\/a><p id=\"caption-attachment-108841\" class=\"wp-caption-text\">Pres\u00eddio de Areia Branca, aqui em Sergipe. Foto: Infonet<\/p><\/div>\n<p style=\"text-align: justify;\"><span style=\"color: #000000;\">Em seu voto, a relatora Simone Tebet (PMDB-MS) foi favor\u00e1vel \u00e0 proposta, que tamb\u00e9m agrava a pena para detentos que cometerem novos crimes no tempo em que estiverem fora da pris\u00e3o. A mat\u00e9ria ainda precisa passar por mais uma vota\u00e7\u00e3o no plen\u00e1rio da Casa.<\/span><\/p>\n<p style=\"text-align: justify;\">\n<p style=\"text-align: justify;\"><a href=\"http:\/\/senoticias.com.br\/se\/wp-content\/uploads\/2017\/12\/Logomarca-fone-SE-4.jpg\"><img loading=\"lazy\" decoding=\"async\" class=\"aligncenter size-full wp-image-108767\" src=\"http:\/\/senoticias.com.br\/se\/wp-content\/uploads\/2017\/12\/Logomarca-fone-SE-4.jpg\" alt=\"Logomarca-fone-SE-4\" width=\"599\" height=\"78\" srcset=\"https:\/\/senoticias.com.br\/se\/wp-content\/uploads\/2017\/12\/Logomarca-fone-SE-4.jpg 599w, https:\/\/senoticias.com.br\/se\/wp-content\/uploads\/2017\/12\/Logomarca-fone-SE-4-300x39.jpg 300w\" sizes=\"(max-width: 599px) 100vw, 599px\" \/><\/a><\/p>\n<p style=\"text-align: justify;\"><em><strong>Acompanhe tamb\u00e9m o SE Not\u00edcias no\u00a0<a href=\"https:\/\/twitter.com\/Senoticias\" target=\"_blank\">Twitter<\/a>,\u00a0<a href=\"https:\/\/www.facebook.com\/senoticias1\" target=\"_blank\">Facebook<\/a>\u00a0e no\u00a0<a href=\"https:\/\/www.instagram.com\/senoticias\/\" target=\"_blank\">Instagram<\/a><\/strong><\/em><\/p>\n<p style=\"text-align: justify;\">Por Ag\u00eancia Brasil<\/p>\n","protected":false},"excerpt":{"rendered":"<p>O benef\u00edcio de sa\u00edda tempor\u00e1ria de presidi\u00e1rios das cadeias, conhecido como \u201csa\u00edd\u00e3o\u201d, poder\u00e1 ser ser reduzido. \u00c9 o que prev\u00ea uma proposta (PLC 146\/2017) aprovada nesta quarta-feira (6) pela Comiss\u00e3o de Constitui\u00e7\u00e3o e Justi\u00e7a (CCJ) do Senado. O texto restinge de sete dias, at\u00e9 cinco vezes ao ano, para at\u00e9 quatro, duas vezes por ano, [&hellip;]<\/p>\n","protected":false},"author":2,"featured_media":0,"comment_status":"closed","ping_status":"closed","sticky":false,"template":"","format":"standard","meta":{"footnotes":""},"categories":[2961],"tags":[6926,370,3670,3691,3071,7468,295],"class_list":{"0":"post-108840","1":"post","2":"type-post","3":"status-publish","4":"format-standard","6":"category-nacional","7":"tag-areiabranca","8":"tag-brasil","9":"tag-nacional","10":"tag-presidio","11":"tag-proposta","12":"tag-saidapresos","13":"tag-senado"},"_links":{"self":[{"href":"https:\/\/senoticias.com.br\/se\/wp-json\/wp\/v2\/posts\/108840"}],"collection":[{"href":"https:\/\/senoticias.com.br\/se\/wp-json\/wp\/v2\/posts"}],"about":[{"href":"https:\/\/senoticias.com.br\/se\/wp-json\/wp\/v2\/types\/post"}],"author":[{"embeddable":true,"href":"https:\/\/senoticias.com.br\/se\/wp-json\/wp\/v2\/users\/2"}],"replies":[{"embeddable":true,"href":"https:\/\/senoticias.com.br\/se\/wp-json\/wp\/v2\/comments?post=108840"}],"version-history":[{"count":0,"href":"https:\/\/senoticias.com.br\/se\/wp-json\/wp\/v2\/posts\/108840\/revisions"}],"wp:attachment":[{"href":"https:\/\/senoticias.com.br\/se\/wp-json\/wp\/v2\/media?parent=108840"}],"wp:term":[{"taxonomy":"category","embeddable":true,"href":"https:\/\/senoticias.com.br\/se\/wp-json\/wp\/v2\/categories?post=108840"},{"taxonomy":"post_tag","embeddable":true,"href":"https:\/\/senoticias.com.br\/se\/wp-json\/wp\/v2\/tags?post=108840"}],"curies":[{"name":"wp","href":"https:\/\/api.w.org\/{rel}","templated":true}]}}