{"id":108835,"date":"2017-12-06T15:19:07","date_gmt":"2017-12-06T18:19:07","guid":{"rendered":"http:\/\/senoticias.com.br\/se\/?p=108835"},"modified":"2017-12-06T19:06:15","modified_gmt":"2017-12-06T22:06:15","slug":"pirambu-realizara-mais-uma-vez-o-maior-reveillon-de-sergipe","status":"publish","type":"post","link":"https:\/\/senoticias.com.br\/se\/pirambu-realizara-mais-uma-vez-o-maior-reveillon-de-sergipe\/","title":{"rendered":"Pirambu realizar\u00e1 o maior r\u00e9veillon de Sergipe, diz prefeito"},"content":{"rendered":"<p style=\"text-align: justify;\">O prefeito Municipal de Pirambu, \u00c9lio Martins (PSC), recebeu nesta quarta-feira, 06, a equipe da TV Atalaia e R\u00e1dio CBN afiliadas a Rede Record em Sergipe, para falar sobre a realiza\u00e7\u00e3o de mais um grande r\u00e9veillon que ser\u00e1 promovido pelo Governo Municipal.<\/p>\n<div id=\"attachment_108836\" style=\"width: 609px\" class=\"wp-caption aligncenter\"><a href=\"http:\/\/senoticias.com.br\/se\/wp-content\/uploads\/2017\/12\/24852282_1301442020001666_4367136658461152168_n.jpg\"><img loading=\"lazy\" decoding=\"async\" aria-describedby=\"caption-attachment-108836\" class=\"size-full wp-image-108836\" src=\"http:\/\/senoticias.com.br\/se\/wp-content\/uploads\/2017\/12\/24852282_1301442020001666_4367136658461152168_n-e1512584178808.jpg\" alt=\"Pirambu realizar\u00e1 o maior r\u00e9veillon de Sergipe, diz prefeito\" width=\"599\" height=\"449\" \/><\/a><p id=\"caption-attachment-108836\" class=\"wp-caption-text\">Pirambu realizar\u00e1 o maior r\u00e9veillon de Sergipe, diz prefeito (foto: ascom)<\/p><\/div>\n<p style=\"text-align: justify;\">Na oportunidade, o prefeito destacou a import\u00e2ncia de um evento desta relev\u00e2ncia para o munic\u00edpio que j\u00e1 se destaca por ser pr\u00f3ximo \u00e0 capital e possuir bons atra<span class=\"m_8696353314190053331text_exposed_show\">tivos tur\u00edsticos. \u201cO nosso reveillon \u00e9 sempre uma grande realiza\u00e7\u00e3o, Pirambu \u00e9 uma cidade litor\u00e2nea e n\u00f3s procuramos explorar isso, este ano n\u00e3o ser\u00e1 diferente, estamos preparando uma estrutura para receber mais de 40 mil pessoas\u201d, afirma.<\/span><\/p>\n<div class=\"m_8696353314190053331text_exposed_show\">\n<p style=\"text-align: justify;\">Segundo Elinho, a estrutura da festa vem sendo planejada h\u00e1 algum tempo, visando na comodidade e receptividade das pessoas que far\u00e3o de Pirambu, o seu destino para a virada do ano. \u201cSer\u00e3o cerca de 10 horas de shows com cinco atra\u00e7\u00f5es, desde atra\u00e7\u00f5es regionais e tamb\u00e9m nacionais que se dividir\u00e3o em dois palcos bem estruturados. Teremos tamb\u00e9m, 10 minutos de show pirot\u00e9cnicos iluminando o c\u00e9u de Pirambu\u201d, enfatiza o prefeito.<\/p>\n<\/div>\n<p style=\"text-align: justify;\"><a href=\"http:\/\/senoticias.com.br\/se\/wp-content\/uploads\/2017\/12\/Logomarca-fone-SE-4.jpg\"><img loading=\"lazy\" decoding=\"async\" class=\"aligncenter size-full wp-image-108767\" src=\"http:\/\/senoticias.com.br\/se\/wp-content\/uploads\/2017\/12\/Logomarca-fone-SE-4.jpg\" alt=\"Logomarca-fone-SE-4\" width=\"599\" height=\"78\" srcset=\"https:\/\/senoticias.com.br\/se\/wp-content\/uploads\/2017\/12\/Logomarca-fone-SE-4.jpg 599w, https:\/\/senoticias.com.br\/se\/wp-content\/uploads\/2017\/12\/Logomarca-fone-SE-4-300x39.jpg 300w\" sizes=\"(max-width: 599px) 100vw, 599px\" \/><\/a><\/p>\n<p style=\"text-align: justify;\"><em><strong>Acompanhe tamb\u00e9m o SE Not\u00edcias no\u00a0<a href=\"https:\/\/twitter.com\/Senoticias\" target=\"_blank\">Twitter<\/a>,\u00a0<a href=\"https:\/\/www.facebook.com\/senoticias1\" target=\"_blank\">Facebook<\/a>\u00a0e no\u00a0<a href=\"https:\/\/www.instagram.com\/senoticias\/\" target=\"_blank\">Instagram<\/a><\/strong><\/em><\/p>\n<div class=\"m_8696353314190053331text_exposed_show\">\n<p>Secom\/Pirambu<\/p>\n<\/div>\n","protected":false},"excerpt":{"rendered":"<p>O prefeito Municipal de Pirambu, \u00c9lio Martins (PSC), recebeu nesta quarta-feira, 06, a equipe da TV Atalaia e R\u00e1dio CBN afiliadas a Rede Record em Sergipe, para falar sobre a realiza\u00e7\u00e3o de mais um grande r\u00e9veillon que ser\u00e1 promovido pelo Governo Municipal. Na oportunidade, o prefeito destacou a import\u00e2ncia de um evento desta relev\u00e2ncia para [&hellip;]<\/p>\n","protected":false},"author":2,"featured_media":108836,"comment_status":"closed","ping_status":"closed","sticky":false,"template":"","format":"standard","meta":{"footnotes":""},"categories":[21,38],"tags":[7464,7465,7462,7463],"class_list":{"0":"post-108835","1":"post","2":"type-post","3":"status-publish","4":"format-standard","5":"has-post-thumbnail","7":"category-entretenimento","8":"category-municipios","9":"tag-elio-martins","10":"tag-prefeito-de-pirambu","11":"tag-reveillon","12":"tag-reveillon-pirambu"},"_links":{"self":[{"href":"https:\/\/senoticias.com.br\/se\/wp-json\/wp\/v2\/posts\/108835"}],"collection":[{"href":"https:\/\/senoticias.com.br\/se\/wp-json\/wp\/v2\/posts"}],"about":[{"href":"https:\/\/senoticias.com.br\/se\/wp-json\/wp\/v2\/types\/post"}],"author":[{"embeddable":true,"href":"https:\/\/senoticias.com.br\/se\/wp-json\/wp\/v2\/users\/2"}],"replies":[{"embeddable":true,"href":"https:\/\/senoticias.com.br\/se\/wp-json\/wp\/v2\/comments?post=108835"}],"version-history":[{"count":0,"href":"https:\/\/senoticias.com.br\/se\/wp-json\/wp\/v2\/posts\/108835\/revisions"}],"wp:featuredmedia":[{"embeddable":true,"href":"https:\/\/senoticias.com.br\/se\/wp-json\/wp\/v2\/media\/108836"}],"wp:attachment":[{"href":"https:\/\/senoticias.com.br\/se\/wp-json\/wp\/v2\/media?parent=108835"}],"wp:term":[{"taxonomy":"category","embeddable":true,"href":"https:\/\/senoticias.com.br\/se\/wp-json\/wp\/v2\/categories?post=108835"},{"taxonomy":"post_tag","embeddable":true,"href":"https:\/\/senoticias.com.br\/se\/wp-json\/wp\/v2\/tags?post=108835"}],"curies":[{"name":"wp","href":"https:\/\/api.w.org\/{rel}","templated":true}]}}