{"id":108831,"date":"2017-12-06T07:01:18","date_gmt":"2017-12-06T10:01:18","guid":{"rendered":"http:\/\/senoticias.com.br\/se\/?p=108831"},"modified":"2017-12-06T07:01:18","modified_gmt":"2017-12-06T10:01:18","slug":"ju-de-paulla-comanda-a-treta-em-aracaju","status":"publish","type":"post","link":"https:\/\/senoticias.com.br\/se\/ju-de-paulla-comanda-a-treta-em-aracaju\/","title":{"rendered":"Ju de Paulla comanda a Treta em Aracaju"},"content":{"rendered":"<p style=\"text-align: justify;\">\nA festa carioca mais badala do ano desembarca mais uma vez em Aracaju e vai ser comandada pela digital influencer, Ju de Paulla, na v\u00e9spera de feriado, a partir das 22h desta quinta-feira (7) no 705. Treta vai contar ainda com o residente da festa, o DJ Thiago Ara\u00fajo, e os agitos de T-Folks, Mark\u00edbia e Hellbangerz.<\/p>\n<div id=\"attachment_108832\" style=\"width: 609px\" class=\"wp-caption aligncenter\"><a href=\"http:\/\/senoticias.com.br\/se\/wp-content\/uploads\/2017\/12\/treta-e1512554321350.jpg\"><img loading=\"lazy\" decoding=\"async\" aria-describedby=\"caption-attachment-108832\" class=\"size-full wp-image-108832\" src=\"http:\/\/senoticias.com.br\/se\/wp-content\/uploads\/2017\/12\/treta-e1512554321350.jpg\" alt=\"Treta vai contar ainda com o residente da festa, o DJ Thiago Ara\u00fajo, e os agitos de T-Folks, Mark\u00edbia e Hellbangerz\" width=\"599\" height=\"749\" \/><\/a><p id=\"caption-attachment-108832\" class=\"wp-caption-text\">Treta vai contar ainda com o residente da festa, o DJ Thiago Ara\u00fajo, e os agitos de T-Folks, Mark\u00edbia e Hellbangerz (foto arte\/divulga\u00e7\u00e3o)<\/p><\/div>\n<p style=\"text-align: justify;\">Cheia de atitude e de admiradores nas redes sociais, e dona de inquestion\u00e1vel bom gosto musical, suas playlists fazem enorme sucesso em diversas plataformas. Come\u00e7ou fazendo uma participa\u00e7\u00e3o aqui, outra ali e o inevit\u00e1vel aconteceu: virou a Dj Jude Paulla.<\/p>\n<p style=\"text-align: justify;\">Os ingressos est\u00e3o sendo vendidos por R$ 20 (pista) e R$ 50 (deck open bar com cerveja, refrigerante, catuaba e \u00e1gua). Outras informa\u00e7\u00f5es atrav\u00e9s do n\u00famero (79) 99641-8024.<\/p>\n<p style=\"text-align: justify;\">\n<p style=\"text-align: justify;\"><a href=\"http:\/\/senoticias.com.br\/se\/wp-content\/uploads\/2017\/12\/Logomarca-fone-SE-4.jpg\"><img loading=\"lazy\" decoding=\"async\" class=\"aligncenter size-full wp-image-108767\" src=\"http:\/\/senoticias.com.br\/se\/wp-content\/uploads\/2017\/12\/Logomarca-fone-SE-4.jpg\" alt=\"Logomarca-fone-SE-4\" width=\"599\" height=\"78\" srcset=\"https:\/\/senoticias.com.br\/se\/wp-content\/uploads\/2017\/12\/Logomarca-fone-SE-4.jpg 599w, https:\/\/senoticias.com.br\/se\/wp-content\/uploads\/2017\/12\/Logomarca-fone-SE-4-300x39.jpg 300w\" sizes=\"(max-width: 599px) 100vw, 599px\" \/><\/a><\/p>\n<p style=\"text-align: justify;\">\n<p style=\"text-align: justify;\"><em><strong>Acompanhe tamb\u00e9m o SE Not\u00edcias no\u00a0<a href=\"https:\/\/twitter.com\/Senoticias\" target=\"_blank\">Twitter<\/a>,\u00a0<a href=\"https:\/\/www.facebook.com\/senoticias1\" target=\"_blank\">Facebook<\/a>\u00a0e no\u00a0<a href=\"https:\/\/www.instagram.com\/senoticias\/\" target=\"_blank\">Instagram<\/a><\/strong><\/em><\/p>\n<p style=\"text-align: justify;\">\n<p style=\"text-align: justify;\"><em>Da Assessoria de Imprensa<\/em><\/p>\n","protected":false},"excerpt":{"rendered":"<p>A festa carioca mais badala do ano desembarca mais uma vez em Aracaju e vai ser comandada pela digital influencer, Ju de Paulla, na v\u00e9spera de feriado, a partir das 22h desta quinta-feira (7) no 705. Treta vai contar ainda com o residente da festa, o DJ Thiago Ara\u00fajo, e os agitos de T-Folks, Mark\u00edbia [&hellip;]<\/p>\n","protected":false},"author":2,"featured_media":108832,"comment_status":"closed","ping_status":"closed","sticky":false,"template":"","format":"standard","meta":{"footnotes":""},"categories":[21],"tags":[7461,7460,7458,7459],"class_list":{"0":"post-108831","1":"post","2":"type-post","3":"status-publish","4":"format-standard","5":"has-post-thumbnail","7":"category-entretenimento","8":"tag-digital-influencer","9":"tag-ju-de-paulla","10":"tag-treta","11":"tag-treta-em-aracaju"},"_links":{"self":[{"href":"https:\/\/senoticias.com.br\/se\/wp-json\/wp\/v2\/posts\/108831"}],"collection":[{"href":"https:\/\/senoticias.com.br\/se\/wp-json\/wp\/v2\/posts"}],"about":[{"href":"https:\/\/senoticias.com.br\/se\/wp-json\/wp\/v2\/types\/post"}],"author":[{"embeddable":true,"href":"https:\/\/senoticias.com.br\/se\/wp-json\/wp\/v2\/users\/2"}],"replies":[{"embeddable":true,"href":"https:\/\/senoticias.com.br\/se\/wp-json\/wp\/v2\/comments?post=108831"}],"version-history":[{"count":0,"href":"https:\/\/senoticias.com.br\/se\/wp-json\/wp\/v2\/posts\/108831\/revisions"}],"wp:featuredmedia":[{"embeddable":true,"href":"https:\/\/senoticias.com.br\/se\/wp-json\/wp\/v2\/media\/108832"}],"wp:attachment":[{"href":"https:\/\/senoticias.com.br\/se\/wp-json\/wp\/v2\/media?parent=108831"}],"wp:term":[{"taxonomy":"category","embeddable":true,"href":"https:\/\/senoticias.com.br\/se\/wp-json\/wp\/v2\/categories?post=108831"},{"taxonomy":"post_tag","embeddable":true,"href":"https:\/\/senoticias.com.br\/se\/wp-json\/wp\/v2\/tags?post=108831"}],"curies":[{"name":"wp","href":"https:\/\/api.w.org\/{rel}","templated":true}]}}