{"id":108826,"date":"2017-12-05T19:00:55","date_gmt":"2017-12-05T22:00:55","guid":{"rendered":"http:\/\/senoticias.com.br\/se\/?p=108826"},"modified":"2017-12-06T07:40:45","modified_gmt":"2017-12-06T10:40:45","slug":"senador-elber-batalha-defende-pec-que-amplia-competencias-do-defensor-publico-federal","status":"publish","type":"post","link":"https:\/\/senoticias.com.br\/se\/senador-elber-batalha-defende-pec-que-amplia-competencias-do-defensor-publico-federal\/","title":{"rendered":"Senador Elber Batalha defende PEC que amplia compet\u00eancias do Defensor P\u00fablico Federal"},"content":{"rendered":"<p class=\"m_8493614580785962634gmail-MsoNormal\" style=\"text-align: justify;\"><span style=\"font-family: verdana, sans-serif;\">O senador Elber Batalha (PSB-SE) ocupou a tribuna, nesta tarde, para pedir apoio dos senadores \u00e0 PEC da Defensoria P\u00fablica (PEC 31\/2017),\u00a0que concede novos poderes ao Defensor P\u00fablico-Geral, inclusive para propor A\u00e7\u00e3o Direta de Inconstitucionalidade. A mat\u00e9ria, de autoria do senador Antonio Carlos Valadares, amplia os poderes dos defensores p\u00fablicos na assist\u00eancia jur\u00eddica aos mais pobres.<\/span><\/p>\n<p class=\"m_8493614580785962634gmail-MsoNormal\" style=\"text-align: justify;\"><span style=\"font-family: verdana, sans-serif;\">\u201cTendo comandado a Defensoria P\u00fablica durante anos em Sergipe, nada mais natural que optar por inaugurar meu trabalho nesta Casa pela defesa desta carreira t\u00e3o essencial, sobretudo diante do persistente e vergonhoso cen\u00e1rio de desigualdade no Brasil\u201d, disse.<\/span><\/p>\n<div id=\"attachment_108827\" style=\"width: 609px\" class=\"wp-caption aligncenter\"><a href=\"http:\/\/senoticias.com.br\/se\/wp-content\/uploads\/2017\/12\/plen\u00e1rio05-12-e1512511143503.jpg\"><img loading=\"lazy\" decoding=\"async\" aria-describedby=\"caption-attachment-108827\" class=\"size-full wp-image-108827\" src=\"http:\/\/senoticias.com.br\/se\/wp-content\/uploads\/2017\/12\/plen\u00e1rio05-12-e1512511143503.jpg\" alt=\"Elber Batalha defende PEC que amplia compet\u00eancias do Defensor P\u00fablico federal\" width=\"599\" height=\"399\" \/><\/a><p id=\"caption-attachment-108827\" class=\"wp-caption-text\">Elber Batalha defende PEC que amplia compet\u00eancias do Defensor P\u00fablico Federal (foto: ascom)<\/p><\/div>\n<p class=\"m_8493614580785962634gmail-MsoNormal\" style=\"text-align: justify;\"><span style=\"font-family: verdana, sans-serif;\">O senador enalteceu o trabalho da Defensoria na luta\u00a0para garantir um direito fundamental do ser humano que \u00e9 o acesso \u00e0 Justi\u00e7a.\u00a0\u201cEla \u00e9 a voz em especial daquela parcela mais pobre da nossa gente, os necessitados, os invis\u00edveis para a sociedade e para o sistema judici\u00e1rio, os hipossuficientes\u201d, destacou.<\/span><\/p>\n<p class=\"m_8493614580785962634gmail-MsoNormal\" style=\"text-align: justify;\"><span style=\"font-family: verdana, sans-serif;\">Segundo Elber, a iniciativa \u00e9 plenamente justificada, considerando a atua\u00e7\u00e3o da Defensoria P\u00fablica, particularmente como crescente instrumento do regime democr\u00e1tico. \u201cEm 2016, a Defensoria P\u00fablica da Uni\u00e3o realizou mais de um milh\u00e3o e seiscentos mil atendimentos. Muitos dos quais pedidos repetitivos de questionamento de constitucionalidade. Embora repetitivas, essas demandas s\u00e3o tratadas individualmente, ampliando os gastos e o tempo de resolu\u00e7\u00e3o dos casos em quest\u00e3o\u201d, explicou.<\/span><\/p>\n<p class=\"m_8493614580785962634gmail-MsoNormal\" style=\"text-align: justify;\"><span style=\"font-family: verdana, sans-serif;\">O senador lembrou que ao longo dos \u00faltimos anos, tem acompanho o trabalho do Congresso Nacional e \u00e9 testemunha dos avan\u00e7os no sentido de fortalecer o trabalho da Defensoria P\u00fablica. \u201cEm 2009, trabalhei pela aprova\u00e7\u00e3o da Lei Complementar 132, a chamada Nova Lei Org\u00e2nica das Defensorias P\u00fablicas, relatada pelo senador Valadares. Foi a primeira vez que, ao organizar uma institui\u00e7\u00e3o do sistema de Justi\u00e7a, uma legisla\u00e7\u00e3o voltou seu foco para o cidad\u00e3o destinat\u00e1rio dos servi\u00e7os e n\u00e3o para o pr\u00f3prio \u00f3rg\u00e3o ou seus integrantes. Estive aqui neste Senado atuando intensamente em favor do texto\u201d, conclui.<\/span><\/p>\n<p class=\"m_8493614580785962634gmail-MsoNormal\" style=\"text-align: justify;\"><a href=\"http:\/\/senoticias.com.br\/se\/wp-content\/uploads\/2017\/12\/Logomarca-fone-SE-4.jpg\"><img loading=\"lazy\" decoding=\"async\" class=\"aligncenter size-full wp-image-108767\" src=\"http:\/\/senoticias.com.br\/se\/wp-content\/uploads\/2017\/12\/Logomarca-fone-SE-4.jpg\" alt=\"Logomarca-fone-SE-4\" width=\"599\" height=\"78\" srcset=\"https:\/\/senoticias.com.br\/se\/wp-content\/uploads\/2017\/12\/Logomarca-fone-SE-4.jpg 599w, https:\/\/senoticias.com.br\/se\/wp-content\/uploads\/2017\/12\/Logomarca-fone-SE-4-300x39.jpg 300w\" sizes=\"(max-width: 599px) 100vw, 599px\" \/><\/a><\/p>\n<p class=\"m_8493614580785962634gmail-MsoNormal\" style=\"text-align: justify;\"><em><strong>Acompanhe tamb\u00e9m o SE Not\u00edcias no\u00a0<a href=\"https:\/\/twitter.com\/Senoticias\" target=\"_blank\">Twitter<\/a>,\u00a0<a href=\"https:\/\/www.facebook.com\/senoticias1\" target=\"_blank\">Facebook<\/a>\u00a0e no\u00a0<a href=\"https:\/\/www.instagram.com\/senoticias\/\" target=\"_blank\">Instagram<\/a><\/strong><\/em><\/p>\n<p class=\"m_8493614580785962634gmail-MsoNormal\" style=\"text-align: justify;\"><em><span style=\"font-family: verdana, sans-serif;\">Por Assessoria de Imprensa do Senador Elber Batalha<\/span><\/em><\/p>\n","protected":false},"excerpt":{"rendered":"<p>O senador Elber Batalha (PSB-SE) ocupou a tribuna, nesta tarde, para pedir apoio dos senadores \u00e0 PEC da Defensoria P\u00fablica (PEC 31\/2017),\u00a0que concede novos poderes ao Defensor P\u00fablico-Geral, inclusive para propor A\u00e7\u00e3o Direta de Inconstitucionalidade. A mat\u00e9ria, de autoria do senador Antonio Carlos Valadares, amplia os poderes dos defensores p\u00fablicos na assist\u00eancia jur\u00eddica aos mais [&hellip;]<\/p>\n","protected":false},"author":2,"featured_media":108827,"comment_status":"closed","ping_status":"closed","sticky":false,"template":"","format":"standard","meta":{"footnotes":""},"categories":[6],"tags":[7457,7223,3920,98],"class_list":{"0":"post-108826","1":"post","2":"type-post","3":"status-publish","4":"format-standard","5":"has-post-thumbnail","7":"category-politica","8":"tag-defensor-publico-federal","9":"tag-elber-batalha","10":"tag-pec","11":"tag-senador"},"_links":{"self":[{"href":"https:\/\/senoticias.com.br\/se\/wp-json\/wp\/v2\/posts\/108826"}],"collection":[{"href":"https:\/\/senoticias.com.br\/se\/wp-json\/wp\/v2\/posts"}],"about":[{"href":"https:\/\/senoticias.com.br\/se\/wp-json\/wp\/v2\/types\/post"}],"author":[{"embeddable":true,"href":"https:\/\/senoticias.com.br\/se\/wp-json\/wp\/v2\/users\/2"}],"replies":[{"embeddable":true,"href":"https:\/\/senoticias.com.br\/se\/wp-json\/wp\/v2\/comments?post=108826"}],"version-history":[{"count":0,"href":"https:\/\/senoticias.com.br\/se\/wp-json\/wp\/v2\/posts\/108826\/revisions"}],"wp:featuredmedia":[{"embeddable":true,"href":"https:\/\/senoticias.com.br\/se\/wp-json\/wp\/v2\/media\/108827"}],"wp:attachment":[{"href":"https:\/\/senoticias.com.br\/se\/wp-json\/wp\/v2\/media?parent=108826"}],"wp:term":[{"taxonomy":"category","embeddable":true,"href":"https:\/\/senoticias.com.br\/se\/wp-json\/wp\/v2\/categories?post=108826"},{"taxonomy":"post_tag","embeddable":true,"href":"https:\/\/senoticias.com.br\/se\/wp-json\/wp\/v2\/tags?post=108826"}],"curies":[{"name":"wp","href":"https:\/\/api.w.org\/{rel}","templated":true}]}}