{"id":108819,"date":"2017-12-05T18:12:25","date_gmt":"2017-12-05T21:12:25","guid":{"rendered":"http:\/\/senoticias.com.br\/se\/?p=108819"},"modified":"2017-12-05T18:45:02","modified_gmt":"2017-12-05T21:45:02","slug":"ivaldo-maceio-e-uma-das-atracoes-do-festival-do-jegue","status":"publish","type":"post","link":"https:\/\/senoticias.com.br\/se\/ivaldo-maceio-e-uma-das-atracoes-do-festival-do-jegue\/","title":{"rendered":"Tradi\u00e7\u00e3o do Festival do Jegue retorna em Itabi"},"content":{"rendered":"<p class=\"m_-1688033321771643245gmail-MsoNormal\" style=\"text-align: justify;\">Neste fim de semana, milhares de pessoas se reunir\u00e3o no munic\u00edpio de Itabi, interior sergipano, para prestigiar a 37\u00aa Festa do Jegue, uma tradi\u00e7\u00e3o cultural que come\u00e7ou em 1979. Entre os dias 09 e 10, a popula\u00e7\u00e3o se aglomera na rua do Com\u00e9rcio para prestigiar o animal que ainda \u00e9 considerado sagrado pelos sertanejos, utilizado principalmente como meio de transporte e de trabalho em muitas cidades.<\/p>\n<div id=\"attachment_108820\" style=\"width: 609px\" class=\"wp-caption aligncenter\"><a href=\"http:\/\/senoticias.com.br\/se\/wp-content\/uploads\/2017\/12\/maceioivaldo-e1512508186800.jpg\"><img loading=\"lazy\" decoding=\"async\" aria-describedby=\"caption-attachment-108820\" class=\"size-full wp-image-108820\" src=\"http:\/\/senoticias.com.br\/se\/wp-content\/uploads\/2017\/12\/maceioivaldo-e1512508186800.jpg\" alt=\"Entre as atra\u00e7\u00f5es, shows com Erivaldo de Carira e Z\u00e9 Manoel\" width=\"599\" height=\"399\" \/><\/a><p id=\"caption-attachment-108820\" class=\"wp-caption-text\">Entre as atra\u00e7\u00f5es, shows com Erivaldo de Carira e Z\u00e9 Manoel (foto: divulga\u00e7\u00e3o)<\/p><\/div>\n<p class=\"m_-1688033321771643245gmail-MsoNormal\" style=\"text-align: justify;\">Esse ano, a programa\u00e7\u00e3o contar\u00e1 com a tradicional corrida do jegue, shows, cavalgada e campeonato de \u2018motocross&#8217;. Por ser um animal de destaque, ainda \u00e9 realizado o desfile de fantasias. Para a sele\u00e7\u00e3o \u00e9 premiado a fantasia que entre em harmonia com o tema e a m\u00fasica.<\/p>\n<p class=\"m_-1688033321771643245gmail-MsoNormal\" style=\"text-align: justify;\"><b>ENCONTRO CULTURAL<br \/>\n<\/b><br \/>\nEsse ano, a Prefeitura preparou uma novidade, que \u00e9 o 1\u00ba Encontro Cultural de Itabi, que ser\u00e1 realizado na sexta-feira, 8 de dezembro, com o tema \u201cMinha Terra, Nossa Hist\u00f3ria\u201d. Nele, diversos artistas sergipanos estar\u00e3o exibindo a nossa cultura por meio de apresenta\u00e7\u00f5es de dan\u00e7a, m\u00fasica, literatura de cordel hist\u00f3ria contada, folclore e teatro. Entre as atra\u00e7\u00f5es, shows com Erivaldo de Carira e Z\u00e9 Manoel.<\/p>\n<p class=\"m_-1688033321771643245gmail-MsoNormal\" style=\"text-align: justify;\">J\u00e1 o Festival do Jegue, contar\u00e1 com uma programa\u00e7\u00e3o especial de artistas locais e nacionais. Shows que prometem agitar a regi\u00e3o. Confira a programa\u00e7\u00e3o:<\/p>\n<p class=\"m_-1688033321771643245gmail-MsoNormal\"><b>S\u00e1bado &#8211; 09<\/b><\/p>\n<p>13h- Saulo Hollywood<br \/>\n15h- C\u00e9sar Silva<br \/>\n16h- Cavalgada saindo do povoado Mata Grande para Itabi<br \/>\n16:30h- Devinho Novaes<br \/>\nBoate Itinerante<br \/>\n22:30h- Mimika do Arrocha<br \/>\nBoate Itinerante<br \/>\n00h- Ivaldo Macei\u00f3<br \/>\nBoate Itinerante<br \/>\n02h- Cintura Fina<br \/>\nBoate Itinerante<br \/>\n03h- Xande e Nanda<\/p>\n<p class=\"m_-1688033321771643245gmail-MsoNormal\"><b>Domingo, 10<\/b><\/p>\n<p>09h- 3\u00aa Etapa do Campeonato Sergipano de Motocross<br \/>\n14h- Desfile de Jegues Fantasiados<br \/>\n16h- Corrida de Jegues<br \/>\n21h- S\u00e9rgio Lucas<br \/>\nBoate Itinerante<br \/>\n23h- M\u00e1rcia Felipe<br \/>\nBoate Itinerante<br \/>\n01h- Jonas Esticado<br \/>\nBoate Itinerante<br \/>\n03h- Danielzinho e Forroz\u00e3o Quarto de Milha<\/p>\n<p class=\"m_-1688033321771643245gmail-MsoNormal\"><em><strong>Acompanhe tamb\u00e9m o SE Not\u00edcias no\u00a0<a href=\"https:\/\/twitter.com\/Senoticias\" target=\"_blank\">Twitter<\/a>,\u00a0<a href=\"https:\/\/www.facebook.com\/senoticias1\" target=\"_blank\">Facebook<\/a>\u00a0e no\u00a0<a href=\"https:\/\/www.instagram.com\/senoticias\/\" target=\"_blank\">Instagram<\/a><\/strong><\/em><\/p>\n<p class=\"m_-1688033321771643245gmail-MsoNormal\"><a href=\"http:\/\/senoticias.com.br\/se\/wp-content\/uploads\/2017\/12\/Logomarca-fone-SE-4.jpg\"><img loading=\"lazy\" decoding=\"async\" class=\"aligncenter size-full wp-image-108767\" src=\"http:\/\/senoticias.com.br\/se\/wp-content\/uploads\/2017\/12\/Logomarca-fone-SE-4.jpg\" alt=\"Logomarca-fone-SE-4\" width=\"599\" height=\"78\" srcset=\"https:\/\/senoticias.com.br\/se\/wp-content\/uploads\/2017\/12\/Logomarca-fone-SE-4.jpg 599w, https:\/\/senoticias.com.br\/se\/wp-content\/uploads\/2017\/12\/Logomarca-fone-SE-4-300x39.jpg 300w\" sizes=\"(max-width: 599px) 100vw, 599px\" \/><\/a><\/p>\n<p class=\"m_-1688033321771643245gmail-MsoNormal\"><em>Da Assessoria de Imprensa<\/em><\/p>\n","protected":false},"excerpt":{"rendered":"<p>Neste fim de semana, milhares de pessoas se reunir\u00e3o no munic\u00edpio de Itabi, interior sergipano, para prestigiar a 37\u00aa Festa do Jegue, uma tradi\u00e7\u00e3o cultural que come\u00e7ou em 1979. Entre os dias 09 e 10, a popula\u00e7\u00e3o se aglomera na rua do Com\u00e9rcio para prestigiar o animal que ainda \u00e9 considerado sagrado pelos sertanejos, utilizado [&hellip;]<\/p>\n","protected":false},"author":2,"featured_media":108820,"comment_status":"closed","ping_status":"closed","sticky":false,"template":"","format":"standard","meta":{"footnotes":""},"categories":[15,21],"tags":[7451,7452,7450,3623],"class_list":{"0":"post-108819","1":"post","2":"type-post","3":"status-publish","4":"format-standard","5":"has-post-thumbnail","7":"category-destaques","8":"category-entretenimento","9":"tag-1o-encontro-cultural-de-itabi","10":"tag-encontro-cultural","11":"tag-festival-do-jegue","12":"tag-itabi"},"_links":{"self":[{"href":"https:\/\/senoticias.com.br\/se\/wp-json\/wp\/v2\/posts\/108819"}],"collection":[{"href":"https:\/\/senoticias.com.br\/se\/wp-json\/wp\/v2\/posts"}],"about":[{"href":"https:\/\/senoticias.com.br\/se\/wp-json\/wp\/v2\/types\/post"}],"author":[{"embeddable":true,"href":"https:\/\/senoticias.com.br\/se\/wp-json\/wp\/v2\/users\/2"}],"replies":[{"embeddable":true,"href":"https:\/\/senoticias.com.br\/se\/wp-json\/wp\/v2\/comments?post=108819"}],"version-history":[{"count":0,"href":"https:\/\/senoticias.com.br\/se\/wp-json\/wp\/v2\/posts\/108819\/revisions"}],"wp:featuredmedia":[{"embeddable":true,"href":"https:\/\/senoticias.com.br\/se\/wp-json\/wp\/v2\/media\/108820"}],"wp:attachment":[{"href":"https:\/\/senoticias.com.br\/se\/wp-json\/wp\/v2\/media?parent=108819"}],"wp:term":[{"taxonomy":"category","embeddable":true,"href":"https:\/\/senoticias.com.br\/se\/wp-json\/wp\/v2\/categories?post=108819"},{"taxonomy":"post_tag","embeddable":true,"href":"https:\/\/senoticias.com.br\/se\/wp-json\/wp\/v2\/tags?post=108819"}],"curies":[{"name":"wp","href":"https:\/\/api.w.org\/{rel}","templated":true}]}}