{"id":108817,"date":"2017-12-05T17:49:42","date_gmt":"2017-12-05T20:49:42","guid":{"rendered":"http:\/\/senoticias.com.br\/se\/?p=108817"},"modified":"2017-12-05T17:54:56","modified_gmt":"2017-12-05T20:54:56","slug":"estre-vai-suspender-coleta-do-lixo-nesta-quarta-feira","status":"publish","type":"post","link":"https:\/\/senoticias.com.br\/se\/estre-vai-suspender-coleta-do-lixo-nesta-quarta-feira\/","title":{"rendered":"Estre vai suspender coleta de lixo nesta quarta-feira"},"content":{"rendered":"<p class=\"m_2010722768603271300m_3034005128450294gmail-m_-4361692228634029844gmail-m_2824162422200748264m_-2647850316898452147gmail-p2\" style=\"text-align: justify;\"><span class=\"m_2010722768603271300m_3034005128450294gmail-m_-4361692228634029844gmail-m_2824162422200748264m_-2647850316898452147gmail-s1\">A d\u00edvida acumulada da EMSURB com a Estre no contrato para transporte e destina\u00e7\u00e3o final dos res\u00edduos coletados em Aracaju soma atualmente R$ 41,6 milh\u00f5es da confiss\u00e3o de d\u00edvida e das parcelas correntes, estas \u00faltimas acumuladas sem pagamento desde o m\u00eas de maio deste ano.<\/span><\/p>\n<div id=\"attachment_89623\" style=\"width: 608px\" class=\"wp-caption aligncenter\"><a href=\"http:\/\/senoticias.com.br\/se\/wp-content\/uploads\/2016\/03\/lixoparqueeditada4-e1457950376909.jpg\"><img loading=\"lazy\" decoding=\"async\" aria-describedby=\"caption-attachment-89623\" class=\"size-full wp-image-89623\" src=\"http:\/\/senoticias.com.br\/se\/wp-content\/uploads\/2016\/03\/lixoparqueeditada4-e1457950376909.jpg\" alt=\"Estre informou na tarde desta ter\u00e7a-feira (5), que vai suspender o servi\u00e7o, a partir das 12 horas desta quarta-feira (6)\" width=\"598\" height=\"336\" \/><\/a><p id=\"caption-attachment-89623\" class=\"wp-caption-text\">Estre informou na tarde desta ter\u00e7a-feira (5), que vai suspender o servi\u00e7o, a partir das 12 horas desta quarta-feira (6).<\/p><\/div>\n<p class=\"m_2010722768603271300m_3034005128450294gmail-m_-4361692228634029844gmail-m_2824162422200748264m_-2647850316898452147gmail-p2\" style=\"text-align: justify;\"><span class=\"m_2010722768603271300m_3034005128450294gmail-m_-4361692228634029844gmail-m_2824162422200748264m_-2647850316898452147gmail-s1\">Desde ent\u00e3o a Estre vem sustentando a opera\u00e7\u00e3o \u00e0s suas custas, embora j\u00e1 estivesse respaldada a parar o servi\u00e7o desde o m\u00eas de setembro, em raz\u00e3o das d\u00edvidas com mais de 90 dias de atraso conforme previs\u00e3o legal.<span class=\"m_2010722768603271300m_3034005128450294gmail-m_-4361692228634029844gmail-m_2824162422200748264m_-2647850316898452147gmail-Apple-converted-space\">\u00a0<\/span><\/span><\/p>\n<p class=\"m_2010722768603271300m_3034005128450294gmail-m_-4361692228634029844gmail-m_2824162422200748264m_-2647850316898452147gmail-p2\" style=\"text-align: justify;\"><span class=\"m_2010722768603271300m_3034005128450294gmail-m_-4361692228634029844gmail-m_2824162422200748264m_-2647850316898452147gmail-s1\">Apesar de amparados legalmente, tentamos todos os meios para evitar a ado\u00e7\u00e3o de medida extrema, mas a situa\u00e7\u00e3o chegou num ponto insustent\u00e1vel, pois, al\u00e9m de n\u00e3o receber os pagamentos contratuais correntes, tamb\u00e9m a parcela do Termo de Confiss\u00e3o de D\u00edvida assinado no \u00faltimo m\u00eas de outubro e vencida em 15\/11 n\u00e3o foi efetuada.<\/span><\/p>\n<p class=\"m_2010722768603271300m_3034005128450294gmail-m_-4361692228634029844gmail-m_2824162422200748264m_-2647850316898452147gmail-p2\" style=\"text-align: justify;\"><span class=\"m_2010722768603271300m_3034005128450294gmail-m_-4361692228634029844gmail-m_2824162422200748264m_-2647850316898452147gmail-s1\">A opera\u00e7\u00e3o de destina\u00e7\u00e3o final ambientalmente adequada de res\u00edduos \u00e9 complexa e, al\u00e9m de exigir investimentos cont\u00ednuos em equipamentos e manuten\u00e7\u00e3o, tem custos diretos com profissionais e insumos materiais, que infelizmente n\u00e3o podem mais ser financiados sem nenhuma contrapartida.<span class=\"m_2010722768603271300m_3034005128450294gmail-m_-4361692228634029844gmail-m_2824162422200748264m_-2647850316898452147gmail-Apple-converted-space\">\u00a0<\/span><\/span><\/p>\n<p class=\"m_2010722768603271300m_3034005128450294gmail-m_-4361692228634029844gmail-m_2824162422200748264m_-2647850316898452147gmail-p2\" style=\"text-align: justify;\"><span class=\"m_2010722768603271300m_3034005128450294gmail-m_-4361692228634029844gmail-m_2824162422200748264m_-2647850316898452147gmail-s1\">Considerando o teor das notifica\u00e7\u00f5es encaminhadas para a Emsurb em 21\/11 e 27\/11 deste ano, o recebimento de res\u00edduos objeto do referido contrato com a Estre ser\u00e1 paralisado a partir das 12 horas desta 4a feira, 06\/12.<\/span><\/p>\n<p class=\"m_2010722768603271300m_3034005128450294gmail-m_-4361692228634029844gmail-m_2824162422200748264m_-2647850316898452147gmail-p2\" style=\"text-align: justify;\"><span class=\"m_2010722768603271300m_3034005128450294gmail-m_-4361692228634029844gmail-m_2824162422200748264m_-2647850316898452147gmail-s1\">A Estre lamenta a ado\u00e7\u00e3o de medida dr\u00e1stica e reitera que continua disposta a buscar alternativas que normalizem as condi\u00e7\u00f5es previstas em contrato. Importante ressaltar que a medida \u00e9 exclusiva do contrato de transporte e destina\u00e7\u00e3o de res\u00edduos operado pela Estre.<\/span><\/p>\n<p class=\"m_2010722768603271300m_3034005128450294gmail-m_-4361692228634029844gmail-m_2824162422200748264m_-2647850316898452147gmail-p2\" style=\"text-align: justify;\"><a href=\"http:\/\/senoticias.com.br\/se\/wp-content\/uploads\/2017\/12\/Logomarca-fone-SE-4.jpg\"><img loading=\"lazy\" decoding=\"async\" class=\"aligncenter size-full wp-image-108767\" src=\"http:\/\/senoticias.com.br\/se\/wp-content\/uploads\/2017\/12\/Logomarca-fone-SE-4.jpg\" alt=\"Logomarca-fone-SE-4\" width=\"599\" height=\"78\" srcset=\"https:\/\/senoticias.com.br\/se\/wp-content\/uploads\/2017\/12\/Logomarca-fone-SE-4.jpg 599w, https:\/\/senoticias.com.br\/se\/wp-content\/uploads\/2017\/12\/Logomarca-fone-SE-4-300x39.jpg 300w\" sizes=\"(max-width: 599px) 100vw, 599px\" \/><\/a><\/p>\n<p class=\"m_2010722768603271300m_3034005128450294gmail-m_-4361692228634029844gmail-m_2824162422200748264m_-2647850316898452147gmail-p2\" style=\"text-align: justify;\"><em><strong>Acompanhe tamb\u00e9m o SE Not\u00edcias no\u00a0<a href=\"https:\/\/twitter.com\/Senoticias\" target=\"_blank\">Twitter<\/a>,\u00a0<a href=\"https:\/\/www.facebook.com\/senoticias1\" target=\"_blank\">Facebook<\/a>\u00a0e no\u00a0<a href=\"https:\/\/www.instagram.com\/senoticias\/\" target=\"_blank\">Instagram<\/a><\/strong><\/em><\/p>\n<p class=\"m_2010722768603271300m_3034005128450294gmail-m_-4361692228634029844gmail-m_2824162422200748264m_-2647850316898452147gmail-p2\" style=\"text-align: justify;\"><em>Da Assessoria de Imprensa<\/em><\/p>\n","protected":false},"excerpt":{"rendered":"<p>A d\u00edvida acumulada da EMSURB com a Estre no contrato para transporte e destina\u00e7\u00e3o final dos res\u00edduos coletados em Aracaju soma atualmente R$ 41,6 milh\u00f5es da confiss\u00e3o de d\u00edvida e das parcelas correntes, estas \u00faltimas acumuladas sem pagamento desde o m\u00eas de maio deste ano. Desde ent\u00e3o a Estre vem sustentando a opera\u00e7\u00e3o \u00e0s suas [&hellip;]<\/p>\n","protected":false},"author":2,"featured_media":89623,"comment_status":"closed","ping_status":"closed","sticky":false,"template":"","format":"standard","meta":{"footnotes":""},"categories":[15],"tags":[339,4370,7448,3080,7449],"class_list":{"0":"post-108817","1":"post","2":"type-post","3":"status-publish","4":"format-standard","5":"has-post-thumbnail","7":"category-destaques","8":"tag-aracaju","9":"tag-coleta-de-lixo","10":"tag-estre","11":"tag-lixo","12":"tag-suspende-coleta"},"_links":{"self":[{"href":"https:\/\/senoticias.com.br\/se\/wp-json\/wp\/v2\/posts\/108817"}],"collection":[{"href":"https:\/\/senoticias.com.br\/se\/wp-json\/wp\/v2\/posts"}],"about":[{"href":"https:\/\/senoticias.com.br\/se\/wp-json\/wp\/v2\/types\/post"}],"author":[{"embeddable":true,"href":"https:\/\/senoticias.com.br\/se\/wp-json\/wp\/v2\/users\/2"}],"replies":[{"embeddable":true,"href":"https:\/\/senoticias.com.br\/se\/wp-json\/wp\/v2\/comments?post=108817"}],"version-history":[{"count":0,"href":"https:\/\/senoticias.com.br\/se\/wp-json\/wp\/v2\/posts\/108817\/revisions"}],"wp:featuredmedia":[{"embeddable":true,"href":"https:\/\/senoticias.com.br\/se\/wp-json\/wp\/v2\/media\/89623"}],"wp:attachment":[{"href":"https:\/\/senoticias.com.br\/se\/wp-json\/wp\/v2\/media?parent=108817"}],"wp:term":[{"taxonomy":"category","embeddable":true,"href":"https:\/\/senoticias.com.br\/se\/wp-json\/wp\/v2\/categories?post=108817"},{"taxonomy":"post_tag","embeddable":true,"href":"https:\/\/senoticias.com.br\/se\/wp-json\/wp\/v2\/tags?post=108817"}],"curies":[{"name":"wp","href":"https:\/\/api.w.org\/{rel}","templated":true}]}}