{"id":108815,"date":"2017-12-05T16:03:08","date_gmt":"2017-12-05T19:03:08","guid":{"rendered":"http:\/\/senoticias.com.br\/se\/?p=108815"},"modified":"2017-12-05T16:04:23","modified_gmt":"2017-12-05T19:04:23","slug":"variacao-dos-precos-dos-combustiveis-e-monitorada-na-capital","status":"publish","type":"post","link":"https:\/\/senoticias.com.br\/se\/variacao-dos-precos-dos-combustiveis-e-monitorada-na-capital\/","title":{"rendered":"Varia\u00e7\u00e3o dos pre\u00e7os dos combust\u00edveis \u00e9 monitorada na capital"},"content":{"rendered":"<p style=\"text-align: justify;\"><span style=\"color: #000000;\">Diante da constante varia\u00e7\u00e3o no pre\u00e7o dos combust\u00edveis, a Prefeitura de Aracaju, atrav\u00e9s da Secretaria Municipal da Defesa Social e da Cidadania (Semdec), disponibiliza aos aracajuanos o resultado do monitoramento realizado pelo Programa Municipal de Prote\u00e7\u00e3o e Defesa do Consumidor &#8211; Procon Aracaju. Entre os dias 27 e 29 de novembro, a equipe de Educa\u00e7\u00e3o e pesquisa, do \u00f3rg\u00e3o, verificou pre\u00e7os praticados na modalidade \u00e0 vista e, tamb\u00e9m, cr\u00e9dito.<\/span><\/p>\n<div id=\"attachment_108289\" style=\"width: 609px\" class=\"wp-caption aligncenter\"><a href=\"http:\/\/senoticias.com.br\/se\/wp-content\/uploads\/2017\/11\/Gasolina-SE-NOTICIAS-e1510917381631.jpg\"><img loading=\"lazy\" decoding=\"async\" aria-describedby=\"caption-attachment-108289\" class=\"size-full wp-image-108289\" src=\"http:\/\/senoticias.com.br\/se\/wp-content\/uploads\/2017\/11\/Gasolina-SE-NOTICIAS-e1510917381631.jpg\" alt=\"Foto: Rafael Neddermeyer\" width=\"599\" height=\"423\" \/><\/a><p id=\"caption-attachment-108289\" class=\"wp-caption-text\">Foto: Rafael Neddermeyer<\/p><\/div>\n<p style=\"text-align: justify;\"><span style=\"color: #000000;\">Ao todo, 35 postos de combust\u00edveis foram visitados nas zonas Norte, Sul, Centro e Oeste da capital sergipana. A pesquisa revela a diferen\u00e7a de valores repassados ao consumidor em rela\u00e7\u00e3o \u00e0 comercializa\u00e7\u00e3o do \u00e1lcool, da gasolina comum e aditivada, do diesel e do GNV (g\u00e1s veicular). \u00c9 poss\u00edvel constatar, por meio da pesquisa, que a diferen\u00e7a dos valores entre os pagamentos com dinheiro e com o cart\u00e3o, chega a 10%.<\/span><\/p>\n<p style=\"text-align: justify;\"><span style=\"color: #000000;\">A tabela que apresenta, al\u00e9m dos valores, a localiza\u00e7\u00e3o de cada um dos postos pesquisados, possibilita que os consumidores possam escolher, de forma consciente, os locais onde foram uso dos servi\u00e7os. &#8220;Sempre buscamos mostrar os melhores pre\u00e7os para estimular a concorr\u00eancia, assim ajudamos ao mercado e ao consumidor&#8221;, afirmou o coordenador de Educa\u00e7\u00e3o e Pesquisa do Procon Aracaju, Agnaldo Santana.<\/span><\/p>\n<p style=\"text-align: justify;\"><span style=\"color: #000000;\">Confira a tabela aqui:<\/span><a href=\"http:\/\/procon.aracaju.se.gov.br\/wp-content\/uploads\/2017\/12\/Tabela-de-Combust%C3%ADveis-02-1.jpg\">\u00a0http:\/\/procon.aracaju.se.gov.br\/wp-content\/uploads\/2017\/12\/Tabela-de-Combust%C3%ADveis-02-1.jpg<\/a><\/p>\n<p style=\"text-align: justify;\"><span style=\"color: #000000;\">O coordenador tamb\u00e9m destaca que os donos dos estabelecimentos est\u00e3o preferindo lucrar menos e vem amortizando os \u00faltimos aumentos, para garantir o fluxo de abastecimento nos seus respectivos estabelecimentos. &#8220;Com a divulga\u00e7\u00e3o peri\u00f3dica dessas tabelas comparativas de pre\u00e7os, buscamos contribuir com o desenvolvimento do h\u00e1bito da pesquisa e planejamento dos aracajuanos. Dessa forma estimulamos o consumo consciente&#8221;, destacou Agnaldo Santana.<\/span><\/p>\n<p style=\"text-align: justify;\"><a href=\"http:\/\/senoticias.com.br\/se\/wp-content\/uploads\/2017\/12\/Logomarca-fone-SE-4.jpg\"><img loading=\"lazy\" decoding=\"async\" class=\"aligncenter size-full wp-image-108767\" src=\"http:\/\/senoticias.com.br\/se\/wp-content\/uploads\/2017\/12\/Logomarca-fone-SE-4.jpg\" alt=\"Logomarca-fone-SE-4\" width=\"599\" height=\"78\" srcset=\"https:\/\/senoticias.com.br\/se\/wp-content\/uploads\/2017\/12\/Logomarca-fone-SE-4.jpg 599w, https:\/\/senoticias.com.br\/se\/wp-content\/uploads\/2017\/12\/Logomarca-fone-SE-4-300x39.jpg 300w\" sizes=\"(max-width: 599px) 100vw, 599px\" \/><\/a><\/p>\n<p style=\"text-align: justify;\"><em><strong>Acompanhe tamb\u00e9m o SE Not\u00edcias no\u00a0<a href=\"https:\/\/twitter.com\/Senoticias\" target=\"_blank\">Twitter<\/a>,\u00a0<a href=\"https:\/\/www.facebook.com\/senoticias1\" target=\"_blank\">Facebook<\/a>\u00a0e no\u00a0<a href=\"https:\/\/www.instagram.com\/senoticias\/\" target=\"_blank\">Instagram<\/a><\/strong><\/em><\/p>\n<p style=\"text-align: justify;\">Por AAN<\/p>\n","protected":false},"excerpt":{"rendered":"<p>Diante da constante varia\u00e7\u00e3o no pre\u00e7o dos combust\u00edveis, a Prefeitura de Aracaju, atrav\u00e9s da Secretaria Municipal da Defesa Social e da Cidadania (Semdec), disponibiliza aos aracajuanos o resultado do monitoramento realizado pelo Programa Municipal de Prote\u00e7\u00e3o e Defesa do Consumidor &#8211; Procon Aracaju. Entre os dias 27 e 29 de novembro, a equipe de Educa\u00e7\u00e3o [&hellip;]<\/p>\n","protected":false},"author":2,"featured_media":0,"comment_status":"closed","ping_status":"closed","sticky":false,"template":"","format":"standard","meta":{"footnotes":""},"categories":[38],"tags":[339,7178,4930,3051,5701,4810],"class_list":{"0":"post-108815","1":"post","2":"type-post","3":"status-publish","4":"format-standard","6":"category-municipios","7":"tag-aracaju","8":"tag-capital","9":"tag-combustivel","10":"tag-gasolina","11":"tag-precos","12":"tag-procon"},"_links":{"self":[{"href":"https:\/\/senoticias.com.br\/se\/wp-json\/wp\/v2\/posts\/108815"}],"collection":[{"href":"https:\/\/senoticias.com.br\/se\/wp-json\/wp\/v2\/posts"}],"about":[{"href":"https:\/\/senoticias.com.br\/se\/wp-json\/wp\/v2\/types\/post"}],"author":[{"embeddable":true,"href":"https:\/\/senoticias.com.br\/se\/wp-json\/wp\/v2\/users\/2"}],"replies":[{"embeddable":true,"href":"https:\/\/senoticias.com.br\/se\/wp-json\/wp\/v2\/comments?post=108815"}],"version-history":[{"count":0,"href":"https:\/\/senoticias.com.br\/se\/wp-json\/wp\/v2\/posts\/108815\/revisions"}],"wp:attachment":[{"href":"https:\/\/senoticias.com.br\/se\/wp-json\/wp\/v2\/media?parent=108815"}],"wp:term":[{"taxonomy":"category","embeddable":true,"href":"https:\/\/senoticias.com.br\/se\/wp-json\/wp\/v2\/categories?post=108815"},{"taxonomy":"post_tag","embeddable":true,"href":"https:\/\/senoticias.com.br\/se\/wp-json\/wp\/v2\/tags?post=108815"}],"curies":[{"name":"wp","href":"https:\/\/api.w.org\/{rel}","templated":true}]}}