{"id":108763,"date":"2017-12-02T22:10:24","date_gmt":"2017-12-03T01:10:24","guid":{"rendered":"http:\/\/senoticias.com.br\/se\/?p=108763"},"modified":"2017-12-02T22:14:39","modified_gmt":"2017-12-03T01:14:39","slug":"no-inicio-da-noite-deste-sabado-2-o-corpo-de-bombeiros-da-cidade-de-muriae-mg-confirmou-que-os-corpos-resgatados-dentro-de-um-carro-no-rio-gloria-municipio-de-miradouro-na-zona-da-mata-mineira","status":"publish","type":"post","link":"https:\/\/senoticias.com.br\/se\/no-inicio-da-noite-deste-sabado-2-o-corpo-de-bombeiros-da-cidade-de-muriae-mg-confirmou-que-os-corpos-resgatados-dentro-de-um-carro-no-rio-gloria-municipio-de-miradouro-na-zona-da-mata-mineira\/","title":{"rendered":"Fam\u00edlia sergipana morre ap\u00f3s carro cair dentro de um rio em Minas Gerais"},"content":{"rendered":"<p style=\"text-align: justify;\">No in\u00edcio da noite deste s\u00e1bado (2), o Corpo de Bombeiros da cidade de Muria\u00e9 (MG) confirmou que os corpos resgatados dentro de um carro no Rio Gl\u00f3ria, munic\u00edpio de Miradouro, na Zona da Mata Mineira, eram de um um menino de seis anos (natural do Rio de Janeiro) e de dois sergipanos, um homem de 57 anos (motorista, natural de Aracaju (SE)) e de uma mulher de 50 (natural de Muribeca (SE), av\u00f3s da crian\u00e7a.<\/p>\n<div id=\"attachment_108765\" style=\"width: 609px\" class=\"wp-caption aligncenter\"><a href=\"http:\/\/senoticias.com.br\/se\/wp-content\/uploads\/2017\/12\/acidente-Minas-Gerais-e1512263574254.jpg\"><img loading=\"lazy\" decoding=\"async\" aria-describedby=\"caption-attachment-108765\" class=\"size-full wp-image-108765\" src=\"http:\/\/senoticias.com.br\/se\/wp-content\/uploads\/2017\/12\/acidente-Minas-Gerais-e1512263574254.jpg\" alt=\"As v\u00edtimas eram uma crian\u00e7a de seis anos e os av\u00f3s dela, de 50 e 57 anos (Foto: Paulo Roberto da R\u00e1dio\/Divulga\u00e7\u00e3o)\" width=\"599\" height=\"449\" \/><\/a><p id=\"caption-attachment-108765\" class=\"wp-caption-text\">As v\u00edtimas eram uma crian\u00e7a de seis anos e os av\u00f3s dela, de 50 e 57 anos (Foto: Paulo Roberto da R\u00e1dio\/Divulga\u00e7\u00e3o)<\/p><\/div>\n<p style=\"text-align: justify;\">O<a href=\"https:\/\/g1.globo.com\/se\/sergipe\/noticia\/familia-sergipana-morre-apos-carro-cair-dentro-de-um-rio-em-minas-gerais.ghtml\"><strong> G1 Sergipe<\/strong> <\/a>conversou por telefone com parentes das v\u00edtimas que moram no estado de S\u00e3o Paulo. Eles informaram que os tr\u00eas ocupantes do ve\u00edculo tinham como destino a cidade de Santos, no Litoral de S\u00e3o Paulo. At\u00e9 por volta das 20 horas desse s\u00e1bado, os corpos ainda n\u00e3o tinham chegado ao Instituto M\u00e9dico Legal (IML) de Muria\u00e9 (MG).<\/p>\n<p>De acordo com o G1 Zona da Mata-MG, o acidente foi no KM 679 da BR-116, onde segundo testemunhas, o ve\u00edculo com placa de Sim\u00e3o Dias (SE) saiu da pista e despencou do barranco, caindo no rio.<\/p>\n<p>Mergulhadores do Corpo de Bombeiros fizeram buscas pela manh\u00e3. \u00c0 tarde, com a ajuda de um refor\u00e7o, o ve\u00edculo foi achado com as tr\u00eas v\u00edtimas dentro. Ainda pela manh\u00e3, um morador da regi\u00e3o percebeu fragmentos do carro na pista e acionou os bombeiros.<\/p>\n<p>&nbsp;<\/p>\n<p><a href=\"http:\/\/senoticias.com.br\/se\/wp-content\/uploads\/2017\/11\/Logomarca-fone-SE-3.jpg\"><img loading=\"lazy\" decoding=\"async\" class=\"aligncenter size-full wp-image-108579\" src=\"http:\/\/senoticias.com.br\/se\/wp-content\/uploads\/2017\/11\/Logomarca-fone-SE-3.jpg\" alt=\"Logomarca fone SE\" width=\"599\" height=\"78\" srcset=\"https:\/\/senoticias.com.br\/se\/wp-content\/uploads\/2017\/11\/Logomarca-fone-SE-3.jpg 599w, https:\/\/senoticias.com.br\/se\/wp-content\/uploads\/2017\/11\/Logomarca-fone-SE-3-300x39.jpg 300w\" sizes=\"(max-width: 599px) 100vw, 599px\" \/><\/a><\/p>\n<p>&nbsp;<\/p>\n<p><em><strong>Acompanhe tamb\u00e9m o SE Not\u00edcias no\u00a0<a href=\"https:\/\/twitter.com\/Senoticias\" target=\"_blank\">Twitter<\/a>,\u00a0<a href=\"https:\/\/www.facebook.com\/senoticias1\" target=\"_blank\">Facebook<\/a>\u00a0e no\u00a0<a href=\"https:\/\/www.instagram.com\/senoticias\/\" target=\"_blank\">Instagram<\/a><\/strong><\/em><\/p>\n","protected":false},"excerpt":{"rendered":"<p>No in\u00edcio da noite deste s\u00e1bado (2), o Corpo de Bombeiros da cidade de Muria\u00e9 (MG) confirmou que os corpos resgatados dentro de um carro no Rio Gl\u00f3ria, munic\u00edpio de Miradouro, na Zona da Mata Mineira, eram de um um menino de seis anos (natural do Rio de Janeiro) e de dois sergipanos, um homem [&hellip;]<\/p>\n","protected":false},"author":2,"featured_media":108765,"comment_status":"closed","ping_status":"closed","sticky":false,"template":"","format":"standard","meta":{"footnotes":""},"categories":[15,1],"tags":[7420,7419,234,2848,7421],"class_list":{"0":"post-108763","1":"post","2":"type-post","3":"status-publish","4":"format-standard","5":"has-post-thumbnail","7":"category-destaques","8":"category-sem-categoria","9":"tag-arro-cai-dentro-de-um-rio","10":"tag-familia-sergipana","11":"tag-minas-gerais","12":"tag-morre","13":"tag-zona-da-mata"},"_links":{"self":[{"href":"https:\/\/senoticias.com.br\/se\/wp-json\/wp\/v2\/posts\/108763"}],"collection":[{"href":"https:\/\/senoticias.com.br\/se\/wp-json\/wp\/v2\/posts"}],"about":[{"href":"https:\/\/senoticias.com.br\/se\/wp-json\/wp\/v2\/types\/post"}],"author":[{"embeddable":true,"href":"https:\/\/senoticias.com.br\/se\/wp-json\/wp\/v2\/users\/2"}],"replies":[{"embeddable":true,"href":"https:\/\/senoticias.com.br\/se\/wp-json\/wp\/v2\/comments?post=108763"}],"version-history":[{"count":0,"href":"https:\/\/senoticias.com.br\/se\/wp-json\/wp\/v2\/posts\/108763\/revisions"}],"wp:featuredmedia":[{"embeddable":true,"href":"https:\/\/senoticias.com.br\/se\/wp-json\/wp\/v2\/media\/108765"}],"wp:attachment":[{"href":"https:\/\/senoticias.com.br\/se\/wp-json\/wp\/v2\/media?parent=108763"}],"wp:term":[{"taxonomy":"category","embeddable":true,"href":"https:\/\/senoticias.com.br\/se\/wp-json\/wp\/v2\/categories?post=108763"},{"taxonomy":"post_tag","embeddable":true,"href":"https:\/\/senoticias.com.br\/se\/wp-json\/wp\/v2\/tags?post=108763"}],"curies":[{"name":"wp","href":"https:\/\/api.w.org\/{rel}","templated":true}]}}