{"id":108742,"date":"2017-12-01T15:42:58","date_gmt":"2017-12-01T18:42:58","guid":{"rendered":"http:\/\/senoticias.com.br\/se\/?p=108742"},"modified":"2017-12-01T15:42:58","modified_gmt":"2017-12-01T18:42:58","slug":"quinze-municipios-sergipanos-terao-areas-de-risco-mapeadas-veja-quais-sao","status":"publish","type":"post","link":"https:\/\/senoticias.com.br\/se\/quinze-municipios-sergipanos-terao-areas-de-risco-mapeadas-veja-quais-sao\/","title":{"rendered":"Quinze munic\u00edpios sergipanos ter\u00e3o \u00e1reas de risco mapeadas ; veja quais s\u00e3o"},"content":{"rendered":"<p style=\"text-align: justify;\"><span style=\"color: #000000;\">Quinze munic\u00edpios sergipanos ser\u00e3o objeto de estudo do Servi\u00e7o Geol\u00f3gico do Brasil, atrav\u00e9s da Companhia de Pesquisa de Recursos Minerais (CPRM), que far\u00e1 o levantamento de \u00e1reas de risco de prov\u00e1veis deslizamentos, inunda\u00e7\u00f5es e eros\u00f5es marinhas. <\/span><\/p>\n<p style=\"text-align: justify;\"><span style=\"color: #000000;\">O objetivo \u00e9 mapear e reconhecer esses espa\u00e7os de alto risco geol\u00f3gico, especialmente relacionados a movimentos de massa e inunda\u00e7\u00f5es, para que sejam elaboradas a\u00e7\u00f5es preventivas, atrav\u00e9s do Departamento Estadual de Prote\u00e7\u00e3o e Defesa Civil (Depec).<\/span><\/p>\n<p style=\"text-align: justify;\"><span style=\"color: #000000;\">O crescimento desordenado das cidades, utiliza\u00e7\u00e3o de t\u00e9cnicas de constru\u00e7\u00f5es inadequadas, constantes altera\u00e7\u00f5es clim\u00e1ticas, aus\u00eancia de educa\u00e7\u00e3o sanit\u00e1ria e ambiental, e falta de planejamento urbano s\u00e3o alguns dos fatores que contribuem para que eventos naturais (de pequeno, m\u00e9dio e grande porte) aconte\u00e7am em n\u00facleos urbanos. Diante de v\u00e1rios desastres naturais ocorridos no pa\u00eds, o Governo Federal viu a necessidade da cria\u00e7\u00e3o de um programa de preven\u00e7\u00e3o para que seja feito um diagn\u00f3stico precoce de potenciais \u00e1reas de risco.<\/span><\/p>\n<p style=\"text-align: justify;\"><span style=\"color: #000000;\">\u201cAp\u00f3s a conclus\u00e3o dos estudos, desastres poder\u00e3o ser evitados. Poderemos informar antecipadamente \u00e0 popula\u00e7\u00e3o e, assim, preservar vidas\u201d, pontuou o tenente coronel Alexandre Jos\u00e9, diretor do DEPEC\/Seidh. <\/span><\/p>\n<p style=\"text-align: justify;\"><strong><span style=\"color: #000000;\">O Departamento indicou, em ordem de prioridade, os munic\u00edpios:<\/span><\/strong><\/p>\n<p style=\"text-align: justify;\"><span style=\"color: #000000;\">1\u00b0 Aracaju<\/span><\/p>\n<p style=\"text-align: justify;\"><span style=\"color: #000000;\">2\u00b0 S\u00e3o Crist\u00f3v\u00e3o<\/span><\/p>\n<p style=\"text-align: justify;\"><span style=\"color: #000000;\">3\u00ba Barra dos Coqueiros <\/span><\/p>\n<p style=\"text-align: justify;\"><span style=\"color: #000000;\">4\u00b0 N. Sra. do Socorro<\/span><\/p>\n<p style=\"text-align: justify;\"><span style=\"color: #000000;\">5\u00b0 Laranjeiras<\/span><\/p>\n<p style=\"text-align: justify;\"><span style=\"color: #000000;\">6\u00b0 Itaporanga<\/span><\/p>\n<p style=\"text-align: justify;\"><span style=\"color: #000000;\">7\u00b0 Est\u00e2ncia<\/span><\/p>\n<p style=\"text-align: justify;\"><span style=\"color: #000000;\">8\u00b0 Divina Pastora <\/span><\/p>\n<p style=\"text-align: justify;\"><span style=\"color: #000000;\">9\u00b0 Maruim <\/span><\/p>\n<p style=\"text-align: justify;\"><span style=\"color: #000000;\">10\u00b0 Pirambu<\/span><\/p>\n<p style=\"text-align: justify;\"><span style=\"color: #000000;\">11\u00b0 Brejo Grande<\/span><\/p>\n<p style=\"text-align: justify;\"><span style=\"color: #000000;\">12\u00b0 Santo Amaro das Brotas<\/span><\/p>\n<p style=\"text-align: justify;\"><span style=\"color: #000000;\">13\u00b0 Itabaianinha<\/span><\/p>\n<p style=\"text-align: justify;\"><span style=\"color: #000000;\">14\u00b0 Canind\u00e9 de S\u00e3o Francisco<\/span><\/p>\n<p style=\"text-align: justify;\"><span style=\"color: #000000;\">15\u00b0 Riachuelo <\/span><\/p>\n<p style=\"text-align: justify;\"><span style=\"color: #000000;\">Os estudos em Sergipe\u00a0tem in\u00edcio previsto para mar\u00e7o de 2018 &#8211; segundo a Defesa Civil, por serem localidades que j\u00e1 passaram por situa\u00e7\u00f5es de deslizamento, inunda\u00e7\u00e3o em per\u00edodos de chuvas, etc.<\/span><\/p>\n<p style=\"text-align: justify;\"><span style=\"color: #000000;\">Al\u00e9m da Companhia de Pesquisa de Recursos Minerais, a Defesa Civil Estadual e os \u00f3rg\u00e3os municipais acompanhar\u00e3o o processo para a otimiza\u00e7\u00e3o dos trabalhos, identificando, delimitando e caracterizando \u00e1reas de encostas ou de plan\u00edcie de inunda\u00e7\u00e3o sujeitas a ocorr\u00eancias de processos destrutivos. \u201cSer\u00e1 realizado um mapeamento em todas as \u00e1reas de risco, de modo que tenhamos um produto final com o objetivo de subsidiar as a\u00e7\u00f5es de preven\u00e7\u00e3o da Defesa Civil em todo o estado\u201d, destacou o tenente coronel Alexandre Jos\u00e9.<\/span><\/p>\n<p style=\"text-align: justify;\">\n<p style=\"text-align: justify;\"><a href=\"http:\/\/senoticias.com.br\/se\/wp-content\/uploads\/2017\/11\/Logomarca-fone-SE-4.jpg\"><img loading=\"lazy\" decoding=\"async\" class=\"aligncenter size-full wp-image-108634\" src=\"http:\/\/senoticias.com.br\/se\/wp-content\/uploads\/2017\/11\/Logomarca-fone-SE-4.jpg\" alt=\"Logomarca fone SE\" width=\"599\" height=\"78\" srcset=\"https:\/\/senoticias.com.br\/se\/wp-content\/uploads\/2017\/11\/Logomarca-fone-SE-4.jpg 599w, https:\/\/senoticias.com.br\/se\/wp-content\/uploads\/2017\/11\/Logomarca-fone-SE-4-300x39.jpg 300w\" sizes=\"(max-width: 599px) 100vw, 599px\" \/><\/a><\/p>\n<p style=\"text-align: justify;\"><em><strong>Acompanhe tamb\u00e9m o SE Not\u00edcias no\u00a0<a href=\"https:\/\/twitter.com\/Senoticias\" target=\"_blank\">Twitter<\/a>,\u00a0<a href=\"https:\/\/www.facebook.com\/senoticias1\" target=\"_blank\">Facebook<\/a>\u00a0e no\u00a0<a href=\"https:\/\/www.instagram.com\/senoticias\/\" target=\"_blank\">Instagram<\/a><\/strong><\/em><\/p>\n<p style=\"text-align: justify;\">Por ASN<\/p>\n","protected":false},"excerpt":{"rendered":"<p>Quinze munic\u00edpios sergipanos ser\u00e3o objeto de estudo do Servi\u00e7o Geol\u00f3gico do Brasil, atrav\u00e9s da Companhia de Pesquisa de Recursos Minerais (CPRM), que far\u00e1 o levantamento de \u00e1reas de risco de prov\u00e1veis deslizamentos, inunda\u00e7\u00f5es e eros\u00f5es marinhas. O objetivo \u00e9 mapear e reconhecer esses espa\u00e7os de alto risco geol\u00f3gico, especialmente relacionados a movimentos de massa e [&hellip;]<\/p>\n","protected":false},"author":2,"featured_media":108743,"comment_status":"closed","ping_status":"closed","sticky":false,"template":"","format":"standard","meta":{"footnotes":""},"categories":[38],"tags":[339,7403,3590,3760,7404,7402,56,2987,223,2746],"class_list":{"0":"post-108742","1":"post","2":"type-post","3":"status-publish","4":"format-standard","5":"has-post-thumbnail","7":"category-municipios","8":"tag-aracaju","9":"tag-areasderisco","10":"tag-barradoscoqueiros","11":"tag-defesacivil","12":"tag-deslizamentos","13":"tag-mapeamento","14":"tag-municipios-2","15":"tag-saocristovao","16":"tag-sergipe","17":"tag-socorro"},"_links":{"self":[{"href":"https:\/\/senoticias.com.br\/se\/wp-json\/wp\/v2\/posts\/108742"}],"collection":[{"href":"https:\/\/senoticias.com.br\/se\/wp-json\/wp\/v2\/posts"}],"about":[{"href":"https:\/\/senoticias.com.br\/se\/wp-json\/wp\/v2\/types\/post"}],"author":[{"embeddable":true,"href":"https:\/\/senoticias.com.br\/se\/wp-json\/wp\/v2\/users\/2"}],"replies":[{"embeddable":true,"href":"https:\/\/senoticias.com.br\/se\/wp-json\/wp\/v2\/comments?post=108742"}],"version-history":[{"count":0,"href":"https:\/\/senoticias.com.br\/se\/wp-json\/wp\/v2\/posts\/108742\/revisions"}],"wp:featuredmedia":[{"embeddable":true,"href":"https:\/\/senoticias.com.br\/se\/wp-json\/wp\/v2\/media\/108743"}],"wp:attachment":[{"href":"https:\/\/senoticias.com.br\/se\/wp-json\/wp\/v2\/media?parent=108742"}],"wp:term":[{"taxonomy":"category","embeddable":true,"href":"https:\/\/senoticias.com.br\/se\/wp-json\/wp\/v2\/categories?post=108742"},{"taxonomy":"post_tag","embeddable":true,"href":"https:\/\/senoticias.com.br\/se\/wp-json\/wp\/v2\/tags?post=108742"}],"curies":[{"name":"wp","href":"https:\/\/api.w.org\/{rel}","templated":true}]}}