{"id":108704,"date":"2017-11-30T10:20:06","date_gmt":"2017-11-30T13:20:06","guid":{"rendered":"http:\/\/senoticias.com.br\/se\/?p=108704"},"modified":"2017-11-30T12:14:44","modified_gmt":"2017-11-30T15:14:44","slug":"taxista-e-assassinado-no-municipio-de-itaporanga-dajuda","status":"publish","type":"post","link":"https:\/\/senoticias.com.br\/se\/taxista-e-assassinado-no-municipio-de-itaporanga-dajuda\/","title":{"rendered":"Taxista \u00e9 assassinado no munic\u00edpio de Itaporanga D\u2019Ajuda"},"content":{"rendered":"<div id=\"attachment_108707\" style=\"width: 282px\" class=\"wp-caption alignright\"><a href=\"http:\/\/senoticias.com.br\/se\/wp-content\/uploads\/2017\/11\/WhatsApp-Image-2017-11-29-at-21.35.24.jpeg\"><img loading=\"lazy\" decoding=\"async\" aria-describedby=\"caption-attachment-108707\" class=\"size-full wp-image-108707\" src=\"http:\/\/senoticias.com.br\/se\/wp-content\/uploads\/2017\/11\/WhatsApp-Image-2017-11-29-at-21.35.24.jpeg\" alt=\"Jos\u00e9 Marcelino foi assassinado enquanto trabalhava\" width=\"272\" height=\"403\" srcset=\"https:\/\/senoticias.com.br\/se\/wp-content\/uploads\/2017\/11\/WhatsApp-Image-2017-11-29-at-21.35.24.jpeg 272w, https:\/\/senoticias.com.br\/se\/wp-content\/uploads\/2017\/11\/WhatsApp-Image-2017-11-29-at-21.35.24-202x300.jpeg 202w\" sizes=\"(max-width: 272px) 100vw, 272px\" \/><\/a><p id=\"caption-attachment-108707\" class=\"wp-caption-text\">Jos\u00e9 Marcelino foi assassinado enquanto trabalhava(foto: redes sociais)<\/p><\/div>\n<p style=\"text-align: justify;\"><span style=\"color: #000000;\">Na noite desta quarta-feira, 29 de novembro, Jos\u00e9 Marcelino dos Santos Filho, de idade n\u00e3o revelada, foi alvejado a tiros enquanto dirigia pela Rodovia Arnaldo Garcez, nas proximidades do Povoado Salvadorzinho, munic\u00edpio de Itaporanga D&#8217;Ajuda.<\/span><\/p>\n<p style=\"text-align: justify;\">\n<p style=\"text-align: justify;\"><span style=\"color: #000000;\">Segundo informa\u00e7\u00f5es obtidas pelo <strong>Portal SE Not\u00edcias<\/strong>, Jos\u00e9 Marcelino era taxista e realizava uma ocorrida para o Povoado Sap\u00e9 quando foi abordado por dois homens numa moto. O taxista tentou fugir mas foi alcan\u00e7ado pelo homens que efetuaram os disparos. Mesmo ferido, ele continuou dirigindo at\u00e9 colidir com um caminh\u00e3o.<\/span><\/p>\n<p style=\"text-align: justify;\"><span style=\"color: #000000;\">Jos\u00e9 Marcelino foi socorrido e levado para a Unidade de Sa\u00fade de Itaporanga D&#8217;Ajuda, mas n\u00e3o resistiu aos ferimentos. Ele morava no Povoado Nova Descoberta, no mesmo munic\u00edpio. O delegado Jos\u00e9 Luiz Acioly investiga o caso.<\/span><\/p>\n<p style=\"text-align: justify;\"><a href=\"http:\/\/senoticias.com.br\/se\/wp-content\/uploads\/2017\/11\/Logomarca-fone-SE-4.jpg\"><img loading=\"lazy\" decoding=\"async\" class=\"aligncenter size-full wp-image-108634\" src=\"http:\/\/senoticias.com.br\/se\/wp-content\/uploads\/2017\/11\/Logomarca-fone-SE-4.jpg\" alt=\"Logomarca fone SE\" width=\"599\" height=\"78\" srcset=\"https:\/\/senoticias.com.br\/se\/wp-content\/uploads\/2017\/11\/Logomarca-fone-SE-4.jpg 599w, https:\/\/senoticias.com.br\/se\/wp-content\/uploads\/2017\/11\/Logomarca-fone-SE-4-300x39.jpg 300w\" sizes=\"(max-width: 599px) 100vw, 599px\" \/><\/a><\/p>\n<p style=\"text-align: justify;\"><em><strong>Acompanhe tamb\u00e9m o SE Not\u00edcias no\u00a0<a href=\"https:\/\/twitter.com\/Senoticias\" target=\"_blank\">Twitter<\/a>,\u00a0<a href=\"https:\/\/www.facebook.com\/senoticias1\" target=\"_blank\">Facebook<\/a>\u00a0e no\u00a0<a href=\"https:\/\/www.instagram.com\/senoticias\/\" target=\"_blank\">Instagram<\/a><\/strong><\/em><\/p>\n<p style=\"text-align: justify;\"><em><strong>Da reda\u00e7\u00e3o do SE Not\u00edcias<\/strong><\/em><\/p>\n","protected":false},"excerpt":{"rendered":"<p>Na noite desta quarta-feira, 29 de novembro, Jos\u00e9 Marcelino dos Santos Filho, de idade n\u00e3o revelada, foi alvejado a tiros enquanto dirigia pela Rodovia Arnaldo Garcez, nas proximidades do Povoado Salvadorzinho, munic\u00edpio de Itaporanga D&#8217;Ajuda. Segundo informa\u00e7\u00f5es obtidas pelo Portal SE Not\u00edcias, Jos\u00e9 Marcelino era taxista e realizava uma ocorrida para o Povoado Sap\u00e9 quando [&hellip;]<\/p>\n","protected":false},"author":2,"featured_media":108707,"comment_status":"closed","ping_status":"closed","sticky":false,"template":"","format":"standard","meta":{"footnotes":""},"categories":[15,7],"tags":[312,2130,1303,7380,4343,223,7379],"class_list":{"0":"post-108704","1":"post","2":"type-post","3":"status-publish","4":"format-standard","5":"has-post-thumbnail","7":"category-destaques","8":"category-policia","9":"tag-assassinato","10":"tag-itaporanga","11":"tag-policia","12":"tag-povoadosape","13":"tag-seguranca","14":"tag-sergipe","15":"tag-taxistaa"},"_links":{"self":[{"href":"https:\/\/senoticias.com.br\/se\/wp-json\/wp\/v2\/posts\/108704"}],"collection":[{"href":"https:\/\/senoticias.com.br\/se\/wp-json\/wp\/v2\/posts"}],"about":[{"href":"https:\/\/senoticias.com.br\/se\/wp-json\/wp\/v2\/types\/post"}],"author":[{"embeddable":true,"href":"https:\/\/senoticias.com.br\/se\/wp-json\/wp\/v2\/users\/2"}],"replies":[{"embeddable":true,"href":"https:\/\/senoticias.com.br\/se\/wp-json\/wp\/v2\/comments?post=108704"}],"version-history":[{"count":0,"href":"https:\/\/senoticias.com.br\/se\/wp-json\/wp\/v2\/posts\/108704\/revisions"}],"wp:featuredmedia":[{"embeddable":true,"href":"https:\/\/senoticias.com.br\/se\/wp-json\/wp\/v2\/media\/108707"}],"wp:attachment":[{"href":"https:\/\/senoticias.com.br\/se\/wp-json\/wp\/v2\/media?parent=108704"}],"wp:term":[{"taxonomy":"category","embeddable":true,"href":"https:\/\/senoticias.com.br\/se\/wp-json\/wp\/v2\/categories?post=108704"},{"taxonomy":"post_tag","embeddable":true,"href":"https:\/\/senoticias.com.br\/se\/wp-json\/wp\/v2\/tags?post=108704"}],"curies":[{"name":"wp","href":"https:\/\/api.w.org\/{rel}","templated":true}]}}