{"id":108699,"date":"2017-11-30T09:48:51","date_gmt":"2017-11-30T12:48:51","guid":{"rendered":"http:\/\/senoticias.com.br\/se\/?p=108699"},"modified":"2017-11-30T09:48:51","modified_gmt":"2017-11-30T12:48:51","slug":"avenida-ivo-do-prado-obra-deixara-transito-em-meia-pista-a-partir-do-dia-4","status":"publish","type":"post","link":"https:\/\/senoticias.com.br\/se\/avenida-ivo-do-prado-obra-deixara-transito-em-meia-pista-a-partir-do-dia-4\/","title":{"rendered":"Avenida Ivo do Prado: obra deixar\u00e1 tr\u00e2nsito em meia pista a partir do dia 4"},"content":{"rendered":"<p style=\"text-align: justify;\"><span style=\"color: #000000;\">A partir da pr\u00f3xima segunda-feira, 4 de dezembro, haver\u00e1 mudan\u00e7a no fluxo de ve\u00edculos na avenida Ivo do Prado, regi\u00e3o central de Aracaju. Meia pista do trecho que fica em frente ao Museu da Gente Sergipana, no sentido centro, ser\u00e1 fechada devido \u00e0 obra do Largo da Gente Sergipana, executada pelo Governo de Sergipe.<\/span><\/p>\n<p style=\"text-align: justify;\"><span style=\"color: #000000;\">O tr\u00e2nsito come\u00e7ar\u00e1 a fluir em meia pista a partir das 9h da manh\u00e3 de segunda-feira e permanecer\u00e1 assim por 90 dias, prazo informado pela Secretaria de Estado da Infraestrutura (Seinfra) \u00e0 Superintend\u00eancia Municipal de Transportes e Tr\u00e2nsito (SMTT). Na fase inicial, agentes de tr\u00e2nsito estar\u00e3o no local para auxiliar os condutores.<\/span><\/p>\n<div id=\"attachment_108700\" style=\"width: 550px\" class=\"wp-caption aligncenter\"><a href=\"http:\/\/senoticias.com.br\/se\/wp-content\/uploads\/2017\/11\/obra-na-ivo-do-prado-SENOTICIAS.jpg\"><img loading=\"lazy\" decoding=\"async\" aria-describedby=\"caption-attachment-108700\" class=\"size-full wp-image-108700\" src=\"http:\/\/senoticias.com.br\/se\/wp-content\/uploads\/2017\/11\/obra-na-ivo-do-prado-SENOTICIAS.jpg\" alt=\"Foto: SMTT\" width=\"540\" height=\"340\" srcset=\"https:\/\/senoticias.com.br\/se\/wp-content\/uploads\/2017\/11\/obra-na-ivo-do-prado-SENOTICIAS.jpg 540w, https:\/\/senoticias.com.br\/se\/wp-content\/uploads\/2017\/11\/obra-na-ivo-do-prado-SENOTICIAS-300x189.jpg 300w, https:\/\/senoticias.com.br\/se\/wp-content\/uploads\/2017\/11\/obra-na-ivo-do-prado-SENOTICIAS-120x76.jpg 120w, https:\/\/senoticias.com.br\/se\/wp-content\/uploads\/2017\/11\/obra-na-ivo-do-prado-SENOTICIAS-265x168.jpg 265w, https:\/\/senoticias.com.br\/se\/wp-content\/uploads\/2017\/11\/obra-na-ivo-do-prado-SENOTICIAS-284x180.jpg 284w, https:\/\/senoticias.com.br\/se\/wp-content\/uploads\/2017\/11\/obra-na-ivo-do-prado-SENOTICIAS-274x173.jpg 274w, https:\/\/senoticias.com.br\/se\/wp-content\/uploads\/2017\/11\/obra-na-ivo-do-prado-SENOTICIAS-220x140.jpg 220w\" sizes=\"(max-width: 540px) 100vw, 540px\" \/><\/a><p id=\"caption-attachment-108700\" class=\"wp-caption-text\">Foto: SMTT<\/p><\/div>\n<p style=\"text-align: justify;\"><span style=\"color: #000000;\">O fluxo de ve\u00edculos no sentido zona sul e os itiner\u00e1rios dos \u00f4nibus do transporte p\u00fablico n\u00e3o sofrer\u00e3o altera\u00e7\u00f5es.<\/span><\/p>\n<p style=\"text-align: justify;\"><strong><span style=\"color: #000000;\">Sobre a obra<\/span><\/strong><\/p>\n<p style=\"text-align: justify;\"><span style=\"color: #000000;\">O Largo da Gente Sergipana ser\u00e1 composto por um p\u00eder, que avan\u00e7a sobre rio Sergipe, mas, sem qualquer tipo de aterro e respeitando o limite de avan\u00e7o igual \u00e0 Ponte do Imperador. Neste espa\u00e7o, ser\u00e3o instaladas oito esculturas que representam a diversidade de manifesta\u00e7\u00f5es da cultura popular sergipana. A obra tamb\u00e9m contempla um atracadouro, onde pequenas embarca\u00e7\u00f5es poder\u00e3o desembarcar.<\/span><\/p>\n<p style=\"text-align: justify;\">\n<p style=\"text-align: justify;\"><a href=\"http:\/\/senoticias.com.br\/se\/wp-content\/uploads\/2017\/11\/Logomarca-fone-SE-4.jpg\"><img loading=\"lazy\" decoding=\"async\" class=\"aligncenter size-full wp-image-108634\" src=\"http:\/\/senoticias.com.br\/se\/wp-content\/uploads\/2017\/11\/Logomarca-fone-SE-4.jpg\" alt=\"Logomarca fone SE\" width=\"599\" height=\"78\" srcset=\"https:\/\/senoticias.com.br\/se\/wp-content\/uploads\/2017\/11\/Logomarca-fone-SE-4.jpg 599w, https:\/\/senoticias.com.br\/se\/wp-content\/uploads\/2017\/11\/Logomarca-fone-SE-4-300x39.jpg 300w\" sizes=\"(max-width: 599px) 100vw, 599px\" \/><\/a><\/p>\n<p style=\"text-align: justify;\"><em><strong>Acompanhe tamb\u00e9m o SE Not\u00edcias no\u00a0<a href=\"https:\/\/twitter.com\/Senoticias\" target=\"_blank\">Twitter<\/a>,\u00a0<a href=\"https:\/\/www.facebook.com\/senoticias1\" target=\"_blank\">Facebook<\/a>\u00a0e no\u00a0<a href=\"https:\/\/www.instagram.com\/senoticias\/\" target=\"_blank\">Instagram<\/a><\/strong><\/em><\/p>\n<p style=\"text-align: justify;\">Por SMTT Aju<\/p>\n","protected":false},"excerpt":{"rendered":"<p>A partir da pr\u00f3xima segunda-feira, 4 de dezembro, haver\u00e1 mudan\u00e7a no fluxo de ve\u00edculos na avenida Ivo do Prado, regi\u00e3o central de Aracaju. Meia pista do trecho que fica em frente ao Museu da Gente Sergipana, no sentido centro, ser\u00e1 fechada devido \u00e0 obra do Largo da Gente Sergipana, executada pelo Governo de Sergipe. O [&hellip;]<\/p>\n","protected":false},"author":2,"featured_media":0,"comment_status":"closed","ping_status":"closed","sticky":false,"template":"","format":"standard","meta":{"footnotes":""},"categories":[15,38],"tags":[339,6546,2875,2979,3320,4351],"class_list":{"0":"post-108699","1":"post","2":"type-post","3":"status-publish","4":"format-standard","6":"category-destaques","7":"category-municipios","8":"tag-aracaju","9":"tag-ivodoprado","10":"tag-onibus","11":"tag-smtt","12":"tag-transito","13":"tag-transporte"},"_links":{"self":[{"href":"https:\/\/senoticias.com.br\/se\/wp-json\/wp\/v2\/posts\/108699"}],"collection":[{"href":"https:\/\/senoticias.com.br\/se\/wp-json\/wp\/v2\/posts"}],"about":[{"href":"https:\/\/senoticias.com.br\/se\/wp-json\/wp\/v2\/types\/post"}],"author":[{"embeddable":true,"href":"https:\/\/senoticias.com.br\/se\/wp-json\/wp\/v2\/users\/2"}],"replies":[{"embeddable":true,"href":"https:\/\/senoticias.com.br\/se\/wp-json\/wp\/v2\/comments?post=108699"}],"version-history":[{"count":0,"href":"https:\/\/senoticias.com.br\/se\/wp-json\/wp\/v2\/posts\/108699\/revisions"}],"wp:attachment":[{"href":"https:\/\/senoticias.com.br\/se\/wp-json\/wp\/v2\/media?parent=108699"}],"wp:term":[{"taxonomy":"category","embeddable":true,"href":"https:\/\/senoticias.com.br\/se\/wp-json\/wp\/v2\/categories?post=108699"},{"taxonomy":"post_tag","embeddable":true,"href":"https:\/\/senoticias.com.br\/se\/wp-json\/wp\/v2\/tags?post=108699"}],"curies":[{"name":"wp","href":"https:\/\/api.w.org\/{rel}","templated":true}]}}