{"id":108689,"date":"2017-11-29T17:21:26","date_gmt":"2017-11-29T20:21:26","guid":{"rendered":"http:\/\/senoticias.com.br\/se\/?p=108689"},"modified":"2017-11-29T17:21:26","modified_gmt":"2017-11-29T20:21:26","slug":"ufs-prorroga-prazo-de-inscricao-do-concurso-para-tecnico","status":"publish","type":"post","link":"https:\/\/senoticias.com.br\/se\/ufs-prorroga-prazo-de-inscricao-do-concurso-para-tecnico\/","title":{"rendered":"UFS prorroga prazo de inscri\u00e7\u00e3o do concurso para t\u00e9cnico"},"content":{"rendered":"<p style=\"text-align: justify;\"><span style=\"color: #000000;\">A Universidade Federal de Sergipe, atrav\u00e9s da Comiss\u00e3o Organizadora do Concurso de T\u00e9cnico Administrativo e da Pr\u00f3-Reitoria de Gest\u00e3o de Pessoas (Progep), comunica a decis\u00e3o de prorrogar as inscri\u00e7\u00f5es do concurso p\u00fablico para provimento de t\u00e9cnico administrativo, objeto do Edital n\u00ba 020\/2017, publicado no D.O.U no dia 03\/11\/2017. O edital retificado estar\u00e1 publicado na sua \u00edntegra nesta quarta, 29, no site da Fapese.<\/span><\/p>\n<div id=\"attachment_102372\" style=\"width: 609px\" class=\"wp-caption aligncenter\"><a href=\"http:\/\/senoticias.com.br\/se\/wp-content\/uploads\/2017\/04\/UFS-e1505236405867.jpg\"><img loading=\"lazy\" decoding=\"async\" aria-describedby=\"caption-attachment-102372\" class=\"size-full wp-image-102372\" src=\"http:\/\/senoticias.com.br\/se\/wp-content\/uploads\/2017\/04\/UFS-e1505236405867.jpg\" alt=\"Foto: arquivo\/ Portal Se Not\u00edcias\" width=\"599\" height=\"449\" \/><\/a><p id=\"caption-attachment-102372\" class=\"wp-caption-text\">Foto: arquivo\/ Portal Se Not\u00edcias<\/p><\/div>\n<p style=\"text-align: justify;\"><span style=\"color: #000000;\">A reabertura das inscri\u00e7\u00f5es ocorrer\u00e1 exclusivamente pelo endere\u00e7o eletr\u00f4nico www.fapese.org.br, a partir das 9h do dia 29 de novembro de 2017 at\u00e9 \u00e0s 17h do dia 1\u00ba de dezembro de 2017 (hor\u00e1rio local). O pagamento do boleto banc\u00e1rio poder\u00e1 ser realizado at\u00e9 04 de dezembro de 2017.<\/span><\/p>\n<p style=\"text-align: justify;\"><span style=\"color: #000000;\">Outros prazos estabelecidos pelo edital, em consequ\u00eancia, tamb\u00e9m ser\u00e3o prorrogados e publicados em Di\u00e1rio Oficial da Uni\u00e3o.\u00a0<\/span><span style=\"color: #000000;\">A data da prova permanece inalterada, 25 de fevereiro de 2018.<\/span><\/p>\n<p style=\"text-align: justify;\"><span style=\"color: #000000;\">Aos candidatos com isen\u00e7\u00e3o deferida, a UFS ressalta a necessidade do cumprimento do item 6.8 do edital, sob pena de n\u00e3o participar do concurso.<\/span><\/p>\n<p style=\"text-align: justify;\">\n<p style=\"text-align: justify;\"><a href=\"http:\/\/senoticias.com.br\/se\/wp-content\/uploads\/2017\/11\/Logomarca-fone-SE-4.jpg\"><img loading=\"lazy\" decoding=\"async\" class=\"aligncenter size-full wp-image-108634\" src=\"http:\/\/senoticias.com.br\/se\/wp-content\/uploads\/2017\/11\/Logomarca-fone-SE-4.jpg\" alt=\"Logomarca fone SE\" width=\"599\" height=\"78\" srcset=\"https:\/\/senoticias.com.br\/se\/wp-content\/uploads\/2017\/11\/Logomarca-fone-SE-4.jpg 599w, https:\/\/senoticias.com.br\/se\/wp-content\/uploads\/2017\/11\/Logomarca-fone-SE-4-300x39.jpg 300w\" sizes=\"(max-width: 599px) 100vw, 599px\" \/><\/a><\/p>\n<p><em><strong>Acompanhe tamb\u00e9m o SE Not\u00edcias no\u00a0<a href=\"https:\/\/twitter.com\/Senoticias\" target=\"_blank\">Twitter<\/a>,\u00a0<a href=\"https:\/\/www.facebook.com\/senoticias1\" target=\"_blank\">Facebook<\/a>\u00a0e no\u00a0<a href=\"https:\/\/www.instagram.com\/senoticias\/\" target=\"_blank\">Instagram<\/a><\/strong><\/em><\/p>\n<p><span style=\"color: #000000;\">Fonte Ascom UFS<\/span><\/p>\n","protected":false},"excerpt":{"rendered":"<p>A Universidade Federal de Sergipe, atrav\u00e9s da Comiss\u00e3o Organizadora do Concurso de T\u00e9cnico Administrativo e da Pr\u00f3-Reitoria de Gest\u00e3o de Pessoas (Progep), comunica a decis\u00e3o de prorrogar as inscri\u00e7\u00f5es do concurso p\u00fablico para provimento de t\u00e9cnico administrativo, objeto do Edital n\u00ba 020\/2017, publicado no D.O.U no dia 03\/11\/2017. O edital retificado estar\u00e1 publicado na sua [&hellip;]<\/p>\n","protected":false},"author":2,"featured_media":0,"comment_status":"closed","ping_status":"closed","sticky":false,"template":"","format":"standard","meta":{"footnotes":""},"categories":[9],"tags":[412,2699,7375,884,223,2299],"class_list":{"0":"post-108689","1":"post","2":"type-post","3":"status-publish","4":"format-standard","6":"category-concursos","7":"tag-concurso","8":"tag-edital","9":"tag-fapese","10":"tag-inscricoes","11":"tag-sergipe","12":"tag-ufs"},"_links":{"self":[{"href":"https:\/\/senoticias.com.br\/se\/wp-json\/wp\/v2\/posts\/108689"}],"collection":[{"href":"https:\/\/senoticias.com.br\/se\/wp-json\/wp\/v2\/posts"}],"about":[{"href":"https:\/\/senoticias.com.br\/se\/wp-json\/wp\/v2\/types\/post"}],"author":[{"embeddable":true,"href":"https:\/\/senoticias.com.br\/se\/wp-json\/wp\/v2\/users\/2"}],"replies":[{"embeddable":true,"href":"https:\/\/senoticias.com.br\/se\/wp-json\/wp\/v2\/comments?post=108689"}],"version-history":[{"count":0,"href":"https:\/\/senoticias.com.br\/se\/wp-json\/wp\/v2\/posts\/108689\/revisions"}],"wp:attachment":[{"href":"https:\/\/senoticias.com.br\/se\/wp-json\/wp\/v2\/media?parent=108689"}],"wp:term":[{"taxonomy":"category","embeddable":true,"href":"https:\/\/senoticias.com.br\/se\/wp-json\/wp\/v2\/categories?post=108689"},{"taxonomy":"post_tag","embeddable":true,"href":"https:\/\/senoticias.com.br\/se\/wp-json\/wp\/v2\/tags?post=108689"}],"curies":[{"name":"wp","href":"https:\/\/api.w.org\/{rel}","templated":true}]}}