{"id":108679,"date":"2017-11-29T16:13:57","date_gmt":"2017-11-29T19:13:57","guid":{"rendered":"http:\/\/senoticias.com.br\/se\/?p=108679"},"modified":"2017-11-29T18:35:50","modified_gmt":"2017-11-29T21:35:50","slug":"emissao-de-passaporte-exigira-menos-documentos","status":"publish","type":"post","link":"https:\/\/senoticias.com.br\/se\/emissao-de-passaporte-exigira-menos-documentos\/","title":{"rendered":"Emiss\u00e3o de passaporte exigir\u00e1 menos documentos"},"content":{"rendered":"<p style=\"text-align: justify;\"><span style=\"color: #000000;\">A partir de dezembro, o cidad\u00e3o que for tirar o passaporte precisar\u00e1 apresentar um n\u00famero menor de documentos. A dispensa dos comprovantes de quita\u00e7\u00e3o eleitoral, de servi\u00e7o militar e do comprovante de pagamento da taxa come\u00e7ar\u00e1 a ser implementada gradualmente a partir do fim do pr\u00f3ximo m\u00eas e valer\u00e1 para todo o pa\u00eds at\u00e9 o final de 2018. A medida faz parte do programa do governo federal Brasil Eficiente.<\/span><\/p>\n<div id=\"attachment_104935\" style=\"width: 590px\" class=\"wp-caption aligncenter\"><a href=\"http:\/\/senoticias.com.br\/se\/wp-content\/uploads\/2017\/07\/passaporte.jpg\"><img loading=\"lazy\" decoding=\"async\" aria-describedby=\"caption-attachment-104935\" class=\"size-full wp-image-104935\" src=\"http:\/\/senoticias.com.br\/se\/wp-content\/uploads\/2017\/07\/passaporte.jpg\" alt=\"Foto: Marcelo Camargo\/Ag\u00eancia Brasil\" width=\"580\" height=\"388\" srcset=\"https:\/\/senoticias.com.br\/se\/wp-content\/uploads\/2017\/07\/passaporte.jpg 580w, https:\/\/senoticias.com.br\/se\/wp-content\/uploads\/2017\/07\/passaporte-300x201.jpg 300w, https:\/\/senoticias.com.br\/se\/wp-content\/uploads\/2017\/07\/passaporte-90x60.jpg 90w, https:\/\/senoticias.com.br\/se\/wp-content\/uploads\/2017\/07\/passaporte-180x120.jpg 180w, https:\/\/senoticias.com.br\/se\/wp-content\/uploads\/2017\/07\/passaporte-95x64.jpg 95w\" sizes=\"(max-width: 580px) 100vw, 580px\" \/><\/a><p id=\"caption-attachment-104935\" class=\"wp-caption-text\">Foto: Marcelo Camargo\/Ag\u00eancia Brasil<\/p><\/div>\n<p style=\"text-align: justify;\"><span style=\"color: #000000;\">Criado em mar\u00e7o deste ano, o programa tenta desburocratizar a oferta de servi\u00e7os e reduzir custos. Al\u00e9m da emiss\u00e3o do passaporte, outros servi\u00e7os v\u00e3o passar por processo de desburocratiza\u00e7\u00e3o. \u201cO objetivo \u00e9 a simplifica\u00e7\u00e3o administrativa, a moderniza\u00e7\u00e3o da gest\u00e3o e a melhoria da presta\u00e7\u00e3o dos servi\u00e7os p\u00fablicos tanto para os cidad\u00e3os e sociedade civil como para as empresas com que o governo tem rela\u00e7\u00e3o. \u00c9 um modelo que busca tamb\u00e9m reduzir custos\u201d, explicou a subchefe de articula\u00e7\u00e3o e monitoramento da Casa Civil, Nat\u00e1lia Marcassa.<\/span><\/p>\n<p style=\"text-align: justify;\"><span style=\"color: #000000;\">No caso do passaporte, permanece a obrigatoriedade de apresentar o documento de identidade, CPF e naturalidade. Os documentos que tiveram a apresenta\u00e7\u00e3o dispensada ser\u00e3o buscados na base dados do governo pelo \u00f3rg\u00e3o respons\u00e1vel pela emiss\u00e3o do passaporte. Assim, o cidad\u00e3o n\u00e3o ter\u00e1 que solicitar um documento em um \u00f3rg\u00e3o governamental para em seguida entregar em outro.<\/span><\/p>\n<p style=\"text-align: justify;\"><a href=\"http:\/\/senoticias.com.br\/se\/wp-content\/uploads\/2017\/11\/Logomarca-fone-SE-4.jpg\"><img loading=\"lazy\" decoding=\"async\" class=\"aligncenter size-full wp-image-108634\" src=\"http:\/\/senoticias.com.br\/se\/wp-content\/uploads\/2017\/11\/Logomarca-fone-SE-4.jpg\" alt=\"Logomarca fone SE\" width=\"599\" height=\"78\" srcset=\"https:\/\/senoticias.com.br\/se\/wp-content\/uploads\/2017\/11\/Logomarca-fone-SE-4.jpg 599w, https:\/\/senoticias.com.br\/se\/wp-content\/uploads\/2017\/11\/Logomarca-fone-SE-4-300x39.jpg 300w\" sizes=\"(max-width: 599px) 100vw, 599px\" \/><\/a><\/p>\n<p><em><strong>Acompanhe tamb\u00e9m o SE Not\u00edcias no\u00a0<a href=\"https:\/\/twitter.com\/Senoticias\" target=\"_blank\">Twitter<\/a>,\u00a0<a href=\"https:\/\/www.facebook.com\/senoticias1\" target=\"_blank\">Facebook<\/a>\u00a0e no\u00a0<a href=\"https:\/\/www.instagram.com\/senoticias\/\" target=\"_blank\">Instagram<\/a><\/strong><\/em><\/p>\n<p>Fonte: Ag\u00eancia Brasil<\/p>\n","protected":false},"excerpt":{"rendered":"<p>A partir de dezembro, o cidad\u00e3o que for tirar o passaporte precisar\u00e1 apresentar um n\u00famero menor de documentos. A dispensa dos comprovantes de quita\u00e7\u00e3o eleitoral, de servi\u00e7o militar e do comprovante de pagamento da taxa come\u00e7ar\u00e1 a ser implementada gradualmente a partir do fim do pr\u00f3ximo m\u00eas e valer\u00e1 para todo o pa\u00eds at\u00e9 o [&hellip;]<\/p>\n","protected":false},"author":2,"featured_media":0,"comment_status":"closed","ping_status":"closed","sticky":false,"template":"","format":"standard","meta":{"footnotes":""},"categories":[2961],"tags":[6622,370,4769,3670,4768,3177,4519],"class_list":{"0":"post-108679","1":"post","2":"type-post","3":"status-publish","4":"format-standard","6":"category-nacional","7":"tag-aviao","8":"tag-brasil","9":"tag-emissao","10":"tag-nacional","11":"tag-passaporte","12":"tag-policiafederal","13":"tag-voos"},"_links":{"self":[{"href":"https:\/\/senoticias.com.br\/se\/wp-json\/wp\/v2\/posts\/108679"}],"collection":[{"href":"https:\/\/senoticias.com.br\/se\/wp-json\/wp\/v2\/posts"}],"about":[{"href":"https:\/\/senoticias.com.br\/se\/wp-json\/wp\/v2\/types\/post"}],"author":[{"embeddable":true,"href":"https:\/\/senoticias.com.br\/se\/wp-json\/wp\/v2\/users\/2"}],"replies":[{"embeddable":true,"href":"https:\/\/senoticias.com.br\/se\/wp-json\/wp\/v2\/comments?post=108679"}],"version-history":[{"count":0,"href":"https:\/\/senoticias.com.br\/se\/wp-json\/wp\/v2\/posts\/108679\/revisions"}],"wp:attachment":[{"href":"https:\/\/senoticias.com.br\/se\/wp-json\/wp\/v2\/media?parent=108679"}],"wp:term":[{"taxonomy":"category","embeddable":true,"href":"https:\/\/senoticias.com.br\/se\/wp-json\/wp\/v2\/categories?post=108679"},{"taxonomy":"post_tag","embeddable":true,"href":"https:\/\/senoticias.com.br\/se\/wp-json\/wp\/v2\/tags?post=108679"}],"curies":[{"name":"wp","href":"https:\/\/api.w.org\/{rel}","templated":true}]}}