{"id":108658,"date":"2017-11-28T16:33:37","date_gmt":"2017-11-28T19:33:37","guid":{"rendered":"http:\/\/senoticias.com.br\/se\/?p=108658"},"modified":"2017-11-28T16:33:37","modified_gmt":"2017-11-28T19:33:37","slug":"justica-determina-que-smtt-reforme-abrigo-de-taxi-lotacao-no-centro","status":"publish","type":"post","link":"https:\/\/senoticias.com.br\/se\/justica-determina-que-smtt-reforme-abrigo-de-taxi-lotacao-no-centro\/","title":{"rendered":"Justi\u00e7a determina que SMTT reforme abrigo de t\u00e1xi lota\u00e7\u00e3o no Centro"},"content":{"rendered":"<p style=\"text-align: justify;\"><span style=\"color: #000000;\">Uma decis\u00e3o do juiz Marcos de Oliveira Pinto, da 12\u00aa Vara C\u00edvel, determina que a Superintend\u00eancia Municipal de Transporte e Tr\u00e2nsito de Aracaju (SMTT) interdite e reforme o abrigo de t\u00e1xi lota\u00e7\u00e3o localizado na Avenida Dr. Carlos Firpo, no Centro de Aracaju. A determina\u00e7\u00e3o atende ao pleito do Minist\u00e9rio P\u00fablico Estadual (MPE) feito em a\u00e7\u00e3o c\u00edvel p\u00fablica, ap\u00f3s an\u00e1lise de riscos de desabamento da estrutura.<\/span><\/p>\n<div id=\"attachment_108659\" style=\"width: 609px\" class=\"wp-caption aligncenter\"><a href=\"http:\/\/senoticias.com.br\/se\/wp-content\/uploads\/2017\/11\/abrigos.jpg\"><img loading=\"lazy\" decoding=\"async\" aria-describedby=\"caption-attachment-108659\" class=\"size-full wp-image-108659\" src=\"http:\/\/senoticias.com.br\/se\/wp-content\/uploads\/2017\/11\/abrigos-e1511897417822.jpg\" alt=\"Foto: Sheila Dias\" width=\"599\" height=\"399\" \/><\/a><p id=\"caption-attachment-108659\" class=\"wp-caption-text\">Foto: Sheila Dias<\/p><\/div>\n<p style=\"text-align: justify;\"><span style=\"color: #000000;\">A assessoria de comunica\u00e7\u00e3o da SMTT informou que parte da estrutura j\u00e1 havia sido retirada antes da decis\u00e3o e j\u00e1 est\u00e3o sendo reformadas. Apenas seis abrigos ainda est\u00e3o no local para garantir o conforto dos usu\u00e1rios e foi instalado um abrigo provis\u00f3rio.\u00a0<\/span><\/p>\n<p style=\"text-align: justify;\">\n<p style=\"text-align: justify;\"><a href=\"http:\/\/senoticias.com.br\/se\/wp-content\/uploads\/2017\/11\/Logomarca-fone-SE-4.jpg\"><img loading=\"lazy\" decoding=\"async\" class=\"size-full wp-image-108634 aligncenter\" src=\"http:\/\/senoticias.com.br\/se\/wp-content\/uploads\/2017\/11\/Logomarca-fone-SE-4.jpg\" alt=\"Logomarca fone SE\" width=\"599\" height=\"78\" srcset=\"https:\/\/senoticias.com.br\/se\/wp-content\/uploads\/2017\/11\/Logomarca-fone-SE-4.jpg 599w, https:\/\/senoticias.com.br\/se\/wp-content\/uploads\/2017\/11\/Logomarca-fone-SE-4-300x39.jpg 300w\" sizes=\"(max-width: 599px) 100vw, 599px\" \/><\/a><\/p>\n<p style=\"text-align: justify;\"><em><strong>Acompanhe tamb\u00e9m o SE Not\u00edcias no\u00a0<a href=\"https:\/\/twitter.com\/Senoticias\" target=\"_blank\">Twitter<\/a>,\u00a0<a href=\"https:\/\/www.facebook.com\/senoticias1\" target=\"_blank\">Facebook<\/a>\u00a0e no\u00a0<a href=\"https:\/\/www.instagram.com\/senoticias\/\" target=\"_blank\">Instagram<\/a><\/strong><\/em><\/p>\n<p style=\"text-align: justify;\">Da reda\u00e7\u00e3o do SE Not\u00edcias<\/p>\n<p style=\"text-align: justify;\">\n<p style=\"text-align: justify;\">\n","protected":false},"excerpt":{"rendered":"<p>Uma decis\u00e3o do juiz Marcos de Oliveira Pinto, da 12\u00aa Vara C\u00edvel, determina que a Superintend\u00eancia Municipal de Transporte e Tr\u00e2nsito de Aracaju (SMTT) interdite e reforme o abrigo de t\u00e1xi lota\u00e7\u00e3o localizado na Avenida Dr. Carlos Firpo, no Centro de Aracaju. A determina\u00e7\u00e3o atende ao pleito do Minist\u00e9rio P\u00fablico Estadual (MPE) feito em a\u00e7\u00e3o [&hellip;]<\/p>\n","protected":false},"author":2,"featured_media":0,"comment_status":"closed","ping_status":"closed","sticky":false,"template":"","format":"standard","meta":{"footnotes":""},"categories":[15,38],"tags":[4426,7359,339,5222,2799,2897,3108],"class_list":{"0":"post-108658","1":"post","2":"type-post","3":"status-publish","4":"format-standard","6":"category-destaques","7":"category-municipios","8":"tag-lotacao","9":"tag-abrigo","10":"tag-aracaju","11":"tag-centro","12":"tag-justica","13":"tag-reforma","14":"tag-taxi"},"_links":{"self":[{"href":"https:\/\/senoticias.com.br\/se\/wp-json\/wp\/v2\/posts\/108658"}],"collection":[{"href":"https:\/\/senoticias.com.br\/se\/wp-json\/wp\/v2\/posts"}],"about":[{"href":"https:\/\/senoticias.com.br\/se\/wp-json\/wp\/v2\/types\/post"}],"author":[{"embeddable":true,"href":"https:\/\/senoticias.com.br\/se\/wp-json\/wp\/v2\/users\/2"}],"replies":[{"embeddable":true,"href":"https:\/\/senoticias.com.br\/se\/wp-json\/wp\/v2\/comments?post=108658"}],"version-history":[{"count":0,"href":"https:\/\/senoticias.com.br\/se\/wp-json\/wp\/v2\/posts\/108658\/revisions"}],"wp:attachment":[{"href":"https:\/\/senoticias.com.br\/se\/wp-json\/wp\/v2\/media?parent=108658"}],"wp:term":[{"taxonomy":"category","embeddable":true,"href":"https:\/\/senoticias.com.br\/se\/wp-json\/wp\/v2\/categories?post=108658"},{"taxonomy":"post_tag","embeddable":true,"href":"https:\/\/senoticias.com.br\/se\/wp-json\/wp\/v2\/tags?post=108658"}],"curies":[{"name":"wp","href":"https:\/\/api.w.org\/{rel}","templated":true}]}}