{"id":108608,"date":"2017-11-27T16:14:47","date_gmt":"2017-11-27T19:14:47","guid":{"rendered":"http:\/\/senoticias.com.br\/se\/?p=108608"},"modified":"2017-11-27T16:18:58","modified_gmt":"2017-11-27T19:18:58","slug":"nat-insere-892-sergipanos-no-mercado-de-trabalho","status":"publish","type":"post","link":"https:\/\/senoticias.com.br\/se\/nat-insere-892-sergipanos-no-mercado-de-trabalho\/","title":{"rendered":"NAT insere 892 sergipanos no mercado de trabalho"},"content":{"rendered":"<p style=\"text-align: justify;\">De janeiro a outubro deste ano, o N\u00facleo de Apoio ao Trabalho (NAT) colocou 892 pessoas em postos de trabalho &#8211; quase o dobro das coloca\u00e7\u00f5es de todo o ano de 2016, quando foi registrada a inser\u00e7\u00e3o de 453 sergipanos. Importante instrumento que auxilia os desempregados sergipanos no seu recome\u00e7o profissional e \u00e0queles que buscam a primeira oportunidade, o NAT \u00e9 vinculado \u00e0 secretaria de Estado da Inclus\u00e3o Social (Seidh) e opera, em Sergipe, o Sistema Nacional de Emprego (SINE) do Minist\u00e9rio do Trabalho. Dessa forma, atua na capta\u00e7\u00e3o de vagas e realiza a intermedia\u00e7\u00e3o de m\u00e3o de obra entre empregadores e candidatos, contribuindo para a sua inser\u00e7\u00e3o no mercado de trabalho.<\/p>\n<div id=\"attachment_108609\" style=\"width: 609px\" class=\"wp-caption aligncenter\"><a href=\"http:\/\/senoticias.com.br\/se\/wp-content\/uploads\/2017\/11\/10a29b5327743242b3a7ab8b7165f080-e1511810201423.jpg\"><img loading=\"lazy\" decoding=\"async\" aria-describedby=\"caption-attachment-108609\" class=\"size-full wp-image-108609\" src=\"http:\/\/senoticias.com.br\/se\/wp-content\/uploads\/2017\/11\/10a29b5327743242b3a7ab8b7165f080-e1511810201423.jpg\" alt=\"Ao longo deste ano, foram ofertadas 2.177 vagas atrav\u00e9s do SINE\/NAT, com o encaminhamento de 4.323 pessoas para processos seletivos\" width=\"599\" height=\"389\" \/><\/a><p id=\"caption-attachment-108609\" class=\"wp-caption-text\">Ao longo deste ano, foram ofertadas 2.177 vagas atrav\u00e9s do SINE\/NAT, com o encaminhamento de 4.323 pessoas para processos seletivos (foto ascom\/Seidh)<\/p><\/div>\n<p style=\"text-align: justify;\">Ao longo deste ano, foram ofertadas 2.177 vagas atrav\u00e9s do SINE\/NAT, com o encaminhamento de 4.323 pessoas para processos seletivos. \u201cEm meio \u00e0s dificuldades que o pa\u00eds enfrenta, especialmente no \u00e2mbito do desemprego, o NAT tem sido um grande mecanismo para fazer com que o cidad\u00e3o se recoloque no mercado. A prova disso \u00e9 a confian\u00e7a que as empresas t\u00eam pelo NAT, disponibilizando suas vagas. Sem d\u00favida, todo trabalho vem fazendo a diferen\u00e7a e contribuindo para a intermedia\u00e7\u00e3o da m\u00e3o de obra em Sergipe, em diversos segmentos\u201d, disse o secret\u00e1rio de Estado da Inclus\u00e3o, Zezinho Sobral.<\/p>\n<p style=\"text-align: justify;\">Na avalia\u00e7\u00e3o de Sandra Magna Rezende, coordenadora Estadual do Trabalho e Emprego da Seidh, os dados s\u00e3o bastante positivos. \u201cNem fechamos o ano e j\u00e1 conseguimos ultrapassar as inser\u00e7\u00f5es de 2016, praticamente dobrando o n\u00famero de pessoas que conseguiram uma vaga. Esse sucesso reflete o trabalho de conscientiza\u00e7\u00e3o e a dedica\u00e7\u00e3o que o NAT vem realizando\u201d, destacou. Ainda segundo ela, a informatiza\u00e7\u00e3o contribui para a agilidade do servi\u00e7o. \u201cDiante da confiabilidade que as empresas t\u00eam conosco, muitas vagas chegam por e-mail. Fazemos uma sele\u00e7\u00e3o criteriosa e s\u00f3 encaminhamos pessoas de acordo com o perfil solicitado, para que o empregador n\u00e3o perca tempo e receba o candidato pronto para a entrevista. O trabalho de monitoramento do NAT faz toda a diferen\u00e7a\u201d, detalhou.<\/p>\n<p style=\"text-align: justify;\"><strong>Cadastro e encaminhamento<\/strong><\/p>\n<p style=\"text-align: justify;\">Em Aracaju, os candidatos podem fazer o cadastro no NAT Matriz, localizado na sede da Seidh (<a href=\"https:\/\/maps.google.com\/?q=Rua+Santa+Luzia,+680&amp;entry=gmail&amp;source=g\">Rua Santa Luzia, 680<\/a>, bairro S\u00e3o Jos\u00e9); nas tr\u00eas unidades do Centro de Atendimento ao Cidad\u00e3o (CEAC RioMar, Rua do Turista ou Rodovi\u00e1ria Nova); ou no Espa\u00e7o Z\u00e9 Peixe (antigo Terminal Hidrovi\u00e1rio, no Centro da capital). No interior, o NAT atende nos munic\u00edpios de Boquim, Ne\u00f3polis, N. Sra. do Socorro, Sim\u00e3o Dias, Canind\u00e9 de S\u00e3o Francisco e Lagarto; al\u00e9m das a\u00e7\u00f5es itinerantes.<\/p>\n<p style=\"text-align: justify;\">O cidad\u00e3o ainda tem a facilidade de fazer o cadastro no portal\u00a0<a href=\"http:\/\/www.maisemprego.mte.gov.br\/\" target=\"_blank\" data-saferedirecturl=\"https:\/\/www.google.com\/url?hl=pt-BR&amp;q=http:\/\/www.maisemprego.mte.gov.br&amp;source=gmail&amp;ust=1511896207068000&amp;usg=AFQjCNHXpOEP77WPkGeigfj3XSa0pl_i4A\">www.maisemprego.mte.gov.br<\/a>. \u201cNessa plataforma, h\u00e1 milhares de pessoas cadastradas e o NAT faz a convoca\u00e7\u00e3o de acordo com a exig\u00eancia da empresa. Nossos profissionais filtram a pessoa e mant\u00e9m o contato. Mesmo se n\u00e3o atender a um perfil de uma determinada empresa, o candidato fica no banco de dados e, a qualquer momento, pode receber uma liga\u00e7\u00e3o nossa para outra sele\u00e7\u00e3o. O cadastro no site \u00e9 o ponto inicial, porque diariamente as vagas surgem\u201d, alertou.<\/p>\n<p style=\"text-align: justify;\">Neto Barros \u00e9 analista em Recursos Humanos de uma multinacional holandesa que atua em Sergipe e foi ao NAT para fazer a sele\u00e7\u00e3o de novo quadro profissional. Ap\u00f3s receber o encaminhamento dos curr\u00edculos, ele usou a estrutura do NAT\/Seidh para fazer as entrevistas. \u00a0\u201c\u00c9 a primeira vez que fazemos a parceria com o NAT e entendemos que este \u00e9 o local correto para chamar o candidato. Quando descrevemos a quantidade e o tipo da vaga, o servi\u00e7o nos d\u00e1 as refer\u00eancias dos profissionais que obedecem aos nossos crit\u00e9rios. Nossa estimativa \u00e9 conversar com 150 pessoas e contratar 70% delas. Estamos muito satisfeitos com o profissionalismo que o NAT tem\u201d, analisa.<\/p>\n<p style=\"text-align: justify;\">\n<p style=\"text-align: justify;\"><a href=\"http:\/\/senoticias.com.br\/se\/wp-content\/uploads\/2017\/11\/Logomarca-fone-SE-3.jpg\"><img loading=\"lazy\" decoding=\"async\" class=\"aligncenter size-full wp-image-108579\" src=\"http:\/\/senoticias.com.br\/se\/wp-content\/uploads\/2017\/11\/Logomarca-fone-SE-3.jpg\" alt=\"Logomarca fone SE\" width=\"599\" height=\"78\" srcset=\"https:\/\/senoticias.com.br\/se\/wp-content\/uploads\/2017\/11\/Logomarca-fone-SE-3.jpg 599w, https:\/\/senoticias.com.br\/se\/wp-content\/uploads\/2017\/11\/Logomarca-fone-SE-3-300x39.jpg 300w\" sizes=\"(max-width: 599px) 100vw, 599px\" \/><\/a><\/p>\n<p style=\"text-align: justify;\">\n<p style=\"text-align: justify;\"><em><strong>Acompanhe tamb\u00e9m o SE Not\u00edcias no\u00a0<a href=\"https:\/\/twitter.com\/Senoticias\" target=\"_blank\">Twitter<\/a>,\u00a0<a href=\"https:\/\/www.facebook.com\/senoticias1\" target=\"_blank\">Facebook<\/a>\u00a0e no\u00a0<a href=\"https:\/\/www.instagram.com\/senoticias\/\" target=\"_blank\">Instagram<\/a><\/strong><\/em><\/p>\n<p>Fotos:\u00a0Ascom\/ Seidh<\/p>\n","protected":false},"excerpt":{"rendered":"<p>De janeiro a outubro deste ano, o N\u00facleo de Apoio ao Trabalho (NAT) colocou 892 pessoas em postos de trabalho &#8211; quase o dobro das coloca\u00e7\u00f5es de todo o ano de 2016, quando foi registrada a inser\u00e7\u00e3o de 453 sergipanos. Importante instrumento que auxilia os desempregados sergipanos no seu recome\u00e7o profissional e \u00e0queles que buscam [&hellip;]<\/p>\n","protected":false},"author":2,"featured_media":108609,"comment_status":"closed","ping_status":"closed","sticky":false,"template":"","format":"standard","meta":{"footnotes":""},"categories":[6,1],"tags":[7324,2760,7325,7323,7326,6796],"class_list":{"0":"post-108608","1":"post","2":"type-post","3":"status-publish","4":"format-standard","5":"has-post-thumbnail","7":"category-politica","8":"category-sem-categoria","9":"tag-nucleo-de-apoio-ao-trabalho","10":"tag-seidh","11":"tag-sine","12":"tag-sinenat","13":"tag-sistema-nacional-de-emprego","14":"tag-zezinho-sobral"},"_links":{"self":[{"href":"https:\/\/senoticias.com.br\/se\/wp-json\/wp\/v2\/posts\/108608"}],"collection":[{"href":"https:\/\/senoticias.com.br\/se\/wp-json\/wp\/v2\/posts"}],"about":[{"href":"https:\/\/senoticias.com.br\/se\/wp-json\/wp\/v2\/types\/post"}],"author":[{"embeddable":true,"href":"https:\/\/senoticias.com.br\/se\/wp-json\/wp\/v2\/users\/2"}],"replies":[{"embeddable":true,"href":"https:\/\/senoticias.com.br\/se\/wp-json\/wp\/v2\/comments?post=108608"}],"version-history":[{"count":0,"href":"https:\/\/senoticias.com.br\/se\/wp-json\/wp\/v2\/posts\/108608\/revisions"}],"wp:featuredmedia":[{"embeddable":true,"href":"https:\/\/senoticias.com.br\/se\/wp-json\/wp\/v2\/media\/108609"}],"wp:attachment":[{"href":"https:\/\/senoticias.com.br\/se\/wp-json\/wp\/v2\/media?parent=108608"}],"wp:term":[{"taxonomy":"category","embeddable":true,"href":"https:\/\/senoticias.com.br\/se\/wp-json\/wp\/v2\/categories?post=108608"},{"taxonomy":"post_tag","embeddable":true,"href":"https:\/\/senoticias.com.br\/se\/wp-json\/wp\/v2\/tags?post=108608"}],"curies":[{"name":"wp","href":"https:\/\/api.w.org\/{rel}","templated":true}]}}