{"id":108571,"date":"2017-11-26T18:13:33","date_gmt":"2017-11-26T21:13:33","guid":{"rendered":"http:\/\/senoticias.com.br\/se\/?p=108571"},"modified":"2017-11-27T10:26:57","modified_gmt":"2017-11-27T13:26:57","slug":"vasco-supera-pressao-do-cruzeiro-e-vence-no-mineirao-confira-a-classificacao","status":"publish","type":"post","link":"https:\/\/senoticias.com.br\/se\/vasco-supera-pressao-do-cruzeiro-e-vence-no-mineirao-confira-a-classificacao\/","title":{"rendered":"Vasco supera press\u00e3o do Cruzeiro e vence no Mineir\u00e3o; confira a classifica\u00e7\u00e3o"},"content":{"rendered":"<p style=\"text-align: justify;\"><span style=\"color: #000000;\">O Vasco deu importante passo para chegar \u00e0 Copa Libertadores de 2018. Jogando com muita garra, o clube de S\u00e3o Janu\u00e1rio derrotou o Cruzeiro, no Mineir\u00e3o, neste domingo, pelo Campeonato Brasileiro. O \u00fanico gol da partida foi marcado pelo zagueiro Paul\u00e3o, de cabe\u00e7a, no primeiro tempo.<\/span><\/p>\n<div id=\"attachment_108572\" style=\"width: 609px\" class=\"wp-caption aligncenter\"><a href=\"http:\/\/senoticias.com.br\/se\/wp-content\/uploads\/2017\/11\/vasco-vence-SENOTICIAS-e1511730640943.jpg\"><img loading=\"lazy\" decoding=\"async\" aria-describedby=\"caption-attachment-108572\" class=\"size-full wp-image-108572\" src=\"http:\/\/senoticias.com.br\/se\/wp-content\/uploads\/2017\/11\/vasco-vence-SENOTICIAS-e1511730640943.jpg\" alt=\"Jogadores do Vasco comemoram o gol (foto: Carlos Greg\u00f3rio Jr\/ Vasco.com.br)\" width=\"599\" height=\"402\" \/><\/a><p id=\"caption-attachment-108572\" class=\"wp-caption-text\">Jogadores do Vasco comemoram o gol (foto: Carlos Greg\u00f3rio Jr\/ Vasco.com.br)<\/p><\/div>\n<p><strong>O JOGO<\/strong><\/p>\n<p style=\"text-align: justify;\"><span style=\"color: #000000;\">O Vasco aproveitou que o time mineiro entrou em campo com uma equipe muito modificada e esperou o advers\u00e1rio para sair em velocidade. Apesar da press\u00e3o cruzeirense, foi o Cruzmaltino que abriu o placar. Aos 20 minutos, ap\u00f3s cruzamento de Nen\u00ea no escanteio, o zagueiro Paul\u00e3o subiu mais alto e cabeceou para vencer Rafael.<\/span><\/p>\n<p style=\"text-align: justify;\"><span style=\"color: #000000;\">Depois disso, a press\u00e3o do Cruzeiro foi incr\u00edvel na primeira etapa e o empate s\u00f3 n\u00e3o saiu gra\u00e7as ao goleiro Mart\u00edn Silva e a boa presen\u00e7a da zaga nas finaliza\u00e7\u00f5es.<\/span><\/p>\n<p style=\"text-align: justify;\"><span style=\"color: #000000;\">No segundo tempo, Mart\u00edn Silva fez um milagre com os p\u00e9s ao defender uma bola de Arrascaeta dentro da \u00e1rea. Aos 30 foi a fez do Vasco perder grande chance. Pikachu recebeu livre e chutou para Romero tirar em cima da linha.<\/span><\/p>\n<p style=\"text-align: justify;\"><span style=\"color: #000000;\">O goleiro uruguaio do Vasco voltou a fazer defesas incr\u00edveis aos 36 e 37 minutos, deixando os cruzeirenses desesperados e garantindo os tr\u00eas pontos.<\/span><\/p>\n<p style=\"text-align: justify;\"><span style=\"color: #000000;\">Na \u00faltima rodada, o Vasco recebe a desesperada Ponte Preta em S\u00e3o Janu\u00e1rio. J\u00e1 o Cruzeiro visita o Botafogo no Engenh\u00e3o. Todos os jogos ser\u00e3o no pr\u00f3ximo domingo, \u00e0s 17h.<\/span><\/p>\n<p style=\"text-align: justify;\">Clique <a href=\"http:\/\/odia.ig.com.br\/esporte\/brasileirao\/\"><strong>AQUI<\/strong><\/a> e confira a classifica\u00e7\u00e3o<\/p>\n<p style=\"text-align: justify;\"><em><strong>Acompanhe tamb\u00e9m o SE Not\u00edcias no\u00a0<a href=\"https:\/\/twitter.com\/Senoticias\" target=\"_blank\">Twitter<\/a>,\u00a0<a href=\"https:\/\/www.facebook.com\/senoticias1\" target=\"_blank\">Facebook<\/a>\u00a0e no\u00a0<a href=\"https:\/\/www.instagram.com\/senoticias\/\" target=\"_blank\">Instagram<\/a>\u00a0<\/strong><\/em><\/p>\n<p style=\"text-align: justify;\"><a href=\"http:\/\/senoticias.com.br\/se\/wp-content\/uploads\/2017\/11\/Logomarca-fone-SE-2.jpg\"><img loading=\"lazy\" decoding=\"async\" class=\"aligncenter size-full wp-image-108520\" src=\"http:\/\/senoticias.com.br\/se\/wp-content\/uploads\/2017\/11\/Logomarca-fone-SE-2.jpg\" alt=\"Logomarca fone SE\" width=\"599\" height=\"78\" srcset=\"https:\/\/senoticias.com.br\/se\/wp-content\/uploads\/2017\/11\/Logomarca-fone-SE-2.jpg 599w, https:\/\/senoticias.com.br\/se\/wp-content\/uploads\/2017\/11\/Logomarca-fone-SE-2-300x39.jpg 300w\" sizes=\"(max-width: 599px) 100vw, 599px\" \/><\/a><\/p>\n<p style=\"text-align: justify;\"><em>Reda\u00e7\u00e3o<a href=\"http:\/\/odia.ig.com.br\/esporte\/vascodagama\/2017-11-26\/libertadores-e-logo-ali-vasco-supera-pressao-do-cruzeiro-e-vence-no-mineirao.html\"><strong> O Dia<\/strong><\/a><\/em><\/p>\n","protected":false},"excerpt":{"rendered":"<p>O Vasco deu importante passo para chegar \u00e0 Copa Libertadores de 2018. Jogando com muita garra, o clube de S\u00e3o Janu\u00e1rio derrotou o Cruzeiro, no Mineir\u00e3o, neste domingo, pelo Campeonato Brasileiro. O \u00fanico gol da partida foi marcado pelo zagueiro Paul\u00e3o, de cabe\u00e7a, no primeiro tempo. O JOGO O Vasco aproveitou que o time mineiro [&hellip;]<\/p>\n","protected":false},"author":2,"featured_media":108572,"comment_status":"closed","ping_status":"closed","sticky":false,"template":"","format":"standard","meta":{"footnotes":""},"categories":[26],"tags":[794,4461,6143,6145,433],"class_list":{"0":"post-108571","1":"post","2":"type-post","3":"status-publish","4":"format-standard","5":"has-post-thumbnail","7":"category-esportes","8":"tag-campeonato-brasileiro","9":"tag-classificacao","10":"tag-cruzeiro","11":"tag-mineirao","12":"tag-vasco"},"_links":{"self":[{"href":"https:\/\/senoticias.com.br\/se\/wp-json\/wp\/v2\/posts\/108571"}],"collection":[{"href":"https:\/\/senoticias.com.br\/se\/wp-json\/wp\/v2\/posts"}],"about":[{"href":"https:\/\/senoticias.com.br\/se\/wp-json\/wp\/v2\/types\/post"}],"author":[{"embeddable":true,"href":"https:\/\/senoticias.com.br\/se\/wp-json\/wp\/v2\/users\/2"}],"replies":[{"embeddable":true,"href":"https:\/\/senoticias.com.br\/se\/wp-json\/wp\/v2\/comments?post=108571"}],"version-history":[{"count":0,"href":"https:\/\/senoticias.com.br\/se\/wp-json\/wp\/v2\/posts\/108571\/revisions"}],"wp:featuredmedia":[{"embeddable":true,"href":"https:\/\/senoticias.com.br\/se\/wp-json\/wp\/v2\/media\/108572"}],"wp:attachment":[{"href":"https:\/\/senoticias.com.br\/se\/wp-json\/wp\/v2\/media?parent=108571"}],"wp:term":[{"taxonomy":"category","embeddable":true,"href":"https:\/\/senoticias.com.br\/se\/wp-json\/wp\/v2\/categories?post=108571"},{"taxonomy":"post_tag","embeddable":true,"href":"https:\/\/senoticias.com.br\/se\/wp-json\/wp\/v2\/tags?post=108571"}],"curies":[{"name":"wp","href":"https:\/\/api.w.org\/{rel}","templated":true}]}}