{"id":108566,"date":"2017-11-26T11:15:12","date_gmt":"2017-11-26T14:15:12","guid":{"rendered":"http:\/\/senoticias.com.br\/se\/?p=108566"},"modified":"2017-11-26T16:18:12","modified_gmt":"2017-11-26T19:18:12","slug":"jackson-discute-acoes-de-seguranca-para-o-parque-dos-falcoes","status":"publish","type":"post","link":"https:\/\/senoticias.com.br\/se\/jackson-discute-acoes-de-seguranca-para-o-parque-dos-falcoes\/","title":{"rendered":"Governador discute a\u00e7\u00f5es de seguran\u00e7a para o Parque dos Falc\u00f5es"},"content":{"rendered":"<p style=\"text-align: justify;\"><span style=\"color: #000000;\">O governador Jackson Barreto esteve em Itabaiana na \u00faltima sexta-feira, 24, em visita ao Parque dos Falc\u00f5es. A inten\u00e7\u00e3o da viagem foi a de conversar com a equipe da entidade e com a comunidade do entorno sobre novas medidas de seguran\u00e7a, ouvindo suas reivindica\u00e7\u00f5es e discutindo as melhores estrat\u00e9gias de combate \u00e0 criminalidade na regi\u00e3o. Para tanto, o governador esteve acompanhado do comandante da Pol\u00edcia Militar do Estado de Sergipe, coronel Marcony Cabral, e do comandante do 3\u00ba Batalh\u00e3o de Pol\u00edcia Militar, major Sidney Barbosa.<\/span><\/p>\n<p style=\"text-align: justify;\"><span style=\"color: #000000;\">A visita teve o objetivo, ainda, de manifestar a solidariedade do Governo de Sergipe ao fundador do Parque, Jos\u00e9 Perc\u00edlio Mendon\u00e7a Costa, ap\u00f3s o epis\u00f3dio de invas\u00e3o e assalto sofrido no \u00faltimo dia 12 de novembro. Nesse sentido, os esfor\u00e7os da Secretaria de Seguran\u00e7a P\u00fablica (SSP) e da Pol\u00edcia Militar garantiram a r\u00e1pida identifica\u00e7\u00e3o dos criminosos e a mobiliza\u00e7\u00e3o em torno de sua captura e apreens\u00e3o.<\/span><\/p>\n<div id=\"attachment_108567\" style=\"width: 609px\" class=\"wp-caption aligncenter\"><a href=\"http:\/\/senoticias.com.br\/se\/wp-content\/uploads\/2017\/11\/jackson-no-parque-SENOTICIAS-e1511705695614.jpeg\"><img loading=\"lazy\" decoding=\"async\" aria-describedby=\"caption-attachment-108567\" class=\"size-full wp-image-108567\" src=\"http:\/\/senoticias.com.br\/se\/wp-content\/uploads\/2017\/11\/jackson-no-parque-SENOTICIAS-e1511705695614.jpeg\" alt=\"Foto: ASN\" width=\"599\" height=\"428\" \/><\/a><p id=\"caption-attachment-108567\" class=\"wp-caption-text\">Governador e com nadante da Pol\u00edcia Militar visitam o Parque dos Falc\u00f5es (foto: Jorge Henrique\/ASN)<\/p><\/div>\n<p style=\"text-align: justify;\"><span style=\"color: #000000;\">Na oportunidade, Jackson assegurou a Perc\u00edlio e a toda a comunidade que o governo j\u00e1 est\u00e1 articulado para definir medidas de prote\u00e7\u00e3o ao local. \u201cViemos aqui n\u00e3o apenas para mostrar solidariedade a Perc\u00edlio, mas para dizer que estamos buscando uma participa\u00e7\u00e3o mais efetiva do ponto de vista da seguran\u00e7a no Parque dos Falc\u00f5es. Aqui foram apresentadas v\u00e1rias sugest\u00f5es pela OAB de Itabaiana, pelos moradores da vizinhan\u00e7a, e o comandante da Pol\u00edcia Militar est\u00e1 analisando todas elas. \u00c9 bom que se diga de forma objetiva que uma decis\u00e3o ir\u00e1 ser tomada pelo comandante no sentido de proteger n\u00e3o s\u00f3 o Parque, mas toda a comunidade da regi\u00e3o\u201d, disse.<\/span><\/p>\n<p style=\"text-align: justify;\"><span style=\"color: #000000;\">O governador tamb\u00e9m destacou as medidas que vem sendo empreendidas pelo Governo de Sergipe no sentido de ampliar e fortalecer a Seguran\u00e7a P\u00fablica no Estado, a exemplo do concurso da Pol\u00edcia Militar; dos investimentos em equipamentos, muni\u00e7\u00f5es e ve\u00edculos; do refor\u00e7o \u00e0 Per\u00edcia e da implanta\u00e7\u00e3o do sistema de comunica\u00e7\u00e3o digital.<\/span><\/p>\n<p style=\"text-align: justify;\"><span style=\"color: #000000;\">No decorrer da visita, Perc\u00edlio Mendon\u00e7a guiou o governador e seus acompanhantes pelas instala\u00e7\u00f5es da entidade, mostrando as aves e apresentando suas peculiaridades. O fundador do Parque salientou a import\u00e2ncia do trabalho ali desenvolvido para Sergipe e para o Brasil. \u201cSe eu n\u00e3o acolher essas aves, elas s\u00e3o sacrificadas. N\u00f3s recebemos aves do Brasil todo, mas o alimento e o cuidado somos n\u00f3s mesmos quem damos. As aves que nascem em cativeiro podem ser do Parque, mas a maioria \u00e9 da Na\u00e7\u00e3o\u201d, registrou.<\/span><\/p>\n<p style=\"text-align: justify;\"><span style=\"color: #000000;\">O representante da Ordem dos Advogados do Brasil (OAB\/SE), advogado Ant\u00f4nio Novais Filho, sugeriu medidas de seguran\u00e7a e fez um apelo para que haja celeridade em rela\u00e7\u00e3o \u00e0s novas medidas de seguran\u00e7a. \u201cO Parque dos Falc\u00f5es recebe aves machucadas e mutiladas do Brasil inteiro, que n\u00e3o despertam interesse de nenhum zool\u00f3gico, e ainda tem o \u00f4nus de alimentar, cuidar e prestar esclarecimentos a respeito dos animais. Em contrapartida, n\u00e3o tem o m\u00ednimo, que \u00e9 a seguran\u00e7a. O Parque n\u00e3o recebe recurso, vive \u00fanica e exclusivamente do turismo. Ent\u00e3o, o Parque est\u00e1 de m\u00e3os atadas, porque sem seguran\u00e7a at\u00e9 mesmo seu funcionamento resta prejudicado. Esperamos que o governador possa trazer medidas efetivas, para que essa situa\u00e7\u00e3o seja resolvida o mais breve poss\u00edvel\u201d, comentou.<\/span><\/p>\n<p style=\"text-align: justify;\"><span style=\"color: #000000;\">O comandante Marcony Cabral reafirmou que as for\u00e7as de seguran\u00e7a do Estado enst\u00e3o empenhadas em proteger o Parque dos Falc\u00f5es e suas proximidades. \u201cEste \u00e9 um ambiente de preserva\u00e7\u00e3o que precisa ser protegido. As pessoas que trabalham aqui est\u00e3o sempre divulgando o nome do Estado de Sergipe al\u00e9m fronteiras. Ent\u00e3o, v\u00e1rias sugest\u00f5es foram dadas. J\u00e1 estamos aqui com o Pelot\u00e3o Ambiental e com o Batalh\u00e3o de Itabaiana, e vamos ampliar isso para que as pessoas possam cada vez mais vir visitar o Parque dos Falc\u00f5es e se sentir seguras nesse local\u201d, refor\u00e7ou.<\/span><\/p>\n<p style=\"text-align: justify;\"><span style=\"color: #000000;\"><strong>Parque dos Falc\u00f5es<\/strong><\/span><\/p>\n<p style=\"text-align: justify;\"><span style=\"color: #000000;\">O Parque dos Falc\u00f5es \u00e9 uma organiza\u00e7\u00e3o de prote\u00e7\u00e3o e acolhimento de aves de rapina, que trabalha no resgate e recupera\u00e7\u00e3o de animais desde 1999. A fim de conscientizar as pessoas da import\u00e2ncia da preserva\u00e7\u00e3o da vida animal selvagem, o Parque foi inserido no roteiro ecotur\u00edstico sergipano e \u00e9 conhecido mundialmente.<\/span><\/p>\n<p style=\"text-align: justify;\"><a href=\"http:\/\/senoticias.com.br\/se\/wp-content\/uploads\/2017\/11\/Logomarca-fone-SE-2.jpg\"><img loading=\"lazy\" decoding=\"async\" class=\"aligncenter size-full wp-image-108520\" src=\"http:\/\/senoticias.com.br\/se\/wp-content\/uploads\/2017\/11\/Logomarca-fone-SE-2.jpg\" alt=\"Logomarca fone SE\" width=\"599\" height=\"78\" srcset=\"https:\/\/senoticias.com.br\/se\/wp-content\/uploads\/2017\/11\/Logomarca-fone-SE-2.jpg 599w, https:\/\/senoticias.com.br\/se\/wp-content\/uploads\/2017\/11\/Logomarca-fone-SE-2-300x39.jpg 300w\" sizes=\"(max-width: 599px) 100vw, 599px\" \/><\/a><\/p>\n<p style=\"text-align: justify;\"><em><strong>Acompanhe tamb\u00e9m o SE Not\u00edcias no\u00a0<a href=\"https:\/\/twitter.com\/Senoticias\" target=\"_blank\">Twitter<\/a>,\u00a0<a href=\"https:\/\/www.facebook.com\/senoticias1\" target=\"_blank\">Facebook<\/a>\u00a0e no\u00a0<a href=\"https:\/\/www.instagram.com\/senoticias\/\" target=\"_blank\">Instagram<\/a>\u00a0<\/strong><\/em><\/p>\n<p style=\"text-align: justify;\">Por ASN<\/p>\n","protected":false},"excerpt":{"rendered":"<p>O governador Jackson Barreto esteve em Itabaiana na \u00faltima sexta-feira, 24, em visita ao Parque dos Falc\u00f5es. A inten\u00e7\u00e3o da viagem foi a de conversar com a equipe da entidade e com a comunidade do entorno sobre novas medidas de seguran\u00e7a, ouvindo suas reivindica\u00e7\u00f5es e discutindo as melhores estrat\u00e9gias de combate \u00e0 criminalidade na regi\u00e3o. [&hellip;]<\/p>\n","protected":false},"author":2,"featured_media":0,"comment_status":"closed","ping_status":"closed","sticky":false,"template":"","format":"standard","meta":{"footnotes":""},"categories":[15],"tags":[236,5989,7308,1303],"class_list":{"0":"post-108566","1":"post","2":"type-post","3":"status-publish","4":"format-standard","6":"category-destaques","7":"tag-itabaiana","8":"tag-jacksonbarreto","9":"tag-parquedosfalcoes","10":"tag-policia"},"_links":{"self":[{"href":"https:\/\/senoticias.com.br\/se\/wp-json\/wp\/v2\/posts\/108566"}],"collection":[{"href":"https:\/\/senoticias.com.br\/se\/wp-json\/wp\/v2\/posts"}],"about":[{"href":"https:\/\/senoticias.com.br\/se\/wp-json\/wp\/v2\/types\/post"}],"author":[{"embeddable":true,"href":"https:\/\/senoticias.com.br\/se\/wp-json\/wp\/v2\/users\/2"}],"replies":[{"embeddable":true,"href":"https:\/\/senoticias.com.br\/se\/wp-json\/wp\/v2\/comments?post=108566"}],"version-history":[{"count":0,"href":"https:\/\/senoticias.com.br\/se\/wp-json\/wp\/v2\/posts\/108566\/revisions"}],"wp:attachment":[{"href":"https:\/\/senoticias.com.br\/se\/wp-json\/wp\/v2\/media?parent=108566"}],"wp:term":[{"taxonomy":"category","embeddable":true,"href":"https:\/\/senoticias.com.br\/se\/wp-json\/wp\/v2\/categories?post=108566"},{"taxonomy":"post_tag","embeddable":true,"href":"https:\/\/senoticias.com.br\/se\/wp-json\/wp\/v2\/tags?post=108566"}],"curies":[{"name":"wp","href":"https:\/\/api.w.org\/{rel}","templated":true}]}}