{"id":108542,"date":"2017-11-24T14:55:14","date_gmt":"2017-11-24T17:55:14","guid":{"rendered":"http:\/\/senoticias.com.br\/se\/?p=108542"},"modified":"2017-11-24T14:55:14","modified_gmt":"2017-11-24T17:55:14","slug":"belivaldo-recebe-titulo-de-cidadao-gloriense","status":"publish","type":"post","link":"https:\/\/senoticias.com.br\/se\/belivaldo-recebe-titulo-de-cidadao-gloriense\/","title":{"rendered":"Belivaldo recebe t\u00edtulo de cidad\u00e3o gloriense"},"content":{"rendered":"<p style=\"text-align: justify;\"><span style=\"color: #000000;\">Na noite desta quinta-feira, 23, o vice-governador Belivaldo Chagas marcou presen\u00e7a no Plen\u00e1rio da C\u00e2mara de Vereadores de Nossa Senhora da Gl\u00f3ria para receber o t\u00edtulo de Cidad\u00e3o Gloriense. A homenagem \u00e9 concedida a pessoas p\u00fablicas que prestaram grandes servi\u00e7os \u00e0 comunidade do munic\u00edpio, com trabalho amplamente reconhecido.<\/span><\/p>\n<div id=\"attachment_108543\" style=\"width: 609px\" class=\"wp-caption aligncenter\"><a href=\"http:\/\/senoticias.com.br\/se\/wp-content\/uploads\/2017\/11\/belivaldo-SENOTICIAS-e1511546073209.jpeg\"><img loading=\"lazy\" decoding=\"async\" aria-describedby=\"caption-attachment-108543\" class=\"size-full wp-image-108543\" src=\"http:\/\/senoticias.com.br\/se\/wp-content\/uploads\/2017\/11\/belivaldo-SENOTICIAS-e1511546073209.jpeg\" alt=\"Belivaldo recebe t\u00edtulo de cidad\u00e3o gloriense \/ Fotos: Victor Ribeiro \/ ASN\" width=\"599\" height=\"399\" \/><\/a><p id=\"caption-attachment-108543\" class=\"wp-caption-text\">Belivaldo recebe t\u00edtulo de cidad\u00e3o gloriense \/ Fotos: Victor Ribeiro \/ ASN<\/p><\/div>\n<p style=\"text-align: justify;\"><span style=\"color: #000000;\">A iniciativa da entrega do t\u00edtulo partiu do vereador Luiz Carlos de Almeida (Gaguinho) e foi aprovada por unanimidade pelos demais parlamentares. Al\u00e9m de Belivaldo, o deputado Estadual Jairo Santana (Jairo de Gl\u00f3ria), o deputado Federal Pastor Jony Marcos e o juiz de direito S\u00e9rgio Lucas, entre outras personalidades, foram homenageados com a cidadania gloriense. O evento concedeu ainda a medalha do m\u00e9rito legislativo a outras figuras not\u00e1veis no munic\u00edpio.<\/span><\/p>\n<p style=\"text-align: justify;\"><span style=\"color: #000000;\">Durante a cerim\u00f4nia, o vice-governador destacou a relev\u00e2ncia da comunidade gloriense em sua trajet\u00f3ria pol\u00edtica. \u201cA minha responsabilidade s\u00f3 aumenta com um t\u00edtulo como esse. Algu\u00e9m pode perguntar por que um t\u00edtulo desse para mim e o que eu fiz por Gl\u00f3ria. Devo dizer que realmente n\u00e3o sei o que fiz, mas sei que Gl\u00f3ria tem feito muito por mim. Em minha primeira elei\u00e7\u00e3o, em 1990, fui o deputado mais votado do Sert\u00e3o e um dos mais votados em Gl\u00f3ria. Talvez a vota\u00e7\u00e3o que tive tenha sido fruto da minha dedica\u00e7\u00e3o ao munic\u00edpio j\u00e1 naquela \u00e9poca. \u00c0s vezes, a gente n\u00e3o faz de forma direta, mas faz de forma indireta quando trabalha com as portas abertas, recebendo as reivindica\u00e7\u00f5es daqueles que se preocupam com Gl\u00f3ria, e assim eu tenho agido. Ser hoje um filho de Gl\u00f3ria vai fazer com que eu esteja cada vez mais presente, atento e grato a esse munic\u00edpio que tem crescido e que tem sido um exemplo para Sergipe\u201d, disse.<\/span><\/p>\n<p style=\"text-align: justify;\"><span style=\"color: #000000;\">O prefeito de Nossa Senhora da Gl\u00f3ria, Francisco Carlos Nogueira Nascimento (Chico do Correio), afirmou ser motivo de orgulho para os filhos do munic\u00edpio ter Belivaldo como conterr\u00e2neo. \u201cO povo de Gl\u00f3ria est\u00e1 extremamente honrado em receber Belivaldo e t\u00ea-lo a partir de hoje como cidad\u00e3o gloriense, companheiro e amigo. A gente fica feliz em saber que n\u00f3s teremos, al\u00e9m desse grande vice-governador, que tem atuado e trabalhado tanto pelo Estado de Sergipe, pelo Sert\u00e3o e por Nossa Senhora da Gl\u00f3ria, tamb\u00e9m um cidad\u00e3o gloriense, n\u00e3o muito diferente de n\u00f3s\u201d, salientou.<\/span><\/p>\n<p style=\"text-align: justify;\"><span style=\"color: #000000;\">A presidente da C\u00e2mara de Vereadores de Nossa Senhora da Gl\u00f3ria, Ivaneide Lima Farias Dantas (Vaneide de Nivaldo da Feirinha), registrou que a cidadania gloriense traz consigo o dever de engrandecimento da cidade. \u201cEsperamos que os direitos daqueles que recebem hoje a cidadania gloriense sejam respeitados como se fossem um de n\u00f3s, filhos aut\u00eanticos dessa terra, que com gestos e a\u00e7\u00f5es ajudam a desenvolver social, econ\u00f4mica, pol\u00edtica, religiosa, esportiva e culturalmente o nosso munic\u00edpio. \u00c9 uma honra receb\u00ea-los como glorienses, filhos acolhidos por esta terra sagrada\u201d, pontuou.<\/span><\/p>\n<p style=\"text-align: justify;\">\n<p style=\"text-align: justify;\"><a href=\"http:\/\/senoticias.com.br\/se\/wp-content\/uploads\/2017\/11\/Logomarca-fone-SE-2.jpg\"><img loading=\"lazy\" decoding=\"async\" class=\"aligncenter size-full wp-image-108520\" src=\"http:\/\/senoticias.com.br\/se\/wp-content\/uploads\/2017\/11\/Logomarca-fone-SE-2.jpg\" alt=\"Logomarca fone SE\" width=\"599\" height=\"78\" srcset=\"https:\/\/senoticias.com.br\/se\/wp-content\/uploads\/2017\/11\/Logomarca-fone-SE-2.jpg 599w, https:\/\/senoticias.com.br\/se\/wp-content\/uploads\/2017\/11\/Logomarca-fone-SE-2-300x39.jpg 300w\" sizes=\"(max-width: 599px) 100vw, 599px\" \/><\/a><\/p>\n<p style=\"text-align: justify;\"><em><strong>Acompanhe tamb\u00e9m o SE Not\u00edcias no\u00a0<a href=\"https:\/\/twitter.com\/Senoticias\" target=\"_blank\">Twitter<\/a>,\u00a0<a href=\"https:\/\/www.facebook.com\/senoticias1\" target=\"_blank\">Facebook<\/a>\u00a0e no\u00a0<a href=\"https:\/\/www.instagram.com\/senoticias\/\" target=\"_blank\">Instagram<\/a>\u00a0<\/strong><\/em><\/p>\n<p style=\"text-align: justify;\">Por ASN<\/p>\n","protected":false},"excerpt":{"rendered":"<p>Na noite desta quinta-feira, 23, o vice-governador Belivaldo Chagas marcou presen\u00e7a no Plen\u00e1rio da C\u00e2mara de Vereadores de Nossa Senhora da Gl\u00f3ria para receber o t\u00edtulo de Cidad\u00e3o Gloriense. A homenagem \u00e9 concedida a pessoas p\u00fablicas que prestaram grandes servi\u00e7os \u00e0 comunidade do munic\u00edpio, com trabalho amplamente reconhecido. A iniciativa da entrega do t\u00edtulo partiu [&hellip;]<\/p>\n","protected":false},"author":2,"featured_media":0,"comment_status":"closed","ping_status":"closed","sticky":false,"template":"","format":"standard","meta":{"footnotes":""},"categories":[15,6],"tags":[3565,7287,7288,2748,7289,2168,223,7290],"class_list":{"0":"post-108542","1":"post","2":"type-post","3":"status-publish","4":"format-standard","6":"category-destaques","7":"category-politica","8":"tag-belivaldo","9":"tag-cidadao","10":"tag-gloriense","11":"tag-governador","12":"tag-nossasenhoradagloria","13":"tag-politica","14":"tag-sergipe","15":"tag-vice"},"_links":{"self":[{"href":"https:\/\/senoticias.com.br\/se\/wp-json\/wp\/v2\/posts\/108542"}],"collection":[{"href":"https:\/\/senoticias.com.br\/se\/wp-json\/wp\/v2\/posts"}],"about":[{"href":"https:\/\/senoticias.com.br\/se\/wp-json\/wp\/v2\/types\/post"}],"author":[{"embeddable":true,"href":"https:\/\/senoticias.com.br\/se\/wp-json\/wp\/v2\/users\/2"}],"replies":[{"embeddable":true,"href":"https:\/\/senoticias.com.br\/se\/wp-json\/wp\/v2\/comments?post=108542"}],"version-history":[{"count":0,"href":"https:\/\/senoticias.com.br\/se\/wp-json\/wp\/v2\/posts\/108542\/revisions"}],"wp:attachment":[{"href":"https:\/\/senoticias.com.br\/se\/wp-json\/wp\/v2\/media?parent=108542"}],"wp:term":[{"taxonomy":"category","embeddable":true,"href":"https:\/\/senoticias.com.br\/se\/wp-json\/wp\/v2\/categories?post=108542"},{"taxonomy":"post_tag","embeddable":true,"href":"https:\/\/senoticias.com.br\/se\/wp-json\/wp\/v2\/tags?post=108542"}],"curies":[{"name":"wp","href":"https:\/\/api.w.org\/{rel}","templated":true}]}}