{"id":108541,"date":"2017-11-24T14:29:07","date_gmt":"2017-11-24T17:29:07","guid":{"rendered":"http:\/\/senoticias.com.br\/se\/?p=108541"},"modified":"2017-11-24T20:02:33","modified_gmt":"2017-11-24T23:02:33","slug":"temer-fara-exames-no-hospital-sirio-libanes-em-sao-paulo","status":"publish","type":"post","link":"https:\/\/senoticias.com.br\/se\/temer-fara-exames-no-hospital-sirio-libanes-em-sao-paulo\/","title":{"rendered":"Temer far\u00e1 exames no Hospital S\u00edrio-Liban\u00eas em S\u00e3o Paulo"},"content":{"rendered":"<p style=\"text-align: justify;\"><span style=\"color: #000000;\">O presidente da Rep\u00fablica, Michel Temer, viaja nesta sexta-feira (24) para S\u00e3o Paulo onde far\u00e1, no Hospital S\u00edrio-Liban\u00eas, uma revis\u00e3o da cirurgia a que foi submetido, no \u00faltimo dia 27, na pr\u00f3stata. O procedimento foi necess\u00e1rio para desobstru\u00e7\u00e3o do canal uretal.<\/span><\/p>\n<div id=\"attachment_103306\" style=\"width: 609px\" class=\"wp-caption aligncenter\"><a href=\"http:\/\/senoticias.com.br\/se\/wp-content\/uploads\/2017\/05\/1494623514_463281_1494623696_noticia_normal-e1495132383996.jpg\"><img loading=\"lazy\" decoding=\"async\" aria-describedby=\"caption-attachment-103306\" class=\"size-full wp-image-103306\" src=\"http:\/\/senoticias.com.br\/se\/wp-content\/uploads\/2017\/05\/1494623514_463281_1494623696_noticia_normal-e1495132383996.jpg\" alt=\"Foto: R7\" width=\"599\" height=\"336\" \/><\/a><p id=\"caption-attachment-103306\" class=\"wp-caption-text\">Foto: R7<\/p><\/div>\n<p style=\"text-align: justify;\"><span style=\"color: #000000;\">A expectativa \u00e9 de que Temer tamb\u00e9m fa\u00e7a novos exames para avaliar a necessidade ou n\u00e3o de realiza\u00e7\u00e3o de um cateterismo. O motivo \u00e9 uma obstru\u00e7\u00e3o parcial em uma art\u00e9ria coronariana, que foi revelada no in\u00edcio de outubro \u2014 e confirmada, \u00e0 \u00e9poca, por seus m\u00e9dicos.<\/span><\/p>\n<p style=\"text-align: justify;\"><span style=\"color: #000000;\">O \u00fanico compromisso oficial registrado na agenda do presidente nesta sexta-feira (24) \u00e9 uma reuni\u00e3o com o ministro das Rela\u00e7\u00f5es Exteriores do M\u00e9xico, Luis Videgaray, pela manh\u00e3.<\/span><\/p>\n<p style=\"text-align: justify;\"><a href=\"http:\/\/senoticias.com.br\/se\/wp-content\/uploads\/2017\/11\/Logomarca-fone-SE-2.jpg\"><img loading=\"lazy\" decoding=\"async\" class=\"aligncenter size-full wp-image-108520\" src=\"http:\/\/senoticias.com.br\/se\/wp-content\/uploads\/2017\/11\/Logomarca-fone-SE-2.jpg\" alt=\"Logomarca fone SE\" width=\"599\" height=\"78\" srcset=\"https:\/\/senoticias.com.br\/se\/wp-content\/uploads\/2017\/11\/Logomarca-fone-SE-2.jpg 599w, https:\/\/senoticias.com.br\/se\/wp-content\/uploads\/2017\/11\/Logomarca-fone-SE-2-300x39.jpg 300w\" sizes=\"(max-width: 599px) 100vw, 599px\" \/><\/a><\/p>\n<p style=\"text-align: justify;\"><em><strong>Acompanhe tamb\u00e9m o SE Not\u00edcias no\u00a0<a href=\"https:\/\/twitter.com\/Senoticias\" target=\"_blank\">Twitter<\/a>,\u00a0<a href=\"https:\/\/www.facebook.com\/senoticias1\" target=\"_blank\">Facebook<\/a>\u00a0e no\u00a0<a href=\"https:\/\/www.instagram.com\/senoticias\/\" target=\"_blank\">Instagram<\/a>\u00a0<\/strong><\/em><\/p>\n<p style=\"text-align: justify;\">Por Ag\u00eancia Brasil<\/p>\n","protected":false},"excerpt":{"rendered":"<p>O presidente da Rep\u00fablica, Michel Temer, viaja nesta sexta-feira (24) para S\u00e3o Paulo onde far\u00e1, no Hospital S\u00edrio-Liban\u00eas, uma revis\u00e3o da cirurgia a que foi submetido, no \u00faltimo dia 27, na pr\u00f3stata. O procedimento foi necess\u00e1rio para desobstru\u00e7\u00e3o do canal uretal. A expectativa \u00e9 de que Temer tamb\u00e9m fa\u00e7a novos exames para avaliar a necessidade [&hellip;]<\/p>\n","protected":false},"author":2,"featured_media":0,"comment_status":"closed","ping_status":"closed","sticky":false,"template":"","format":"standard","meta":{"footnotes":""},"categories":[6],"tags":[2974,2168,2782,4256,7286,637],"class_list":{"0":"post-108541","1":"post","2":"type-post","3":"status-publish","4":"format-standard","6":"category-politica","7":"tag-hospital","8":"tag-politica","9":"tag-presidente","10":"tag-saopaulo","11":"tag-siriolibanes","12":"tag-temer"},"_links":{"self":[{"href":"https:\/\/senoticias.com.br\/se\/wp-json\/wp\/v2\/posts\/108541"}],"collection":[{"href":"https:\/\/senoticias.com.br\/se\/wp-json\/wp\/v2\/posts"}],"about":[{"href":"https:\/\/senoticias.com.br\/se\/wp-json\/wp\/v2\/types\/post"}],"author":[{"embeddable":true,"href":"https:\/\/senoticias.com.br\/se\/wp-json\/wp\/v2\/users\/2"}],"replies":[{"embeddable":true,"href":"https:\/\/senoticias.com.br\/se\/wp-json\/wp\/v2\/comments?post=108541"}],"version-history":[{"count":0,"href":"https:\/\/senoticias.com.br\/se\/wp-json\/wp\/v2\/posts\/108541\/revisions"}],"wp:attachment":[{"href":"https:\/\/senoticias.com.br\/se\/wp-json\/wp\/v2\/media?parent=108541"}],"wp:term":[{"taxonomy":"category","embeddable":true,"href":"https:\/\/senoticias.com.br\/se\/wp-json\/wp\/v2\/categories?post=108541"},{"taxonomy":"post_tag","embeddable":true,"href":"https:\/\/senoticias.com.br\/se\/wp-json\/wp\/v2\/tags?post=108541"}],"curies":[{"name":"wp","href":"https:\/\/api.w.org\/{rel}","templated":true}]}}